{"id":155021,"date":"2010-12-22T20:34:13","date_gmt":"2010-12-22T20:34:13","guid":{"rendered":"http:\/\/diariodominicano.ddns.net\/?p=155021"},"modified":"2010-12-22T20:34:13","modified_gmt":"2010-12-22T20:34:13","slug":"embajada-eeuu-solicita-confiscacion-propiedades-de-hombre-ligado-a-figueroa-agosto","status":"publish","type":"post","link":"https:\/\/diariodominicano.com\/?p=155021","title":{"rendered":"Embajada EEUU solicita confiscaci\u00f3n propiedades de hombre ligado a Figueroa Agosto"},"content":{"rendered":"<p><body><\/p>\n<p><img decoding=\"async\" src=\"http:\/\/localhost:8080\/justiciayderecho\/img3\/eud e.jpg\" \/>  <\/p>\n<\/p>\n<p><span class=\"text1noticias\">Santo Domingo, 22 Dic 2010.- La ajada de los Estados Unidos solicit\u00f3 la confiscaci\u00f3n de todos los bienes propiedad de Yuber Enrique M\u00e9ndez M\u00e9ndez, solicitado en extradici\u00f3n por ese pa\u00eds para que responda por los cargos de confabulaci\u00f3n con el narcotr\u00e1fico.<\/span><\/p>\n<\/p>\n<p><span class=\"text1noticias\">La solicitud de extradici\u00f3n y confiscaci\u00f3n de los bienes de M\u00e9ndez M\u00e9ndez fue hecha por los Estados Unidos el pasado 15 de diciembre, v\u00eda Canciller\u00eda, quien la remiti\u00f3 al Departamento de Extradici\u00f3n de la Procuradur\u00eda General de la Rep\u00fablica.<\/span><\/p>\n<\/p>\n<p><span class=\"text1noticias\">Las autoridades norteamericanas solicitan la confiscaci\u00f3n de los bienes, ya sean en ganancias y procedentes de los cr\u00edmenes y delitos, o que puedan ser material de evidencia para comprobar los delitos cometidos por el imputado en el narcotr\u00e1fico y lavado de activos.<\/span><\/p>\n<\/p>\n<p><span class=\"text1noticias\">La solicitud de extradici\u00f3n y decomiso de bienes, da a conocer que a M\u00e9ndez y M\u00e9ndez se le buscaba para ser juzgado en la Corte Distrital de los Estados Unidos, en Nueva York por confabulaci\u00f3n, ya que el 15 de junio del 2006 \u00e9ste fue acusado por un gran jurado federal en el Distrito Sur de esa ciudad, conforme al acta de acusaci\u00f3n n\u00famero 06CR506.<\/span><\/p>\n<\/p>\n<h6> 2010-12-22 20:34:13 <\/h6>\n<p><!--\n<link rel=\"stylesheet\" href=\"css\/bootstrap.min.css\">\n\n\n<ul class=\"pagination\">\n\t    \n\t\n\n<li >\n\t<a href='?page_no=30188'>Previous<\/a>\n\t<\/li>\n\n\n       \n    \n\n<li><a href='?page_no=1'>1<\/a><\/li>\n\n\n\n<li><a href='?page_no=2'>2<\/a><\/li>\n\n\n\n<li><a>...<\/a><\/li>\n\n\n\n<li><a href='?page_no=30187'>30187<\/a><\/li>\n\n\n\n<li><a href='?page_no=30188'>30188<\/a><\/li>\n\n\n\n<li class='active'><a>30189<\/a><\/li>\n\n\n\n<li><a href='?page_no=30190'>30190<\/a><\/li>\n\n\n\n<li><a href='?page_no=30191'>30191<\/a><\/li>\n\n\n\n<li><a>...<\/a><\/li>\n\n\n\n<li><a href='?page_no=31963'>31963<\/a><\/li>\n\n\n\n<li><a href='?page_no=31964'>31964<\/a><\/li>\n\n    \n\t\n\n<li >\n\t<a href='?page_no=30190'>Next<\/a>\n\t<\/li>\n\n\n    \n\n<li><a href='?page_no=31964'>Last &rsaquo;&rsaquo;<\/a><\/li>\n\n<\/ul>\n\n\n--><br \/>\n<\/body><\/p>\n","protected":false},"excerpt":{"rendered":"<p>Santo Domingo, 22 Dic 2010.- La ajada de los Estados Unidos solicit\u00f3 la confiscaci\u00f3n de todos los bienes propiedad de Yuber Enrique M\u00e9ndez M\u00e9ndez, solicitado en extradici\u00f3n por ese pa\u00eds para que responda por los cargos de confabulaci\u00f3n con el narcotr\u00e1fico. La solicitud de extradici\u00f3n y confiscaci\u00f3n de los bienes de M\u00e9ndez M\u00e9ndez fue hecha [&hellip;]<\/p>\n","protected":false},"author":3,"featured_media":0,"comment_status":"open","ping_status":"open","sticky":false,"template":"","format":"standard","meta":{"footnotes":""},"categories":[24],"tags":[],"class_list":["post-155021","post","type-post","status-publish","format-standard","hentry","category-justicia-y-derecho"],"_links":{"self":[{"href":"https:\/\/diariodominicano.com\/index.php?rest_route=\/wp\/v2\/posts\/155021","targetHints":{"allow":["GET"]}}],"collection":[{"href":"https:\/\/diariodominicano.com\/index.php?rest_route=\/wp\/v2\/posts"}],"about":[{"href":"https:\/\/diariodominicano.com\/index.php?rest_route=\/wp\/v2\/types\/post"}],"author":[{"embeddable":true,"href":"https:\/\/diariodominicano.com\/index.php?rest_route=\/wp\/v2\/users\/3"}],"replies":[{"embeddable":true,"href":"https:\/\/diariodominicano.com\/index.php?rest_route=%2Fwp%2Fv2%2Fcomments&post=155021"}],"version-history":[{"count":0,"href":"https:\/\/diariodominicano.com\/index.php?rest_route=\/wp\/v2\/posts\/155021\/revisions"}],"wp:attachment":[{"href":"https:\/\/diariodominicano.com\/index.php?rest_route=%2Fwp%2Fv2%2Fmedia&parent=155021"}],"wp:term":[{"taxonomy":"category","embeddable":true,"href":"https:\/\/diariodominicano.com\/index.php?rest_route=%2Fwp%2Fv2%2Fcategories&post=155021"},{"taxonomy":"post_tag","embeddable":true,"href":"https:\/\/diariodominicano.com\/index.php?rest_route=%2Fwp%2Fv2%2Ftags&post=155021"}],"curies":[{"name":"wp","href":"https:\/\/api.w.org\/{rel}","templated":true}]}}