{"id":155020,"date":"2010-12-22T21:13:38","date_gmt":"2010-12-22T21:13:38","guid":{"rendered":"http:\/\/diariodominicano.ddns.net\/?p=155020"},"modified":"2010-12-22T21:13:38","modified_gmt":"2010-12-22T21:13:38","slug":"denunciaran-en-panama-a-companias-electricas-por-alza-de-precios","status":"publish","type":"post","link":"https:\/\/diariodominicano.com\/?p=155020","title":{"rendered":"Denunciar\u00e1n en Panam\u00e1 a compa\u00f1\u00edas el\u00e9ctricas por alza de precios"},"content":{"rendered":"<p><body><\/p>\n<p><img decoding=\"async\" src=\"img3\/panama.jpg\" \/>  <\/p>\n<p><span class=\"text1noticias\">Panam\u00e1, 22 Dic (Xinhua).- El secretario de Energ\u00eda de Panam\u00e1, Juan Manuel Urriola, asegur\u00f3 hoy que denunciar\u00e1 a las empresas distribuidoras por el alza de hasta un 60 por ciento en el precio de la energ\u00eda el\u00e9ctrica. <\/span><\/p>\n<\/p>\n<p><span class=\"text1noticias\">El funcionario indic\u00f3 que presentar\u00e1 esta denuncia ante la Autoridad de Protecci\u00f3n al Consumidor y Defensa de la Competencia (Acodeco), toda vez que considera \u00abuna burla\u00bb esta medida tomada por los consorcios el\u00e9ctricos. <\/span><\/p>\n<\/p>\n<p><span class=\"text1noticias\"> \u00abParece que estos se\u00f1ores o viven en otro pa\u00eds o no entienden que est\u00e1n viviendo en Panam\u00e1, un pa\u00eds en desarrollo\u00bb, opin\u00f3. <\/span><\/p>\n<\/p>\n<p><span class=\"text1noticias\">Seg\u00fan Urriola, las empresas el\u00e9ctricas ser\u00e1n las responsables de que en el 2011 haya un aumento en el subsidio de hasta 500 megavatios hora al mes, el cual ser\u00e1 pagado por el Estado ante la necesidad de las familias pobres por el servicio. <\/span><\/p>\n<\/p>\n<p><span class=\"text1noticias\">Esto, dijo, \u00abrepresentar\u00e1 un aumento para el servicio el\u00e9ctrico de los comerciantes\u00bb, sostuvo preocupado por la alta oferta precios de las distribuidoras Edemet, perteneciente a la espa\u00f1ola Uni\u00f3n Fenosa; AES Panam\u00e1, de capital estadounidense, y Fortuna, paname\u00f1o. <\/span><\/p>\n<\/p>\n<p><span class=\"text1noticias\">Durante el acto de oferta, la empresa Edemet ofreci\u00f3 a 140 d\u00f3lares el megavatio; Fortuna, a 130 d\u00f3lares, y AES, a 115 d\u00f3lares, lo que suscit\u00f3 la reacci\u00f3n airada del secretario de Energ\u00eda, pues todas las propuestas superar\u00e1n ampliamente el precio actual por megavatio, que es de 70 d\u00f3lares. <\/span><\/p>\n<\/p>\n<p><span class=\"text1noticias\">Urriola puntualiz\u00f3 que estas ofertas son \u00abinaceptables\u00bb e \u00abinjustificadas\u00bb, adem\u00e1s de ser \u00abuna burla\u00bb, pues las hidroel\u00e9ctricas est\u00e1n llenas de agua debido a las recientes lluvias torrenciales que incluso ocasionaron inundaciones. <\/span><\/p>\n<\/p>\n<p><span class=\"text1noticias\">Seg\u00fan ha destacado la prensa local, la Autoridad de Servicios P\u00fablicos (Asep) inici\u00f3 ya una investigaci\u00f3n al respecto.<\/span><\/p>\n<h6> 2010-12-22 21:13:38 <\/h6>\n<p><!--\n<link rel=\"stylesheet\" href=\"css\/bootstrap.min.css\">\n\n\n<ul class=\"pagination\">\n\t    \n\t\n\n<li >\n\t<a href='?page_no=30187'>Previous<\/a>\n\t<\/li>\n\n\n       \n    \n\n<li><a href='?page_no=1'>1<\/a><\/li>\n\n\n\n<li><a href='?page_no=2'>2<\/a><\/li>\n\n\n\n<li><a>...<\/a><\/li>\n\n\n\n<li><a href='?page_no=30186'>30186<\/a><\/li>\n\n\n\n<li><a href='?page_no=30187'>30187<\/a><\/li>\n\n\n\n<li class='active'><a>30188<\/a><\/li>\n\n\n\n<li><a href='?page_no=30189'>30189<\/a><\/li>\n\n\n\n<li><a href='?page_no=30190'>30190<\/a><\/li>\n\n\n\n<li><a>...<\/a><\/li>\n\n\n\n<li><a href='?page_no=31963'>31963<\/a><\/li>\n\n\n\n<li><a href='?page_no=31964'>31964<\/a><\/li>\n\n    \n\t\n\n<li >\n\t<a href='?page_no=30189'>Next<\/a>\n\t<\/li>\n\n\n    \n\n<li><a href='?page_no=31964'>Last &rsaquo;&rsaquo;<\/a><\/li>\n\n<\/ul>\n\n\n--><br \/>\n<\/body><\/p>\n","protected":false},"excerpt":{"rendered":"<p>Panam\u00e1, 22 Dic (Xinhua).- El secretario de Energ\u00eda de Panam\u00e1, Juan Manuel Urriola, asegur\u00f3 hoy que denunciar\u00e1 a las empresas distribuidoras por el alza de hasta un 60 por ciento en el precio de la energ\u00eda el\u00e9ctrica. El funcionario indic\u00f3 que presentar\u00e1 esta denuncia ante la Autoridad de Protecci\u00f3n al Consumidor y Defensa de la [&hellip;]<\/p>\n","protected":false},"author":3,"featured_media":0,"comment_status":"open","ping_status":"open","sticky":false,"template":"","format":"standard","meta":{"footnotes":""},"categories":[24],"tags":[],"class_list":["post-155020","post","type-post","status-publish","format-standard","hentry","category-justicia-y-derecho"],"_links":{"self":[{"href":"https:\/\/diariodominicano.com\/index.php?rest_route=\/wp\/v2\/posts\/155020","targetHints":{"allow":["GET"]}}],"collection":[{"href":"https:\/\/diariodominicano.com\/index.php?rest_route=\/wp\/v2\/posts"}],"about":[{"href":"https:\/\/diariodominicano.com\/index.php?rest_route=\/wp\/v2\/types\/post"}],"author":[{"embeddable":true,"href":"https:\/\/diariodominicano.com\/index.php?rest_route=\/wp\/v2\/users\/3"}],"replies":[{"embeddable":true,"href":"https:\/\/diariodominicano.com\/index.php?rest_route=%2Fwp%2Fv2%2Fcomments&post=155020"}],"version-history":[{"count":0,"href":"https:\/\/diariodominicano.com\/index.php?rest_route=\/wp\/v2\/posts\/155020\/revisions"}],"wp:attachment":[{"href":"https:\/\/diariodominicano.com\/index.php?rest_route=%2Fwp%2Fv2%2Fmedia&parent=155020"}],"wp:term":[{"taxonomy":"category","embeddable":true,"href":"https:\/\/diariodominicano.com\/index.php?rest_route=%2Fwp%2Fv2%2Fcategories&post=155020"},{"taxonomy":"post_tag","embeddable":true,"href":"https:\/\/diariodominicano.com\/index.php?rest_route=%2Fwp%2Fv2%2Ftags&post=155020"}],"curies":[{"name":"wp","href":"https:\/\/api.w.org\/{rel}","templated":true}]}}