{"id":155015,"date":"2010-12-22T21:37:53","date_gmt":"2010-12-22T21:37:53","guid":{"rendered":"http:\/\/diariodominicano.ddns.net\/?p=155015"},"modified":"2010-12-22T21:37:53","modified_gmt":"2010-12-22T21:37:53","slug":"apuran-en-venezuela-aprobacion-de-leyes-socialistas","status":"publish","type":"post","link":"https:\/\/diariodominicano.com\/?p=155015","title":{"rendered":"Apuran en Venezuela aprobaci\u00f3n de leyes socialistas"},"content":{"rendered":"<p><body><\/p>\n<p><span class=\"text1noticias\">CARACAS, 22 dic (Xinhua) &#8212; La Asamblea Nacional de Venezuela (AN) apur\u00f3 hoy la aprobaci\u00f3n de 13 leyes que permitir\u00e1n profundizar desde el inicio del 2011 el proyecto pol\u00edtico socialista que impulsa el presidente Hugo Ch\u00e1vez. <\/span><\/p>\n<\/p>\n<p><span class=\"text1noticias\">La AN sesiona de manera extraordinaria desde el pasado d\u00eda 15, con reuniones permanentes en un esfuerzo por aprobar el paquete de leyes socialistas antes de finalizar el a\u00f1o. <\/span><\/p>\n<\/p>\n<p><span class=\"text1noticias\">Al mismo tiempo, seguidores del mandatario se trasladaron este mi\u00e9rcoles al Palacio Legislativo para respaldar la labor de los parlamentarios del gubernamental Partido Socialista Unido de Venezuela (PSUV). <\/span><\/p>\n<\/p>\n<p><span class=\"text1noticias\">De la agenda legislativa, nueve proyectos de ley fueron aprobados, adem\u00e1s de una ley habilitante que faculta durante a\u00f1o y medio al presidente Ch\u00e1vez dictar decretos con rango de ley. <\/span><\/p>\n<\/p>\n<p><span class=\"text1noticias\">La habilitante fue solicitada por el mandatario para reconstruir obras de vialidad y vivienda provocados por los desastres dejados por las lluvias que recientemente afectaron a 12 de los 23 estados del pa\u00eds. <\/span><\/p>\n<\/p>\n<p><span class=\"text1noticias\">Las sesiones extraordinarias continuaron este mi\u00e9rcoles con el inicio de la primera de dos discusiones para reformar el reglamento interior y de debate del poder legislativo. <\/span><\/p>\n<\/p>\n<p><span class=\"text1noticias\">La reforma propone incluir en la elaboraci\u00f3n de las leyes la participaci\u00f3n del venezolano en sesiones denominadas \u00abparlamentarismo social de calle\u00bb, la cual es una pr\u00e1ctica que los legisladores del PSUV han realizado, pero en determinados casos.<\/span><\/p>\n<\/p>\n<p>La presidenta de la AN, Cilia Flores, dijo que de ser necesario las sesiones extraordinarias se prolongar\u00e1n hasta el pr\u00f3ximo 4 de enero, un d\u00eda antes de que se instale e inicie el quinquenio legislativo 2011-2016 del nuevo parlamento. <\/p>\n<h6> 2010-12-22 21:37:53 <\/h6>\n<p><!--\n<link rel=\"stylesheet\" href=\"css\/bootstrap.min.css\">\n\n\n<ul class=\"pagination\">\n\t    \n\t\n\n<li >\n\t<a href='?page_no=30182'>Previous<\/a>\n\t<\/li>\n\n\n       \n    \n\n<li><a href='?page_no=1'>1<\/a><\/li>\n\n\n\n<li><a href='?page_no=2'>2<\/a><\/li>\n\n\n\n<li><a>...<\/a><\/li>\n\n\n\n<li><a href='?page_no=30181'>30181<\/a><\/li>\n\n\n\n<li><a href='?page_no=30182'>30182<\/a><\/li>\n\n\n\n<li class='active'><a>30183<\/a><\/li>\n\n\n\n<li><a href='?page_no=30184'>30184<\/a><\/li>\n\n\n\n<li><a href='?page_no=30185'>30185<\/a><\/li>\n\n\n\n<li><a>...<\/a><\/li>\n\n\n\n<li><a href='?page_no=31963'>31963<\/a><\/li>\n\n\n\n<li><a href='?page_no=31964'>31964<\/a><\/li>\n\n    \n\t\n\n<li >\n\t<a href='?page_no=30184'>Next<\/a>\n\t<\/li>\n\n\n    \n\n<li><a href='?page_no=31964'>Last &rsaquo;&rsaquo;<\/a><\/li>\n\n<\/ul>\n\n\n--><br \/>\n<\/body><\/p>\n","protected":false},"excerpt":{"rendered":"<p>CARACAS, 22 dic (Xinhua) &#8212; La Asamblea Nacional de Venezuela (AN) apur\u00f3 hoy la aprobaci\u00f3n de 13 leyes que permitir\u00e1n profundizar desde el inicio del 2011 el proyecto pol\u00edtico socialista que impulsa el presidente Hugo Ch\u00e1vez. La AN sesiona de manera extraordinaria desde el pasado d\u00eda 15, con reuniones permanentes en un esfuerzo por aprobar [&hellip;]<\/p>\n","protected":false},"author":3,"featured_media":0,"comment_status":"open","ping_status":"open","sticky":false,"template":"","format":"standard","meta":{"footnotes":""},"categories":[24],"tags":[],"class_list":["post-155015","post","type-post","status-publish","format-standard","hentry","category-justicia-y-derecho"],"_links":{"self":[{"href":"https:\/\/diariodominicano.com\/index.php?rest_route=\/wp\/v2\/posts\/155015","targetHints":{"allow":["GET"]}}],"collection":[{"href":"https:\/\/diariodominicano.com\/index.php?rest_route=\/wp\/v2\/posts"}],"about":[{"href":"https:\/\/diariodominicano.com\/index.php?rest_route=\/wp\/v2\/types\/post"}],"author":[{"embeddable":true,"href":"https:\/\/diariodominicano.com\/index.php?rest_route=\/wp\/v2\/users\/3"}],"replies":[{"embeddable":true,"href":"https:\/\/diariodominicano.com\/index.php?rest_route=%2Fwp%2Fv2%2Fcomments&post=155015"}],"version-history":[{"count":0,"href":"https:\/\/diariodominicano.com\/index.php?rest_route=\/wp\/v2\/posts\/155015\/revisions"}],"wp:attachment":[{"href":"https:\/\/diariodominicano.com\/index.php?rest_route=%2Fwp%2Fv2%2Fmedia&parent=155015"}],"wp:term":[{"taxonomy":"category","embeddable":true,"href":"https:\/\/diariodominicano.com\/index.php?rest_route=%2Fwp%2Fv2%2Fcategories&post=155015"},{"taxonomy":"post_tag","embeddable":true,"href":"https:\/\/diariodominicano.com\/index.php?rest_route=%2Fwp%2Fv2%2Ftags&post=155015"}],"curies":[{"name":"wp","href":"https:\/\/api.w.org\/{rel}","templated":true}]}}