{"id":155012,"date":"2010-12-22T21:57:36","date_gmt":"2010-12-22T21:57:36","guid":{"rendered":"http:\/\/diariodominicano.ddns.net\/?p=155012"},"modified":"2010-12-22T21:57:36","modified_gmt":"2010-12-22T21:57:36","slug":"aduanas-trabaja-viernes-hasta-el-mediodia","status":"publish","type":"post","link":"https:\/\/diariodominicano.com\/?p=155012","title":{"rendered":"Aduanas trabaja viernes hasta el mediod\u00eda"},"content":{"rendered":"<p><body><\/p>\n<p><span class=\"text1noticias\">Santo Domingo, 22 Dic 2010.-La Direcci\u00f3n General de Aduanas (DGA) informa que este viernes 24 de diciembre laborar\u00e1 en la sede central hasta el mediod\u00eda,  por motivo de la celebraci\u00f3n de la Nochebuena. <\/span><\/p>\n<p><span class=\"text1noticias\">En ese sentido, el organismo exhorta a los ciudadanos y ciudadanas que deseen hacer uso de los servicios que ofrece a tomar las precauciones pertinentes, tomando en cuenta que en su sede central se laborar\u00e1 desde las 8:00 de la ma\u00f1ana hasta las 12:00 meridiano.<\/span><\/p>\n<\/p>\n<p><span class=\"text1noticias\">Refiere que en su decisi\u00f3n de hacer p\u00fablica esta decisi\u00f3n se halla el prop\u00f3sito de  evitar trastornos en el desarrollo de  las actividades de las personas que deseen hacer  uso de los servicios.<\/span><\/p>\n<\/p>\n<p><span class=\"text1noticias\">Asimismo, expresa que en las dem\u00e1s dependencias, como puestos fronterizos, puertos y aeropuertos, las labores se desarrollar\u00e1n en horario normal.<\/span><\/p>\n<\/p>\n<p><span class=\"text1noticias\">A la vez que solicita la comprensi\u00f3n y colaboraci\u00f3n de los contribuyentes, Aduanas los invita a tomar las medidas necesarias para impulsar sus gestiones durante el horario establecido.<\/span><\/p>\n<h6> 2010-12-22 21:57:36 <\/h6>\n<p><!--\n<link rel=\"stylesheet\" href=\"css\/bootstrap.min.css\">\n\n\n<ul class=\"pagination\">\n\t    \n\t\n\n<li >\n\t<a href='?page_no=30179'>Previous<\/a>\n\t<\/li>\n\n\n       \n    \n\n<li><a href='?page_no=1'>1<\/a><\/li>\n\n\n\n<li><a href='?page_no=2'>2<\/a><\/li>\n\n\n\n<li><a>...<\/a><\/li>\n\n\n\n<li><a href='?page_no=30178'>30178<\/a><\/li>\n\n\n\n<li><a href='?page_no=30179'>30179<\/a><\/li>\n\n\n\n<li class='active'><a>30180<\/a><\/li>\n\n\n\n<li><a href='?page_no=30181'>30181<\/a><\/li>\n\n\n\n<li><a href='?page_no=30182'>30182<\/a><\/li>\n\n\n\n<li><a>...<\/a><\/li>\n\n\n\n<li><a href='?page_no=31963'>31963<\/a><\/li>\n\n\n\n<li><a href='?page_no=31964'>31964<\/a><\/li>\n\n    \n\t\n\n<li >\n\t<a href='?page_no=30181'>Next<\/a>\n\t<\/li>\n\n\n    \n\n<li><a href='?page_no=31964'>Last &rsaquo;&rsaquo;<\/a><\/li>\n\n<\/ul>\n\n\n--><br \/>\n<\/body><\/p>\n","protected":false},"excerpt":{"rendered":"<p>Santo Domingo, 22 Dic 2010.-La Direcci\u00f3n General de Aduanas (DGA) informa que este viernes 24 de diciembre laborar\u00e1 en la sede central hasta el mediod\u00eda, por motivo de la celebraci\u00f3n de la Nochebuena. En ese sentido, el organismo exhorta a los ciudadanos y ciudadanas que deseen hacer uso de los servicios que ofrece a tomar [&hellip;]<\/p>\n","protected":false},"author":3,"featured_media":0,"comment_status":"open","ping_status":"open","sticky":false,"template":"","format":"standard","meta":{"footnotes":""},"categories":[24],"tags":[],"class_list":["post-155012","post","type-post","status-publish","format-standard","hentry","category-justicia-y-derecho"],"_links":{"self":[{"href":"https:\/\/diariodominicano.com\/index.php?rest_route=\/wp\/v2\/posts\/155012","targetHints":{"allow":["GET"]}}],"collection":[{"href":"https:\/\/diariodominicano.com\/index.php?rest_route=\/wp\/v2\/posts"}],"about":[{"href":"https:\/\/diariodominicano.com\/index.php?rest_route=\/wp\/v2\/types\/post"}],"author":[{"embeddable":true,"href":"https:\/\/diariodominicano.com\/index.php?rest_route=\/wp\/v2\/users\/3"}],"replies":[{"embeddable":true,"href":"https:\/\/diariodominicano.com\/index.php?rest_route=%2Fwp%2Fv2%2Fcomments&post=155012"}],"version-history":[{"count":0,"href":"https:\/\/diariodominicano.com\/index.php?rest_route=\/wp\/v2\/posts\/155012\/revisions"}],"wp:attachment":[{"href":"https:\/\/diariodominicano.com\/index.php?rest_route=%2Fwp%2Fv2%2Fmedia&parent=155012"}],"wp:term":[{"taxonomy":"category","embeddable":true,"href":"https:\/\/diariodominicano.com\/index.php?rest_route=%2Fwp%2Fv2%2Fcategories&post=155012"},{"taxonomy":"post_tag","embeddable":true,"href":"https:\/\/diariodominicano.com\/index.php?rest_route=%2Fwp%2Fv2%2Ftags&post=155012"}],"curies":[{"name":"wp","href":"https:\/\/api.w.org\/{rel}","templated":true}]}}