{"id":155011,"date":"2010-12-22T22:16:44","date_gmt":"2010-12-22T22:16:44","guid":{"rendered":"http:\/\/diariodominicano.ddns.net\/?p=155011"},"modified":"2010-12-22T22:16:44","modified_gmt":"2010-12-22T22:16:44","slug":"dncd-decomisa-310-kilos-de-cocaina-en-autovia-del-este","status":"publish","type":"post","link":"https:\/\/diariodominicano.com\/?p=155011","title":{"rendered":"&#13;DNCD decomisa 310 kilos de coca\u00edna, en AutoV\u00eda del Este"},"content":{"rendered":"<p><body><\/p>\n<p><img decoding=\"async\" src=\"http:\/\/localhost:8080\/justiciayderecho\/img3\/kilos d.jpg\" \/>  <\/p>\n<\/p>\n<p><span class=\"text1noticias\">Santo Domingo, 22 Dic 2010.-Agentes de la Direcci\u00f3n Nacional de Control de Drogas (DNCD) decomisaron 300 paquetes con 310 kilos de coca\u00edna en un operativo denominado ?Hurac\u00e1n? llevado a cabo por la Direcci\u00f3n T\u00e1cticas de Investigaciones Sensitivas (DITIS) y la DEA de Rep\u00fablica Dominicana y Puerto Rico donde ocho personas resultaron detenidas.<\/span><\/p>\n<\/p>\n<p><span class=\"text1noticias\">Los detenidos fueron identificados como Roberto Antonio Mendoza Manzano, Freddy Antonio Mart\u00ednez, Evangelista S\u00e1nchez Crisp\u00edn, Miguel Angel Espinal Herrera, Juan Hilario Navarro N\u00fa\u00f1ez, Roy Francisco S\u00e1nchez, Roberto Antonio Cruz Cordero y otra persona no identificada.<\/span><\/p>\n<\/p>\n<p><span class=\"text1noticias\">La investigaci\u00f3n para dar con el decomiso fue realizada en conjunto y se prolong\u00f3 por varios meses, seg\u00fan inform\u00f3 el vocero de la DNCD, Ram\u00f3n Alcides Rodr\u00edguez Veras en una rueda de prensa.<\/span><\/p>\n<\/p>\n<p><span class=\"text1noticias\">Explic\u00f3 que la investigaci\u00f3n concluy\u00f3 con el desmantelamiento en ambos pa\u00edses de lo que definieron como una poderosa banda de narcotraficantes radicados en las dos naciones. La operaci\u00f3n tambi\u00e9n cont\u00f3 con la participaci\u00f3n del Ministerio P\u00fablico.<\/span><\/p>\n<\/p>\n<p><span class=\"text1noticias\">Rodr\u00edguez Veras indic\u00f3 que se desplazaron a las inmediaciones del parador El Tamarindo, ubicado en la Autov\u00eda del Este, entre el municipio de Boca Chica y Los Guayacanes para el decomiso de la droga.<\/span><\/p>\n<\/p>\n<p><span class=\"text1noticias\">En el operativo tambi\u00e9n fue ocupada una camioneta marca Mitsubishi L200, color azul con placa oficial, y la yipeta marcha Hyundai, color gris.<\/span><\/p>\n<\/p>\n<h6> 2010-12-22 22:16:44 <\/h6>\n<p><!--\n<link rel=\"stylesheet\" href=\"css\/bootstrap.min.css\">\n\n\n<ul class=\"pagination\">\n\t    \n\t\n\n<li >\n\t<a href='?page_no=30178'>Previous<\/a>\n\t<\/li>\n\n\n       \n    \n\n<li><a href='?page_no=1'>1<\/a><\/li>\n\n\n\n<li><a href='?page_no=2'>2<\/a><\/li>\n\n\n\n<li><a>...<\/a><\/li>\n\n\n\n<li><a href='?page_no=30177'>30177<\/a><\/li>\n\n\n\n<li><a href='?page_no=30178'>30178<\/a><\/li>\n\n\n\n<li class='active'><a>30179<\/a><\/li>\n\n\n\n<li><a href='?page_no=30180'>30180<\/a><\/li>\n\n\n\n<li><a href='?page_no=30181'>30181<\/a><\/li>\n\n\n\n<li><a>...<\/a><\/li>\n\n\n\n<li><a href='?page_no=31963'>31963<\/a><\/li>\n\n\n\n<li><a href='?page_no=31964'>31964<\/a><\/li>\n\n    \n\t\n\n<li >\n\t<a href='?page_no=30180'>Next<\/a>\n\t<\/li>\n\n\n    \n\n<li><a href='?page_no=31964'>Last &rsaquo;&rsaquo;<\/a><\/li>\n\n<\/ul>\n\n\n--><br \/>\n<\/body><\/p>\n","protected":false},"excerpt":{"rendered":"<p>Santo Domingo, 22 Dic 2010.-Agentes de la Direcci\u00f3n Nacional de Control de Drogas (DNCD) decomisaron 300 paquetes con 310 kilos de coca\u00edna en un operativo denominado ?Hurac\u00e1n? llevado a cabo por la Direcci\u00f3n T\u00e1cticas de Investigaciones Sensitivas (DITIS) y la DEA de Rep\u00fablica Dominicana y Puerto Rico donde ocho personas resultaron detenidas. Los detenidos fueron [&hellip;]<\/p>\n","protected":false},"author":3,"featured_media":0,"comment_status":"open","ping_status":"open","sticky":false,"template":"","format":"standard","meta":{"footnotes":""},"categories":[24],"tags":[],"class_list":["post-155011","post","type-post","status-publish","format-standard","hentry","category-justicia-y-derecho"],"_links":{"self":[{"href":"https:\/\/diariodominicano.com\/index.php?rest_route=\/wp\/v2\/posts\/155011","targetHints":{"allow":["GET"]}}],"collection":[{"href":"https:\/\/diariodominicano.com\/index.php?rest_route=\/wp\/v2\/posts"}],"about":[{"href":"https:\/\/diariodominicano.com\/index.php?rest_route=\/wp\/v2\/types\/post"}],"author":[{"embeddable":true,"href":"https:\/\/diariodominicano.com\/index.php?rest_route=\/wp\/v2\/users\/3"}],"replies":[{"embeddable":true,"href":"https:\/\/diariodominicano.com\/index.php?rest_route=%2Fwp%2Fv2%2Fcomments&post=155011"}],"version-history":[{"count":0,"href":"https:\/\/diariodominicano.com\/index.php?rest_route=\/wp\/v2\/posts\/155011\/revisions"}],"wp:attachment":[{"href":"https:\/\/diariodominicano.com\/index.php?rest_route=%2Fwp%2Fv2%2Fmedia&parent=155011"}],"wp:term":[{"taxonomy":"category","embeddable":true,"href":"https:\/\/diariodominicano.com\/index.php?rest_route=%2Fwp%2Fv2%2Fcategories&post=155011"},{"taxonomy":"post_tag","embeddable":true,"href":"https:\/\/diariodominicano.com\/index.php?rest_route=%2Fwp%2Fv2%2Ftags&post=155011"}],"curies":[{"name":"wp","href":"https:\/\/api.w.org\/{rel}","templated":true}]}}