{"id":155010,"date":"2010-12-22T22:18:40","date_gmt":"2010-12-22T22:18:40","guid":{"rendered":"http:\/\/diariodominicano.ddns.net\/?p=155010"},"modified":"2010-12-22T22:18:40","modified_gmt":"2010-12-22T22:18:40","slug":"confirma-ocde-acuerdo-internacional-sobre-creditos-para-exportacion-de-aviones","status":"publish","type":"post","link":"https:\/\/diariodominicano.com\/?p=155010","title":{"rendered":"Confirma OCDE acuerdo internacional sobre cr\u00e9ditos para exportaci\u00f3n de aviones"},"content":{"rendered":"<p><body><\/p>\n<p><img decoding=\"async\" src=\"http:\/\/localhost:8080\/justiciayderecho\/img3\/Aviones.jpg\" \/>  <\/p>\n<p><span class=\"text1noticias\">Paris, 22 Dic 2010 (Xinhua).- Negociadores gubernamentales en nombre de Estados Unidos, Brasil, Canad\u00e1, Jap\u00f3n y la Uni\u00f3n Europea (UE) acordaron en principio los t\u00e9rminos nuevos del financiamiento estatal para apoyar la exportaci\u00f3n de aviones comerciales, dijo hoy en Par\u00eds la Organizaci\u00f3n para la Cooperaci\u00f3n y el Desarrollo Econ\u00f3micos (OCDE). <\/span><\/p>\n<\/p>\n<p><span class=\"text1noticias\">\u00abLos t\u00e9rminos propuestos acercar\u00e1n las cuotas a las tasas de mercado y permitir\u00e1n ajustes regulares para que reflejen el desarrollo en el mercado\u00bb, dijo la organizaci\u00f3n, que ofrece una plataforma para las negociaciones amplias. <\/span><\/p>\n<\/p>\n<p><span class=\"text1noticias\">Si los participantes aprueban formalmente para el 20 de enero de 2011 el Entendimiento del Sector de Aviaci\u00f3n (ASU, por sus siglas en ingl\u00e9s), podr\u00e1 entrar en vigor el 1 de febrero de 2011, dijo la OCDE.<\/span><\/p>\n<p><span class=\"text1noticias\"> <\/span><\/p>\n<p><span class=\"text1noticias\">El acuerdo, que tiene el objetivo de unificar los t\u00e9rminos de financiamiento dispares y las condiciones entre jets grandes y regionales, tambi\u00e9n \u00abcontiene mecanismos para eliminar movimientos de mercado muy dr\u00e1sticos\u00bb, agreg\u00f3 la OCDE. <\/span><\/p>\n<\/p>\n<p><span class=\"text1noticias\">\u00abEl objetivo del acuerdo es crear y mantener un sistema de cuotas basado en el mercado y en riesgos que produzca un \u00e1rea de juego parejo entre manufactureros, aerol\u00edneas y gobiernos\u00bb, dijo la agencia de asesor\u00eda de pa\u00edses avanzados, sin que se impongan restricciones cuantitativas a los programas de la agencia de cr\u00e9dito a la exportaci\u00f3n. <\/span><\/p>\n<\/p>\n<p><span class=\"text1noticias\">En las negociaciones recientes de ASU participan Brasil, como no miembro de la OCDE, y Francia, Alemania, Reino Unido e Italia, como participantes de la UE.<\/span><\/p>\n<h6> 2010-12-22 22:18:40 <\/h6>\n<p><!--\n<link rel=\"stylesheet\" href=\"css\/bootstrap.min.css\">\n\n\n<ul class=\"pagination\">\n\t    \n\t\n\n<li >\n\t<a href='?page_no=30177'>Previous<\/a>\n\t<\/li>\n\n\n       \n    \n\n<li><a href='?page_no=1'>1<\/a><\/li>\n\n\n\n<li><a href='?page_no=2'>2<\/a><\/li>\n\n\n\n<li><a>...<\/a><\/li>\n\n\n\n<li><a href='?page_no=30176'>30176<\/a><\/li>\n\n\n\n<li><a href='?page_no=30177'>30177<\/a><\/li>\n\n\n\n<li class='active'><a>30178<\/a><\/li>\n\n\n\n<li><a href='?page_no=30179'>30179<\/a><\/li>\n\n\n\n<li><a href='?page_no=30180'>30180<\/a><\/li>\n\n\n\n<li><a>...<\/a><\/li>\n\n\n\n<li><a href='?page_no=31963'>31963<\/a><\/li>\n\n\n\n<li><a href='?page_no=31964'>31964<\/a><\/li>\n\n    \n\t\n\n<li >\n\t<a href='?page_no=30179'>Next<\/a>\n\t<\/li>\n\n\n    \n\n<li><a href='?page_no=31964'>Last &rsaquo;&rsaquo;<\/a><\/li>\n\n<\/ul>\n\n\n--><br \/>\n<\/body><\/p>\n","protected":false},"excerpt":{"rendered":"<p>Paris, 22 Dic 2010 (Xinhua).- Negociadores gubernamentales en nombre de Estados Unidos, Brasil, Canad\u00e1, Jap\u00f3n y la Uni\u00f3n Europea (UE) acordaron en principio los t\u00e9rminos nuevos del financiamiento estatal para apoyar la exportaci\u00f3n de aviones comerciales, dijo hoy en Par\u00eds la Organizaci\u00f3n para la Cooperaci\u00f3n y el Desarrollo Econ\u00f3micos (OCDE). \u00abLos t\u00e9rminos propuestos acercar\u00e1n las [&hellip;]<\/p>\n","protected":false},"author":3,"featured_media":0,"comment_status":"open","ping_status":"open","sticky":false,"template":"","format":"standard","meta":{"footnotes":""},"categories":[24],"tags":[],"class_list":["post-155010","post","type-post","status-publish","format-standard","hentry","category-justicia-y-derecho"],"_links":{"self":[{"href":"https:\/\/diariodominicano.com\/index.php?rest_route=\/wp\/v2\/posts\/155010","targetHints":{"allow":["GET"]}}],"collection":[{"href":"https:\/\/diariodominicano.com\/index.php?rest_route=\/wp\/v2\/posts"}],"about":[{"href":"https:\/\/diariodominicano.com\/index.php?rest_route=\/wp\/v2\/types\/post"}],"author":[{"embeddable":true,"href":"https:\/\/diariodominicano.com\/index.php?rest_route=\/wp\/v2\/users\/3"}],"replies":[{"embeddable":true,"href":"https:\/\/diariodominicano.com\/index.php?rest_route=%2Fwp%2Fv2%2Fcomments&post=155010"}],"version-history":[{"count":0,"href":"https:\/\/diariodominicano.com\/index.php?rest_route=\/wp\/v2\/posts\/155010\/revisions"}],"wp:attachment":[{"href":"https:\/\/diariodominicano.com\/index.php?rest_route=%2Fwp%2Fv2%2Fmedia&parent=155010"}],"wp:term":[{"taxonomy":"category","embeddable":true,"href":"https:\/\/diariodominicano.com\/index.php?rest_route=%2Fwp%2Fv2%2Fcategories&post=155010"},{"taxonomy":"post_tag","embeddable":true,"href":"https:\/\/diariodominicano.com\/index.php?rest_route=%2Fwp%2Fv2%2Ftags&post=155010"}],"curies":[{"name":"wp","href":"https:\/\/api.w.org\/{rel}","templated":true}]}}