{"id":139583,"date":"2020-11-28T19:15:26","date_gmt":"2020-11-28T19:15:26","guid":{"rendered":"http:\/\/diariodominicano.ddns.net\/?p=139583"},"modified":"2020-11-28T19:15:26","modified_gmt":"2020-11-28T19:15:26","slug":"arrestan-hombre-que-trato-de-introducir-drogas-al-centro-de-correccion-y-rehabilitacion-de-san-francisco-de-macoris","status":"publish","type":"post","link":"https:\/\/diariodominicano.com\/?p=139583","title":{"rendered":"Arrestan hombre que trat\u00f3 de introducir drogas al centro de correcci\u00f3n y rehabilitaci\u00f3n de San Francisco de Macor\u00eds"},"content":{"rendered":"<p><body><\/p>\n<p><img decoding=\"async\" src=\"img3\/correccion de sfm00.jpg\" \/>  <\/p>\n<p><strong>Diariodominicano.com<\/strong><\/p>\n<p><strong>Arrestan hombre que trat\u00f3 de introducir drogas al centro de correcci\u00f3n y rehabilitaci\u00f3n de San Francisco de Macor\u00eds <\/strong><\/p>\n<p><strong>Ni\u00f1o De Jes\u00fas  Cruz Acosta tambi\u00e9n llevaba celulares y otros equipos electr\u00f3nicos, ser\u00e1 sometido a la justicia en las pr\u00f3ximas horas <\/strong><\/p>\n<p><strong> <\/strong><\/p>\n<\/p>\n<p><strong>DUARTE, Rep\u00fablica Dominicana.-<\/strong> La Fiscal\u00eda de este distrito judicial inform\u00f3 que someter\u00e1 a la justicia al ciudadano Ni\u00f1o De Jes\u00fas  Cruz Acosta, quien fue arrestado en momentos en que trataba de introducir drogas y otros objetos prohibidos al Centro de Correcci\u00f3n y Rehabilitaci\u00f3n de San Francisco de Macor\u00eds. <\/p>\n<\/p>\n<\/p>\n<p>Sobre el caso, las autoridades del Ministerio P\u00fablico informaron que Cruz Acosta fue apresado alrededor de la 10:50 de la ma\u00f1ana de este viernes, luego de que ingresara al recinto penitenciario en un cami\u00f3n en el que transportaba madera para el taller de ebanister\u00eda. <\/p>\n<\/p>\n<\/p>\n<p>Indicaron que la  droga fue encontrada en el veh\u00edculo, espec\u00edficamente en el interior de la madera.  <\/p>\n<\/p>\n<\/p>\n<p>Al ofrecer los detalles de la operaci\u00f3n, las autoridades explicaron que le ocuparon al hombre 13 bolsitas de un material blanco, presumiblemente coca\u00edna, as\u00ed como 39 paquetes de un vegetal que se presume es marihuana.<\/p>\n<\/p>\n<\/p>\n<p>Adem\u00e1s, informaron que fueron ocupados 10 celulares, dos navajas negras y dos bater\u00edas para celulares, adem\u00e1s de 14 cables para cargar tel\u00e9fono y 14 fuentes de cargadores. <\/p>\n<\/p>\n<\/p>\n<p>El Ministerio P\u00fablico ofreci\u00f3 la informaci\u00f3n a trav\u00e9s de un comunicado de prensa, en el que destaca que contin\u00faan ampliando las investigaciones del caso.<\/p>\n<\/p>\n<\/p>\n<\/p>\n<p>Direcci\u00f3n de Comunicaci\u00f3n, Prensa y RRPP<\/p>\n<\/p>\n<p>Procuradur\u00eda General-Ministerio P\u00fablico RD<\/p>\n<\/p>\n<p>S\u00e1bado, 28 de noviembre 2020<\/p>\n<h6> 2020-11-28 19:15:26 <\/h6>\n<p><!--\n<link rel=\"stylesheet\" href=\"css\/bootstrap.min.css\">\n\n\n<ul class=\"pagination\">\n\t    \n\t\n\n<li >\n\t<a href='?page_no=8'>Previous<\/a>\n\t<\/li>\n\n\n       \n    \n\n<li><a href='?page_no=1'>1<\/a><\/li>\n\n\n\n<li><a href='?page_no=2'>2<\/a><\/li>\n\n\n\n<li><a>...<\/a><\/li>\n\n\n\n<li><a href='?page_no=7'>7<\/a><\/li>\n\n\n\n<li><a href='?page_no=8'>8<\/a><\/li>\n\n\n\n<li class='active'><a>9<\/a><\/li>\n\n\n\n<li><a href='?page_no=10'>10<\/a><\/li>\n\n\n\n<li><a href='?page_no=11'>11<\/a><\/li>\n\n\n\n<li><a>...<\/a><\/li>\n\n\n\n<li><a href='?page_no=31963'>31963<\/a><\/li>\n\n\n\n<li><a href='?page_no=31964'>31964<\/a><\/li>\n\n    \n\t\n\n<li >\n\t<a href='?page_no=10'>Next<\/a>\n\t<\/li>\n\n\n    \n\n<li><a href='?page_no=31964'>Last &rsaquo;&rsaquo;<\/a><\/li>\n\n<\/ul>\n\n\n--><br \/>\n<\/body><\/p>\n","protected":false},"excerpt":{"rendered":"<p>Diariodominicano.com Arrestan hombre que trat\u00f3 de introducir drogas al centro de correcci\u00f3n y rehabilitaci\u00f3n de San Francisco de Macor\u00eds Ni\u00f1o De Jes\u00fas Cruz Acosta tambi\u00e9n llevaba celulares y otros equipos electr\u00f3nicos, ser\u00e1 sometido a la justicia en las pr\u00f3ximas horas DUARTE, Rep\u00fablica Dominicana.- La Fiscal\u00eda de este distrito judicial inform\u00f3 que someter\u00e1 a la justicia [&hellip;]<\/p>\n","protected":false},"author":3,"featured_media":0,"comment_status":"open","ping_status":"open","sticky":false,"template":"","format":"standard","meta":{"footnotes":""},"categories":[24],"tags":[],"class_list":["post-139583","post","type-post","status-publish","format-standard","hentry","category-justicia-y-derecho"],"_links":{"self":[{"href":"https:\/\/diariodominicano.com\/index.php?rest_route=\/wp\/v2\/posts\/139583","targetHints":{"allow":["GET"]}}],"collection":[{"href":"https:\/\/diariodominicano.com\/index.php?rest_route=\/wp\/v2\/posts"}],"about":[{"href":"https:\/\/diariodominicano.com\/index.php?rest_route=\/wp\/v2\/types\/post"}],"author":[{"embeddable":true,"href":"https:\/\/diariodominicano.com\/index.php?rest_route=\/wp\/v2\/users\/3"}],"replies":[{"embeddable":true,"href":"https:\/\/diariodominicano.com\/index.php?rest_route=%2Fwp%2Fv2%2Fcomments&post=139583"}],"version-history":[{"count":0,"href":"https:\/\/diariodominicano.com\/index.php?rest_route=\/wp\/v2\/posts\/139583\/revisions"}],"wp:attachment":[{"href":"https:\/\/diariodominicano.com\/index.php?rest_route=%2Fwp%2Fv2%2Fmedia&parent=139583"}],"wp:term":[{"taxonomy":"category","embeddable":true,"href":"https:\/\/diariodominicano.com\/index.php?rest_route=%2Fwp%2Fv2%2Fcategories&post=139583"},{"taxonomy":"post_tag","embeddable":true,"href":"https:\/\/diariodominicano.com\/index.php?rest_route=%2Fwp%2Fv2%2Ftags&post=139583"}],"curies":[{"name":"wp","href":"https:\/\/api.w.org\/{rel}","templated":true}]}}