{"id":138472,"date":"2020-11-28T19:30:21","date_gmt":"2020-11-28T19:30:21","guid":{"rendered":"http:\/\/diariodominicano.ddns.net\/?p=138472"},"modified":"2020-11-28T19:30:21","modified_gmt":"2020-11-28T19:30:21","slug":"solicitaran-prision-preventiva-contra-el-ex-pelotero-miguel-batista","status":"publish","type":"post","link":"https:\/\/diariodominicano.com\/?p=138472","title":{"rendered":"Solicitar\u00e1n  prisi\u00f3n preventiva contra el ex pelotero Miguel Batista"},"content":{"rendered":"<p><body><\/p>\n<p><img decoding=\"async\" src=\"img3\/miguel b00.jpg\" \/>  <\/p>\n<p><strong>Diariodominicano.com<\/strong><\/p>\n<p><strong>Ministerio  P\u00fablico solicita prisi\u00f3n preventiva contra el ex pelotero Miguel Batista<\/strong><\/p>\n<p><strong> <\/strong><\/p>\n<p><strong>SANTO DOMINGO. &#8211;<\/strong> La Fiscal\u00eda del Distrito Nacional confirm\u00f3 el arresto del ex pelotero de Grandes Ligas, Miguel Batista, para quien pedir\u00e1 prisi\u00f3n preventiva por amenazar de muerte a su ex pareja y someterla a maltrato psicol\u00f3gico.<\/p>\n<\/p>\n<p>Un informe presentado por la Unidad de Prevenci\u00f3n y Persecuci\u00f3n de Violencia de G\u00e9nero y Delitos Sexuales, la expareja de Batista denunci\u00f3 que el ex lanzador le hizo llegar mensajes con expresiones violentas, cuando se preparaba para retirar sus pertenencias de la casa luego de la separaci\u00f3n.<\/p>\n<\/p>\n<p>Adem\u00e1s, una persona cercana a la v\u00edctima lo escuch\u00f3 manifestarse con ira mientras expresaba la frase \u00abla voy a matar\u00bb.<\/p>\n<\/p>\n<p>Dada la gravedad de la amenaza y con el objetivo de preservar la integridad f\u00edsica y emocional de la denunciante, el Ministerio P\u00fablico solicita prisi\u00f3n preventiva.<\/p>\n<\/p>\n<p>La mujer y la figura del deporte sostuvieron una relaci\u00f3n de cuatro a\u00f1os y llevan nueve meses de separaci\u00f3n, seg\u00fan destaca el expediente que solicita el conocimiento de la medida de coerci\u00f3n ante la Oficina Judicial de Servicios de Atenci\u00f3n Permanente.<\/p>\n<\/p>\n<p>Un informe del Instituto Nacional de Ciencias Forenses certific\u00f3 en mayo que la expareja de Batista Mota padece nerviosismo, tensi\u00f3n, dificultad para dormir y dolores de cabeza a consecuencia de las amenazas, acoso a trav\u00e9s de terceros, as\u00ed como de otras complicaciones que arrastra desde el per\u00edodo en que estuvieron juntos. Luego, en el 10 de noviembre el organismo emiti\u00f3 un informe que indica que la mujer presenta \u00abs\u00edntomas severos del cuadro ansioso-depresivo\u00bb, con irritabilidad, p\u00e9rdida del sue\u00f1o, dolores de cabeza y otros s\u00edntomas.<\/p>\n<\/p>\n<p>En junio pasado, la denunciante present\u00f3 una querella con constituci\u00f3n en actor civil y ha aportado las pruebas que el Ministerio P\u00fablico ha presentado para la detenci\u00f3n del imputado.<\/p>\n<\/p>\n<p>El \u00f3rgano de la acusaci\u00f3n sostiene que la prisi\u00f3n preventiva es la medida id\u00f3nea para este caso, debido a las amenazas de Batista, quien no ofrece garant\u00edas de que no pretender\u00e1 sustraerse del proceso y ha sido sometido a la justicia con anterioridad.<\/p>\n<\/p>\n<p>El Ministerio P\u00fablico le ha otorgado a los hechos la calificaci\u00f3n jur\u00eddica de violaci\u00f3n a los art\u00edculos 309-1, 309-2, 309 literal E, del C\u00f3digo Penal Dominicano, modificado por la Ley 24\/97.<\/p>\n<\/p>\n<\/p>\n<p>Direcci\u00f3n de Comunicaci\u00f3n, Prensa y RRPP<\/p>\n<\/p>\n<p>Procuradur\u00eda General-Ministerio P\u00fablico RD<\/p>\n<\/p>\n<p>S\u00e1bado , 28  de noviembre 2020<\/p>\n<h6> 2020-11-28 19:30:21 <\/h6>\n<p><!--\n<link rel=\"stylesheet\" href=\"css\/bootstrap.min.css\">\n\n\n<ul class=\"pagination\">\n\t    \n\t\n\n<li >\n\t<a href='?page_no=7'>Previous<\/a>\n\t<\/li>\n\n\n       \n    \n\n<li><a href='?page_no=1'>1<\/a><\/li>\n\n\n\n<li><a href='?page_no=2'>2<\/a><\/li>\n\n\n\n<li><a>...<\/a><\/li>\n\n\n\n<li><a href='?page_no=6'>6<\/a><\/li>\n\n\n\n<li><a href='?page_no=7'>7<\/a><\/li>\n\n\n\n<li class='active'><a>8<\/a><\/li>\n\n\n\n<li><a href='?page_no=9'>9<\/a><\/li>\n\n\n\n<li><a href='?page_no=10'>10<\/a><\/li>\n\n\n\n<li><a>...<\/a><\/li>\n\n\n\n<li><a href='?page_no=31963'>31963<\/a><\/li>\n\n\n\n<li><a href='?page_no=31964'>31964<\/a><\/li>\n\n    \n\t\n\n<li >\n\t<a href='?page_no=9'>Next<\/a>\n\t<\/li>\n\n\n    \n\n<li><a href='?page_no=31964'>Last &rsaquo;&rsaquo;<\/a><\/li>\n\n<\/ul>\n\n\n--><br \/>\n<\/body><\/p>\n","protected":false},"excerpt":{"rendered":"<p>Diariodominicano.com Ministerio P\u00fablico solicita prisi\u00f3n preventiva contra el ex pelotero Miguel Batista SANTO DOMINGO. &#8211; La Fiscal\u00eda del Distrito Nacional confirm\u00f3 el arresto del ex pelotero de Grandes Ligas, Miguel Batista, para quien pedir\u00e1 prisi\u00f3n preventiva por amenazar de muerte a su ex pareja y someterla a maltrato psicol\u00f3gico. Un informe presentado por la Unidad [&hellip;]<\/p>\n","protected":false},"author":3,"featured_media":0,"comment_status":"open","ping_status":"open","sticky":false,"template":"","format":"standard","meta":{"footnotes":""},"categories":[24],"tags":[],"class_list":["post-138472","post","type-post","status-publish","format-standard","hentry","category-justicia-y-derecho"],"_links":{"self":[{"href":"https:\/\/diariodominicano.com\/index.php?rest_route=\/wp\/v2\/posts\/138472","targetHints":{"allow":["GET"]}}],"collection":[{"href":"https:\/\/diariodominicano.com\/index.php?rest_route=\/wp\/v2\/posts"}],"about":[{"href":"https:\/\/diariodominicano.com\/index.php?rest_route=\/wp\/v2\/types\/post"}],"author":[{"embeddable":true,"href":"https:\/\/diariodominicano.com\/index.php?rest_route=\/wp\/v2\/users\/3"}],"replies":[{"embeddable":true,"href":"https:\/\/diariodominicano.com\/index.php?rest_route=%2Fwp%2Fv2%2Fcomments&post=138472"}],"version-history":[{"count":0,"href":"https:\/\/diariodominicano.com\/index.php?rest_route=\/wp\/v2\/posts\/138472\/revisions"}],"wp:attachment":[{"href":"https:\/\/diariodominicano.com\/index.php?rest_route=%2Fwp%2Fv2%2Fmedia&parent=138472"}],"wp:term":[{"taxonomy":"category","embeddable":true,"href":"https:\/\/diariodominicano.com\/index.php?rest_route=%2Fwp%2Fv2%2Fcategories&post=138472"},{"taxonomy":"post_tag","embeddable":true,"href":"https:\/\/diariodominicano.com\/index.php?rest_route=%2Fwp%2Fv2%2Ftags&post=138472"}],"curies":[{"name":"wp","href":"https:\/\/api.w.org\/{rel}","templated":true}]}}