{"id":137361,"date":"2020-11-28T19:42:36","date_gmt":"2020-11-28T19:42:36","guid":{"rendered":"http:\/\/diariodominicano.ddns.net\/?p=137361"},"modified":"2020-11-28T19:42:36","modified_gmt":"2020-11-28T19:42:36","slug":"imponen-prision-preventiva-a-un-hombre-que-cometia-incesto","status":"publish","type":"post","link":"https:\/\/diariodominicano.com\/?p=137361","title":{"rendered":"Imponen prisi\u00f3n preventiva a un hombre que comet\u00eda incesto"},"content":{"rendered":"<p><body><\/p>\n<p><img decoding=\"async\" src=\"img3\/mallete3232.jpg\" \/>  <\/p>\n<p><strong>Imponen prisi\u00f3n preventiva a un hombre que comet\u00eda incesto<\/strong><\/p>\n<p><strong> <\/strong><\/p>\n<p><strong>SANTO DOMINGO, Rep\u00fablica Dominicana.- <\/strong>El Ministerio P\u00fablico de esta demarcaci\u00f3n logr\u00f3 la imposici\u00f3n de medida de coerci\u00f3n, consistente en tres meses de prisi\u00f3n preventiva, al padre de una adolescente, que la obligaba a sostener encuentros sexuales y a enviarle im\u00e1genes de ella desnuda.<\/p>\n<\/p>\n<p>El \u00f3rgano de justicia demostr\u00f3 ante los jueces de la Oficina Judicial de Servicios de Atenci\u00f3n Permanente de esta demarcaci\u00f3n que hay indicios de que el padre de la menor de edad, cuyo nombre se omite para proteger la identidad de la v\u00edctima, incurri\u00f3 en la violaci\u00f3n del art\u00edculo 26 de la Ley 136-03.<\/p>\n<\/p>\n<p>El expediente acusatorio detalla que el hombre requer\u00eda a su hija que fuera a su casa, donde viv\u00eda solo, para realizar labores de limpieza, ocasiones que aprovechaba para abusar sexualmente de ella.<\/p>\n<\/p>\n<p>Los hechos se dieron a conocer por reporte enviado al Ministerio P\u00fablico desde el National Center for Missing and Exploited Childrens (Centro Nacional para Ni\u00f1os Desaparecidos y Explotados de los Estados Unidos (NCMEC, por sus siglas en ingl\u00e9s),<\/p>\n<\/p>\n<p>En un comunicado emitido por la Direcci\u00f3n de Comunicaciones de la Procuradur\u00eda General de la Rep\u00fablica, el Ministerio P\u00fablico explic\u00f3 que  el investigado obligaba a su hija a enviarle im\u00e1genes de ella desnuda a trav\u00e9s de la red social Facebook, lo que activ\u00f3 las alertas que dieron lugar a la generaci\u00f3n del reporte y con esto la atenci\u00f3n de las autoridades locales.<\/p>\n<\/p>\n<p>Este caso involucr\u00f3 el trabajo de la Polic\u00eda Nacional, a trav\u00e9s de la Divisi\u00f3n Especial de Investigaci\u00f3n de Delitos Transnacionales (Deidet), y del Ministerio P\u00fablico, con sus dependencias Procuradur\u00eda Especializada contra los Cr\u00edmenes y Delitos de Alta Tecnolog\u00eda, Unidad de Atenci\u00f3n a V\u00edctimas de Violencia de G\u00e9nero, Intrafamiliar y Delitos Sexuales de Santo Domingo Este y Direcci\u00f3n Nacional de Ni\u00f1ez, Adolescencia y Familias.<\/p>\n<\/p>\n<p>Estos organismos dieron curso a la investigaci\u00f3n que permiti\u00f3 individualizar al padre agresor, as\u00ed como a la v\u00edctima, y recabar elementos de prueba que comprometen la responsabilidad penal del hombre en los hechos investigados.<\/p>\n<\/p>\n<\/p>\n<p>Direcci\u00f3n de Comunicaci\u00f3n, Prensa y RRPP<\/p>\n<\/p>\n<p>Procuradur\u00eda General-Ministerio P\u00fablico RD<\/p>\n<\/p>\n<p>S\u00e1bado, 28 de noviembre de 2020.<\/p>\n<\/p>\n<h6> 2020-11-28 19:42:36 <\/h6>\n<p><!--\n<link rel=\"stylesheet\" href=\"css\/bootstrap.min.css\">\n\n\n<ul class=\"pagination\">\n\t    \n\t\n\n<li >\n\t<a href='?page_no=6'>Previous<\/a>\n\t<\/li>\n\n\n       \n    \n\n<li><a href='?page_no=1'>1<\/a><\/li>\n\n\n\n<li><a href='?page_no=2'>2<\/a><\/li>\n\n\n\n<li><a>...<\/a><\/li>\n\n\n\n<li><a href='?page_no=5'>5<\/a><\/li>\n\n\n\n<li><a href='?page_no=6'>6<\/a><\/li>\n\n\n\n<li class='active'><a>7<\/a><\/li>\n\n\n\n<li><a href='?page_no=8'>8<\/a><\/li>\n\n\n\n<li><a href='?page_no=9'>9<\/a><\/li>\n\n\n\n<li><a>...<\/a><\/li>\n\n\n\n<li><a href='?page_no=31963'>31963<\/a><\/li>\n\n\n\n<li><a href='?page_no=31964'>31964<\/a><\/li>\n\n    \n\t\n\n<li >\n\t<a href='?page_no=8'>Next<\/a>\n\t<\/li>\n\n\n    \n\n<li><a href='?page_no=31964'>Last &rsaquo;&rsaquo;<\/a><\/li>\n\n<\/ul>\n\n\n--><br \/>\n<\/body><\/p>\n","protected":false},"excerpt":{"rendered":"<p>Imponen prisi\u00f3n preventiva a un hombre que comet\u00eda incesto SANTO DOMINGO, Rep\u00fablica Dominicana.- El Ministerio P\u00fablico de esta demarcaci\u00f3n logr\u00f3 la imposici\u00f3n de medida de coerci\u00f3n, consistente en tres meses de prisi\u00f3n preventiva, al padre de una adolescente, que la obligaba a sostener encuentros sexuales y a enviarle im\u00e1genes de ella desnuda. El \u00f3rgano de [&hellip;]<\/p>\n","protected":false},"author":3,"featured_media":0,"comment_status":"open","ping_status":"open","sticky":false,"template":"","format":"standard","meta":{"footnotes":""},"categories":[24],"tags":[],"class_list":["post-137361","post","type-post","status-publish","format-standard","hentry","category-justicia-y-derecho"],"_links":{"self":[{"href":"https:\/\/diariodominicano.com\/index.php?rest_route=\/wp\/v2\/posts\/137361","targetHints":{"allow":["GET"]}}],"collection":[{"href":"https:\/\/diariodominicano.com\/index.php?rest_route=\/wp\/v2\/posts"}],"about":[{"href":"https:\/\/diariodominicano.com\/index.php?rest_route=\/wp\/v2\/types\/post"}],"author":[{"embeddable":true,"href":"https:\/\/diariodominicano.com\/index.php?rest_route=\/wp\/v2\/users\/3"}],"replies":[{"embeddable":true,"href":"https:\/\/diariodominicano.com\/index.php?rest_route=%2Fwp%2Fv2%2Fcomments&post=137361"}],"version-history":[{"count":0,"href":"https:\/\/diariodominicano.com\/index.php?rest_route=\/wp\/v2\/posts\/137361\/revisions"}],"wp:attachment":[{"href":"https:\/\/diariodominicano.com\/index.php?rest_route=%2Fwp%2Fv2%2Fmedia&parent=137361"}],"wp:term":[{"taxonomy":"category","embeddable":true,"href":"https:\/\/diariodominicano.com\/index.php?rest_route=%2Fwp%2Fv2%2Fcategories&post=137361"},{"taxonomy":"post_tag","embeddable":true,"href":"https:\/\/diariodominicano.com\/index.php?rest_route=%2Fwp%2Fv2%2Ftags&post=137361"}],"curies":[{"name":"wp","href":"https:\/\/api.w.org\/{rel}","templated":true}]}}