{"id":136250,"date":"2020-11-28T19:53:09","date_gmt":"2020-11-28T19:53:09","guid":{"rendered":"http:\/\/diariodominicano.ddns.net\/?p=136250"},"modified":"2020-11-28T19:53:09","modified_gmt":"2020-11-28T19:53:09","slug":"ministerio-publico-consigue-prision-preventiva-contra-implicado-en-asesinato-de-hombre-dentro-de-yipeta-en-sfm","status":"publish","type":"post","link":"https:\/\/diariodominicano.com\/?p=136250","title":{"rendered":"Ministerio P\u00fablico consigue prisi\u00f3n preventiva contra implicado en asesinato de hombre dentro de yipeta en SFM"},"content":{"rendered":"<p><body><\/p>\n<p><img decoding=\"async\" src=\"img3\/palacio sfm00.jpg\" \/>  <\/p>\n<p><strong>Diariodominicano.com<\/strong><\/p>\n<p><strong>Ministerio P\u00fablico consigue prisi\u00f3n preventiva contra implicado en asesinato de hombre dentro de yipeta en SFM  <\/strong><\/p>\n<p><strong> <\/strong><\/p>\n<p><strong>DUARTE, Rep\u00fablica Dominicana.<\/strong>&#8211; Una juez de la Oficina Judicial de Servicios de Atenci\u00f3n Permanente de esta demarcaci\u00f3n, con base en las pruebas aportadas por el Ministerio P\u00fablico, le impuso tres meses de prisi\u00f3n preventiva a un implicado en el asesinato de un hombre en el interior de una yipeta, en un hecho ocurrido en octubre pasado, en San Francisco de Macor\u00eds. <\/p>\n<\/p>\n<p>La jueza B\u00e1rbara Rodr\u00edguez le impuso la prisi\u00f3n preventiva a Erick Manuel N\u00fa\u00f1ez Paulino por la  muerte de Carlos Ram\u00edrez Morel (Carlito Ia) y orden\u00f3 su cumplimiento en el Centro de Correcci\u00f3n y Rehabilitaci\u00f3n Vista al Valle en esta localidad. <\/p>\n<\/p>\n<p>Seg\u00fan establece la solicitud de medida de coerci\u00f3n,  el hecho ocurri\u00f3 alrededor de las  12:00 de la noche del pasado 4 de octubre, en el sector San Mart\u00edn. <\/p>\n<\/p>\n<p>Se\u00f1ala que la v\u00edctima fue interceptada por dos personas mientras se desplazaba por el referido lugar a bordo de una yipeta y que recibi\u00f3 heridas de proyectil de arma de fuego en la cara y el cr\u00e1neo que le ocasionaron la muerte. <\/p>\n<\/p>\n<p>N\u00fa\u00f1ez Paulino cometi\u00f3 el hecho junto al pr\u00f3fugo Jefry Sandoval Cisnero, alias Cachi, quien es perseguido por las autoridades. <\/p>\n<\/p>\n<p>El Ministerio P\u00fablico dijo que contin\u00faan ampliando las investigaciones y que realizan las diligencias de lugar para ubicar y apresar a Sandoval Cisnero. <\/p>\n<\/p>\n<p>La instituci\u00f3n del sistema de administraci\u00f3n de justicia precis\u00f3 que le ha otorgado a este caso la calificaci\u00f3n jur\u00eddica provisional de violaci\u00f3n a los art\u00edculos 265,  266,  295, 296, 297, 298 y 302  del C\u00f3digo Penal Dominicano.<\/p>\n<\/p>\n<\/p>\n<p>Direcci\u00f3n de Comunicaci\u00f3n, Prensa y RRPP<\/p>\n<\/p>\n<p>Procuradur\u00eda General-Ministerio P\u00fablico RD<\/p>\n<\/p>\n<p>S\u00e1bado, 28 de noviembre de 2020.<\/p>\n<\/p>\n<h6> 2020-11-28 19:53:09 <\/h6>\n<p><!--\n<link rel=\"stylesheet\" href=\"css\/bootstrap.min.css\">\n\n\n<ul class=\"pagination\">\n\t    \n\t\n\n<li >\n\t<a href='?page_no=5'>Previous<\/a>\n\t<\/li>\n\n\n       \n    \n\n<li><a href='?page_no=1'>1<\/a><\/li>\n\n\n\n<li><a href='?page_no=2'>2<\/a><\/li>\n\n\n\n<li><a>...<\/a><\/li>\n\n\n\n<li><a href='?page_no=4'>4<\/a><\/li>\n\n\n\n<li><a href='?page_no=5'>5<\/a><\/li>\n\n\n\n<li class='active'><a>6<\/a><\/li>\n\n\n\n<li><a href='?page_no=7'>7<\/a><\/li>\n\n\n\n<li><a href='?page_no=8'>8<\/a><\/li>\n\n\n\n<li><a>...<\/a><\/li>\n\n\n\n<li><a href='?page_no=31963'>31963<\/a><\/li>\n\n\n\n<li><a href='?page_no=31964'>31964<\/a><\/li>\n\n    \n\t\n\n<li >\n\t<a href='?page_no=7'>Next<\/a>\n\t<\/li>\n\n\n    \n\n<li><a href='?page_no=31964'>Last &rsaquo;&rsaquo;<\/a><\/li>\n\n<\/ul>\n\n\n--><br \/>\n<\/body><\/p>\n","protected":false},"excerpt":{"rendered":"<p>Diariodominicano.com Ministerio P\u00fablico consigue prisi\u00f3n preventiva contra implicado en asesinato de hombre dentro de yipeta en SFM DUARTE, Rep\u00fablica Dominicana.&#8211; Una juez de la Oficina Judicial de Servicios de Atenci\u00f3n Permanente de esta demarcaci\u00f3n, con base en las pruebas aportadas por el Ministerio P\u00fablico, le impuso tres meses de prisi\u00f3n preventiva a un implicado en [&hellip;]<\/p>\n","protected":false},"author":3,"featured_media":0,"comment_status":"open","ping_status":"open","sticky":false,"template":"","format":"standard","meta":{"footnotes":""},"categories":[24],"tags":[],"class_list":["post-136250","post","type-post","status-publish","format-standard","hentry","category-justicia-y-derecho"],"_links":{"self":[{"href":"https:\/\/diariodominicano.com\/index.php?rest_route=\/wp\/v2\/posts\/136250","targetHints":{"allow":["GET"]}}],"collection":[{"href":"https:\/\/diariodominicano.com\/index.php?rest_route=\/wp\/v2\/posts"}],"about":[{"href":"https:\/\/diariodominicano.com\/index.php?rest_route=\/wp\/v2\/types\/post"}],"author":[{"embeddable":true,"href":"https:\/\/diariodominicano.com\/index.php?rest_route=\/wp\/v2\/users\/3"}],"replies":[{"embeddable":true,"href":"https:\/\/diariodominicano.com\/index.php?rest_route=%2Fwp%2Fv2%2Fcomments&post=136250"}],"version-history":[{"count":0,"href":"https:\/\/diariodominicano.com\/index.php?rest_route=\/wp\/v2\/posts\/136250\/revisions"}],"wp:attachment":[{"href":"https:\/\/diariodominicano.com\/index.php?rest_route=%2Fwp%2Fv2%2Fmedia&parent=136250"}],"wp:term":[{"taxonomy":"category","embeddable":true,"href":"https:\/\/diariodominicano.com\/index.php?rest_route=%2Fwp%2Fv2%2Fcategories&post=136250"},{"taxonomy":"post_tag","embeddable":true,"href":"https:\/\/diariodominicano.com\/index.php?rest_route=%2Fwp%2Fv2%2Ftags&post=136250"}],"curies":[{"name":"wp","href":"https:\/\/api.w.org\/{rel}","templated":true}]}}