{"id":135139,"date":"2020-11-28T21:24:21","date_gmt":"2020-11-28T21:24:21","guid":{"rendered":"http:\/\/diariodominicano.ddns.net\/?p=135139"},"modified":"2020-11-28T21:24:21","modified_gmt":"2020-11-28T21:24:21","slug":"imponen-prision-preventiva-a-dos-hombres-por-asesinato-de-un-joven-en-un-colmado-de-sfm","status":"publish","type":"post","link":"https:\/\/diariodominicano.com\/?p=135139","title":{"rendered":"Imponen prisi\u00f3n preventiva a dos hombres por asesinato de un joven en un colmado de SFM"},"content":{"rendered":"<p><body><\/p>\n<p><strong>Diariodominicano.com<\/strong><\/p>\n<p><strong>Imponen prisi\u00f3n preventiva a dos hombres por asesinato de un joven en un colmado de SFM<\/strong><\/p>\n<p><strong> <\/strong><\/p>\n<p><strong>Una mujer involucrada en el caso tambi\u00e9n recibi\u00f3 medidas de coerci\u00f3n consistentes en una garant\u00eda econ\u00f3mica de 800 mil pesos en efectivo, presentaci\u00f3n peri\u00f3dica e impedimento de salida del pa\u00eds<\/strong><\/p>\n<p><strong> <\/strong><\/p>\n<p><strong>DUARTE, Rep\u00fablica Dominicana.-<\/strong> La Fiscal\u00eda de esta jurisdicci\u00f3n consigui\u00f3 la imposici\u00f3n de prisi\u00f3n preventiva contra dos hombres involucrados en el asesinato de un joven en un colmado de San Francisco de Macor\u00eds el pasado 26 de agosto y otras medidas para una mujer involucrada en el caso.<\/p>\n<\/p>\n<p>El homicidio se produjo cuando una persona se desmont\u00f3 de la parte trasera de una motocicleta y entr\u00f3 al colmado donde se encontraba N\u00fa\u00f1ez y le propin\u00f3 los disparos mortales.<\/p>\n<\/p>\n<p>La jueza de la Oficina Judicial de Servicios de Atenci\u00f3n Permanente de la provincia Duarte, magistrada B\u00e1rbara Irene Rodr\u00edguez, impuso a los acusados Randy Joel Henr\u00edquez Monegro y  Enmanuel Lizardo Ortiz (Mamut) tres meses de prisi\u00f3n preventiva en el Centro de Correcci\u00f3n y Rehabilitaci\u00f3n Vista al Valle de San Francisco de Macor\u00eds por la muerte del joven Yan Carlos N\u00fa\u00f1ez, alias Kikito, quien falleci\u00f3 por heridas de proyectil de arma de fuego.<\/p>\n<\/p>\n<p>A la imputada Gabriela Maritzan Hern\u00e1ndez (Lubriela), quien tambi\u00e9n es procesada por este hecho, le impuso una garant\u00eda econ\u00f3mica de 800 mil pesos en efectivo, presentaci\u00f3n peri\u00f3dica e impedimento de salida del pa\u00eds.<\/p>\n<\/p>\n<p>El Ministerio P\u00fablico indic\u00f3 que a este caso le ha otorgado la calificaci\u00f3n jur\u00eddica de asociaci\u00f3n de malhechores para cometer asesinato, as\u00ed como porte y tenencia ilegal de arma de fuego, previstos y sancionados por los art\u00edculos 265, 266, 295, 296, 297, 298 y 304 del C\u00f3digo Penal Dominicano, y los art\u00edculos 66 y 67 de la Ley 631-16 sobre Armas, Municiones y Materiales Relacionados.<\/p>\n<\/p>\n<p>Seg\u00fan consta en la solicitud de medidas de coerci\u00f3n, miembros del Ministerio P\u00fablico, la Polic\u00eda Nacional y el Instituto Nacional de Ciencias Forenses (Inacif), luego de obtener informaci\u00f3n del caso, se presentaron al negocio para levantar el cad\u00e1ver de N\u00fa\u00f1ez.<\/p>\n<\/p>\n<p>La instancia detalla que la v\u00edctima recibi\u00f3 una herida en la mejilla izquierda con salida por la regi\u00f3n posterior del cuello y otra en el hemit\u00f3rax derecho con proyectil alojado en regi\u00f3n lumbar derecha.<\/p>\n<\/p>\n<p>De acuerdo con relatos de testigos, el hecho ocurri\u00f3 alrededor de las 12:30 de la madrugada del 26 de agosto. Indica que los victimarios llegaron al negocio y le dijeron a N\u00fa\u00f1ez \u00abdetr\u00e1s de ti es que andamos\u00bb; lo agarraron por el su\u00e9ter que vest\u00eda para sacarlo del local y, como la v\u00edctima se resisti\u00f3, uno de los acusados le dispar\u00f3 con el arma de fuego que portaba y ambos emprendieron la huida en la motocicleta en la que se desplazaban.<\/p>\n<\/p>\n<p>El Ministerio P\u00fablico dijo que contin\u00faa profundizando las investigaciones y haciendo las diligencias necesarias que les permitan lograr una sentencia condenatoria por el crimen.<\/p>\n<\/p>\n<\/p>\n<p>Direcci\u00f3n de Comunicaci\u00f3n, Prensa y RRPP<\/p>\n<\/p>\n<p>Procuradur\u00eda General-Ministerio P\u00fablico RD<\/p>\n<\/p>\n<p>S\u00e1bado, 28 de noviembre de 2020.<\/p>\n<\/p>\n<h6> 2020-11-28 21:24:21 <\/h6>\n<p><!--\n<link rel=\"stylesheet\" href=\"css\/bootstrap.min.css\">\n\n\n<ul class=\"pagination\">\n\t    \n\t\n\n<li >\n\t<a href='?page_no=4'>Previous<\/a>\n\t<\/li>\n\n\n       \n    \n\n<li><a href='?page_no=1'>1<\/a><\/li>\n\n\n\n<li><a href='?page_no=2'>2<\/a><\/li>\n\n\n\n<li><a>...<\/a><\/li>\n\n\n\n<li><a href='?page_no=3'>3<\/a><\/li>\n\n\n\n<li><a href='?page_no=4'>4<\/a><\/li>\n\n\n\n<li class='active'><a>5<\/a><\/li>\n\n\n\n<li><a href='?page_no=6'>6<\/a><\/li>\n\n\n\n<li><a href='?page_no=7'>7<\/a><\/li>\n\n\n\n<li><a>...<\/a><\/li>\n\n\n\n<li><a href='?page_no=31963'>31963<\/a><\/li>\n\n\n\n<li><a href='?page_no=31964'>31964<\/a><\/li>\n\n    \n\t\n\n<li >\n\t<a href='?page_no=6'>Next<\/a>\n\t<\/li>\n\n\n    \n\n<li><a href='?page_no=31964'>Last &rsaquo;&rsaquo;<\/a><\/li>\n\n<\/ul>\n\n\n--><br \/>\n<\/body><\/p>\n","protected":false},"excerpt":{"rendered":"<p>Diariodominicano.com Imponen prisi\u00f3n preventiva a dos hombres por asesinato de un joven en un colmado de SFM Una mujer involucrada en el caso tambi\u00e9n recibi\u00f3 medidas de coerci\u00f3n consistentes en una garant\u00eda econ\u00f3mica de 800 mil pesos en efectivo, presentaci\u00f3n peri\u00f3dica e impedimento de salida del pa\u00eds DUARTE, Rep\u00fablica Dominicana.- La Fiscal\u00eda de esta jurisdicci\u00f3n [&hellip;]<\/p>\n","protected":false},"author":3,"featured_media":0,"comment_status":"open","ping_status":"open","sticky":false,"template":"","format":"standard","meta":{"footnotes":""},"categories":[24],"tags":[],"class_list":["post-135139","post","type-post","status-publish","format-standard","hentry","category-justicia-y-derecho"],"_links":{"self":[{"href":"https:\/\/diariodominicano.com\/index.php?rest_route=\/wp\/v2\/posts\/135139","targetHints":{"allow":["GET"]}}],"collection":[{"href":"https:\/\/diariodominicano.com\/index.php?rest_route=\/wp\/v2\/posts"}],"about":[{"href":"https:\/\/diariodominicano.com\/index.php?rest_route=\/wp\/v2\/types\/post"}],"author":[{"embeddable":true,"href":"https:\/\/diariodominicano.com\/index.php?rest_route=\/wp\/v2\/users\/3"}],"replies":[{"embeddable":true,"href":"https:\/\/diariodominicano.com\/index.php?rest_route=%2Fwp%2Fv2%2Fcomments&post=135139"}],"version-history":[{"count":0,"href":"https:\/\/diariodominicano.com\/index.php?rest_route=\/wp\/v2\/posts\/135139\/revisions"}],"wp:attachment":[{"href":"https:\/\/diariodominicano.com\/index.php?rest_route=%2Fwp%2Fv2%2Fmedia&parent=135139"}],"wp:term":[{"taxonomy":"category","embeddable":true,"href":"https:\/\/diariodominicano.com\/index.php?rest_route=%2Fwp%2Fv2%2Fcategories&post=135139"},{"taxonomy":"post_tag","embeddable":true,"href":"https:\/\/diariodominicano.com\/index.php?rest_route=%2Fwp%2Fv2%2Ftags&post=135139"}],"curies":[{"name":"wp","href":"https:\/\/api.w.org\/{rel}","templated":true}]}}