{"id":134140,"date":"2020-11-18T17:26:53","date_gmt":"2020-11-18T17:26:53","guid":{"rendered":"http:\/\/diariodominicano.ddns.net\/?p=134140"},"modified":"2020-11-18T17:26:53","modified_gmt":"2020-11-18T17:26:53","slug":"fiscalia-dn-obtiene-prision-preventiva-contra-dos-imputados-por-traficar-52-kilos-de-cocaina","status":"publish","type":"post","link":"https:\/\/diariodominicano.com\/?p=134140","title":{"rendered":"Fiscal\u00eda DN obtiene prisi\u00f3n preventiva contra dos imputados por traficar 52 kilos de coca\u00edna"},"content":{"rendered":"<p><body><\/p>\n<p><img decoding=\"async\" src=\"img3\/fiscalia18-11-20.jpeg\" \/>  <\/p>\n<p><span class=\"text1noticias\">diariodominicano.com<\/span><\/p>\n<p><span class=\"text1noticias\">Santo Domingo, R. D., 18 de noviembre, 2020.-  La Fiscal\u00eda del Distrito Nacional logr\u00f3 que se impusiera tres meses de prisi\u00f3n preventiva como medida de coerci\u00f3n contra dos hombres imputados por incurrir en el tr\u00e1fico de sustancias il\u00edcitas, tras ocup\u00e1rseles m\u00e1s de 52 kilos de coca\u00edna.<\/span><\/p>\n<p><span class=\"text1noticias\"> <\/span><\/p>\n<p><span class=\"text1noticias\">La instancia de solicitud de medida de coerci\u00f3n fue acogida por el juez Jos\u00e9 Alejandro Vargas, de la Oficina Judicial de Servicios de Atenci\u00f3n Permanente del Distrito Nacional, por lo que luego de evaluar los elementos de prueba presentados por el Ministerio P\u00fablico envi\u00f3 a los imputados Eugenio Javier Fr\u00edas Navarro y Erwin Henry Medina Cabreja a la Penitenciaria Nacional La Victoria para cumplir la medida cautelar.<\/span><\/p>\n<p><span class=\"text1noticias\"> <\/span><\/p>\n<p><span class=\"text1noticias\">El Ministerio P\u00fablico ha calificado jur\u00eddicamente los actos cometidos por los imputados como una violaci\u00f3n a los art\u00edculos 5, letra A; 60 y 75, p\u00e1rrafo II, de la Ley 50-88 sobre Drogas y Sustancias Controladas, que los coloca en la categor\u00eda de traficantes.<\/span><\/p>\n<p><span class=\"text1noticias\"> <\/span><\/p>\n<p><span class=\"text1noticias\">Sobre los hechos, el expediente narra que la Direcci\u00f3n Nacional de Control de Drogas (DNCD) recibi\u00f3 la informaci\u00f3n de que se realizar\u00eda una transacci\u00f3n de sustancias il\u00edcitas en las proximidades de un local de ventas de veh\u00edculos, localizado en el sector El Mill\u00f3n, del Distrito Nacional, raz\u00f3n por la que realiz\u00f3 un operativo de vigilancia y despleg\u00f3 varias unidades en las cercan\u00edas del lugar.<\/span><\/p>\n<p><span class=\"text1noticias\"> <\/span><\/p>\n<p><span class=\"text1noticias\">Los imputados Fr\u00edas Navarro y Medina Cabreja salieron del referido dealer, desplaz\u00e1ndose en dos veh\u00edculos, uno de los cuales conten\u00eda el cargamento de drogas. De manera sospechosa, ambos imputados se pararon en la calle Prolongaci\u00f3n Luis F. Thomen, donde fueron detenidos por los agentes de la DNCD quienes les daban seguimiento.<\/span><\/p>\n<p><span class=\"text1noticias\"> <\/span><\/p>\n<p><span class=\"text1noticias\">Seg\u00fan un comunicado emitido por el Ministerio P\u00fablico, se verific\u00f3 que en la parte trasera del veh\u00edculo conducido por Medina Cabreja hab\u00eda un compartimiento oculto (caleta), donde se encontraron 50 paquetes de un polvo blanco, el cual fue analizado por miembros del Instituto Nacional de Ciencias Forenses (Inacif) y result\u00f3 ser coca\u00edna clorhidratada con un peso 52.53 kilogramos, conforme tambi\u00e9n se estableci\u00f3 en la solicitud de medida de coerci\u00f3n. <\/span><\/p>\n<p><span class=\"text1noticias\"> <\/span><\/p>\n<p><span class=\"text1noticias\">Fuente: Procuraduria Prensa <\/span><\/p>\n<p><span class=\"text1noticias\">Direcci\u00f3n de Comunicaci\u00f3n, Prensa y RRPP <\/span><\/p>\n<p><span class=\"text1noticias\">Procuradur\u00eda General-Ministerio P\u00fablico RD <\/span><\/p>\n<p><span class=\"text1noticias\">Direcci\u00f3n General de Comunicaci\u00f3n, Prensa y Relaciones P\u00fablicas<\/span><\/p>\n<p><span class=\"text1noticias\">Procuradur\u00eda General de la R<\/span>ep\u00fablica Dominicana<\/p>\n<p><span class=\"text1noticias\">Mi\u00e9rcoles, 18 de noviembre de 2020 <\/span><\/p>\n<h6> 2020-11-18 17:26:53 <\/h6>\n<p><!--\n<link rel=\"stylesheet\" href=\"css\/bootstrap.min.css\">\n\n\n<ul class=\"pagination\">\n\t    \n\t\n\n<li >\n\t<a href='?page_no=40'>Previous<\/a>\n\t<\/li>\n\n\n       \n    \n\n<li><a href='?page_no=1'>1<\/a><\/li>\n\n\n\n<li><a href='?page_no=2'>2<\/a><\/li>\n\n\n\n<li><a>...<\/a><\/li>\n\n\n\n<li><a href='?page_no=39'>39<\/a><\/li>\n\n\n\n<li><a href='?page_no=40'>40<\/a><\/li>\n\n\n\n<li class='active'><a>41<\/a><\/li>\n\n\n\n<li><a href='?page_no=42'>42<\/a><\/li>\n\n\n\n<li><a href='?page_no=43'>43<\/a><\/li>\n\n\n\n<li><a>...<\/a><\/li>\n\n\n\n<li><a href='?page_no=31963'>31963<\/a><\/li>\n\n\n\n<li><a href='?page_no=31964'>31964<\/a><\/li>\n\n    \n\t\n\n<li >\n\t<a href='?page_no=42'>Next<\/a>\n\t<\/li>\n\n\n    \n\n<li><a href='?page_no=31964'>Last &rsaquo;&rsaquo;<\/a><\/li>\n\n<\/ul>\n\n\n--><br \/>\n<\/body><\/p>\n","protected":false},"excerpt":{"rendered":"<p>diariodominicano.com Santo Domingo, R. D., 18 de noviembre, 2020.- La Fiscal\u00eda del Distrito Nacional logr\u00f3 que se impusiera tres meses de prisi\u00f3n preventiva como medida de coerci\u00f3n contra dos hombres imputados por incurrir en el tr\u00e1fico de sustancias il\u00edcitas, tras ocup\u00e1rseles m\u00e1s de 52 kilos de coca\u00edna. La instancia de solicitud de medida de coerci\u00f3n [&hellip;]<\/p>\n","protected":false},"author":3,"featured_media":0,"comment_status":"open","ping_status":"open","sticky":false,"template":"","format":"standard","meta":{"footnotes":""},"categories":[24],"tags":[],"class_list":["post-134140","post","type-post","status-publish","format-standard","hentry","category-justicia-y-derecho"],"_links":{"self":[{"href":"https:\/\/diariodominicano.com\/index.php?rest_route=\/wp\/v2\/posts\/134140","targetHints":{"allow":["GET"]}}],"collection":[{"href":"https:\/\/diariodominicano.com\/index.php?rest_route=\/wp\/v2\/posts"}],"about":[{"href":"https:\/\/diariodominicano.com\/index.php?rest_route=\/wp\/v2\/types\/post"}],"author":[{"embeddable":true,"href":"https:\/\/diariodominicano.com\/index.php?rest_route=\/wp\/v2\/users\/3"}],"replies":[{"embeddable":true,"href":"https:\/\/diariodominicano.com\/index.php?rest_route=%2Fwp%2Fv2%2Fcomments&post=134140"}],"version-history":[{"count":0,"href":"https:\/\/diariodominicano.com\/index.php?rest_route=\/wp\/v2\/posts\/134140\/revisions"}],"wp:attachment":[{"href":"https:\/\/diariodominicano.com\/index.php?rest_route=%2Fwp%2Fv2%2Fmedia&parent=134140"}],"wp:term":[{"taxonomy":"category","embeddable":true,"href":"https:\/\/diariodominicano.com\/index.php?rest_route=%2Fwp%2Fv2%2Fcategories&post=134140"},{"taxonomy":"post_tag","embeddable":true,"href":"https:\/\/diariodominicano.com\/index.php?rest_route=%2Fwp%2Fv2%2Ftags&post=134140"}],"curies":[{"name":"wp","href":"https:\/\/api.w.org\/{rel}","templated":true}]}}