{"id":134028,"date":"2020-11-29T13:36:23","date_gmt":"2020-11-29T13:36:23","guid":{"rendered":"http:\/\/diariodominicano.ddns.net\/?p=134028"},"modified":"2020-11-29T13:36:23","modified_gmt":"2020-11-29T13:36:23","slug":"ministerio-publico-inicia-arrestos-por-corrupcion-administrativa-de-exfuncionarios-proveedores-privilegiados-y-testaferros","status":"publish","type":"post","link":"https:\/\/diariodominicano.com\/?p=134028","title":{"rendered":"Ministerio P\u00fablico inicia arrestos por corrupci\u00f3n administrativa de exfuncionarios, proveedores privilegiados y testaferros"},"content":{"rendered":"<p><body><\/p>\n<p><img decoding=\"async\" src=\"img3\/Juan-magalys-medina-sanchez-fco-pagan29-11-20.jpg\" \/>  <\/p>\n<p> diariodominicano.com<\/p>\n<\/p>\n<p><span class=\"text1noticias\">Santo Domingo, R. D., 29 de noviembre, 2020.- La Procuradur\u00eda Especializada de Persecuci\u00f3n de la Corrupci\u00f3n Administrativa (Pepca) inici\u00f3 en la madrugada de este domingo el apresamiento de un grupo de exfuncionarios, as\u00ed como de proveedores privilegiados y testaferros que aprovecharon v\u00ednculos familiares con el poder pol\u00edtico para acumular fortunas durante el pasado per\u00edodo de gobierno. <\/span><\/p>\n<p><span class=\"text1noticias\"> <\/span><\/p>\n<p><span class=\"text1noticias\">Entre los primeros detenidos figura Francisco Pag\u00e1n, exdirector general de la Oficina de Ingenieros Supervisores de Obras del Estado (Oisoe). Tambi\u00e9n Carmen Magalys Medina S\u00e1nchez, exvicepresidenta del Fondo Patrimonial de las Empresas Reformadas (Fonper), y su hermano Juan Alexis Medina S\u00e1nchez. <\/span><\/p>\n<p><span class=\"text1noticias\"> <\/span><\/p>\n<p><span class=\"text1noticias\">El proceso de investigaci\u00f3n, que se desarrolla bajo los lineamientos generales y el permanente seguimiento de la procuradora de la Rep\u00fablica, Miriam Germ\u00e1n Brito, entr\u00f3 en una nueva fase con los arrestos de los primeros imputados que ser\u00e1n presentados ante un juez de la instrucci\u00f3n que deber\u00e1 conocerles medidas de coerci\u00f3n. <\/span><\/p>\n<p><span class=\"text1noticias\"> <\/span><\/p>\n<p><span class=\"text1noticias\">La Pepca, encabezada por el procurador adjunto Wilson Camacho, dirige el proceso apoyada por la Direcci\u00f3n General de Persecuci\u00f3n del Ministerio P\u00fablico y su titular, la procuradora adjunta Yeni Berenice Reynoso. Ambos magistrados dirigen a un grupo de fiscales que son apoyados por miembros de un equipo \u00e9lite de la Polic\u00eda Nacional. <\/span><\/p>\n<p><span class=\"text1noticias\"> <\/span><\/p>\n<p><span class=\"text1noticias\">Los arrestos se empezaron a producir en horas de la madrugada bajo el amparo de \u00f3rdenes judiciales que autorizan al Ministerio P\u00fablico a operar.<\/span><\/p>\n<p><span class=\"text1noticias\"> <\/span><\/p>\n<p><span class=\"text1noticias\"> <\/span><\/p>\n<p><span class=\"text1noticias\">La Procuradur\u00eda General de la Rep\u00fablica inform\u00f3, a trav\u00e9s de un comunicado, que mantendr\u00e1 enterada a la ciudadan\u00eda de manera oportuna, siempre con el debido respeto al proceso penal y a los derechos de los imputados que fueron trasladados a la c\u00e1rcel preventiva del Palacio de Justicia de Ciudad Nueva, en el Distrito Nacional.<\/span><\/p>\n<p><span class=\"text1noticias\"> <\/span><\/p>\n<p><span class=\"text1noticias\">Fuente: Procuradur\u00eda Prensa <\/span><\/p>\n<p><span class=\"text1noticias\">Direcci\u00f3n de Comunicaci\u00f3n, Prensa y RRPP <\/span><\/p>\n<p><span class=\"text1noticias\">Procuradur\u00eda General-Ministerio P\u00fablico RD <\/span><\/p>\n<p><span class=\"text1noticias\">Direcci\u00f3n General de Comunicaci\u00f3n, Prensa y Relaciones P\u00fablicas<\/span><\/p>\n<p><span class=\"text1noticias\">Procuradur\u00eda General de la Rep\u00fablica Dominicana<\/span><\/p>\n<p><span class=\"text1noticias\">Domingo, 29 de noviembre de 2020<\/span><\/p>\n<h6> 2020-11-29 13:36:23 <\/h6>\n<p><!--\n<link rel=\"stylesheet\" href=\"css\/bootstrap.min.css\">\n\n\n<ul class=\"pagination\">\n\t    \n\t\n\n<li >\n\t<a href='?page_no=3'>Previous<\/a>\n\t<\/li>\n\n\n       \n    \n\n<li><a href='?page_no=1'>1<\/a><\/li>\n\n\n\n<li><a href='?page_no=2'>2<\/a><\/li>\n\n\n\n<li><a href='?page_no=3'>3<\/a><\/li>\n\n\n\n<li class='active'><a>4<\/a><\/li>\n\n\n\n<li><a href='?page_no=5'>5<\/a><\/li>\n\n\n\n<li><a href='?page_no=6'>6<\/a><\/li>\n\n\n\n<li><a href='?page_no=7'>7<\/a><\/li>\n\n\n\n<li><a>...<\/a><\/li>\n\n\n\n<li><a href='?page_no=31963'>31963<\/a><\/li>\n\n\n\n<li><a href='?page_no=31964'>31964<\/a><\/li>\n\n    \n\t\n\n<li >\n\t<a href='?page_no=5'>Next<\/a>\n\t<\/li>\n\n\n    \n\n<li><a href='?page_no=31964'>Last &rsaquo;&rsaquo;<\/a><\/li>\n\n<\/ul>\n\n\n--><br \/>\n<\/body><\/p>\n","protected":false},"excerpt":{"rendered":"<p>diariodominicano.com Santo Domingo, R. D., 29 de noviembre, 2020.- La Procuradur\u00eda Especializada de Persecuci\u00f3n de la Corrupci\u00f3n Administrativa (Pepca) inici\u00f3 en la madrugada de este domingo el apresamiento de un grupo de exfuncionarios, as\u00ed como de proveedores privilegiados y testaferros que aprovecharon v\u00ednculos familiares con el poder pol\u00edtico para acumular fortunas durante el pasado per\u00edodo [&hellip;]<\/p>\n","protected":false},"author":3,"featured_media":0,"comment_status":"open","ping_status":"open","sticky":false,"template":"","format":"standard","meta":{"footnotes":""},"categories":[24],"tags":[],"class_list":["post-134028","post","type-post","status-publish","format-standard","hentry","category-justicia-y-derecho"],"_links":{"self":[{"href":"https:\/\/diariodominicano.com\/index.php?rest_route=\/wp\/v2\/posts\/134028","targetHints":{"allow":["GET"]}}],"collection":[{"href":"https:\/\/diariodominicano.com\/index.php?rest_route=\/wp\/v2\/posts"}],"about":[{"href":"https:\/\/diariodominicano.com\/index.php?rest_route=\/wp\/v2\/types\/post"}],"author":[{"embeddable":true,"href":"https:\/\/diariodominicano.com\/index.php?rest_route=\/wp\/v2\/users\/3"}],"replies":[{"embeddable":true,"href":"https:\/\/diariodominicano.com\/index.php?rest_route=%2Fwp%2Fv2%2Fcomments&post=134028"}],"version-history":[{"count":0,"href":"https:\/\/diariodominicano.com\/index.php?rest_route=\/wp\/v2\/posts\/134028\/revisions"}],"wp:attachment":[{"href":"https:\/\/diariodominicano.com\/index.php?rest_route=%2Fwp%2Fv2%2Fmedia&parent=134028"}],"wp:term":[{"taxonomy":"category","embeddable":true,"href":"https:\/\/diariodominicano.com\/index.php?rest_route=%2Fwp%2Fv2%2Fcategories&post=134028"},{"taxonomy":"post_tag","embeddable":true,"href":"https:\/\/diariodominicano.com\/index.php?rest_route=%2Fwp%2Fv2%2Ftags&post=134028"}],"curies":[{"name":"wp","href":"https:\/\/api.w.org\/{rel}","templated":true}]}}