{"id":133806,"date":"2020-11-19T11:42:09","date_gmt":"2020-11-19T11:42:09","guid":{"rendered":"http:\/\/diariodominicano.ddns.net\/?p=133806"},"modified":"2020-11-19T11:42:09","modified_gmt":"2020-11-19T11:42:09","slug":"ministerio-publico-de-santiago-solicitara-prision-preventiva-contra-abogado-por-complicidad-en-robo","status":"publish","type":"post","link":"https:\/\/diariodominicano.com\/?p=133806","title":{"rendered":"Ministerio P\u00fablico de Santiago solicitar\u00e1 prisi\u00f3n preventiva contra abogado por complicidad en robo"},"content":{"rendered":"<p><body><\/p>\n<p><img decoding=\"async\" src=\"img3\/Santiago19-11-20.jpg\" \/>  <\/p>\n<p><span class=\"text1noticias\"> <\/span><\/p>\n<p><span class=\"text1noticias\"> diariodominicano.com<\/span><\/p>\n<\/p>\n<p><span class=\"text1noticias\"> Santiago, R. D., 19 de noviembre, 2020.- La Fiscal\u00eda de esta jurisdicci\u00f3n inform\u00f3 sobre el apresamiento del abogado V\u00edctor Jos\u00e9 Senior Espinal, a quien acusa de complicidad en robo agravado en perjuicio de Rafael Octavio D\u00edaz D\u00edaz, delito por el que solicitar\u00e1 medidas de coerci\u00f3n en las pr\u00f3ximas horas. <\/span><\/p>\n<p><span class=\"text1noticias\"> <\/span><\/p>\n<p><span class=\"text1noticias\">Senior Espinal fue arrestado bajo la orden judicial 9079-2020 solicitada por el Departamento de Cr\u00edmenes y Delitos contra la Propiedad por ante la Oficina Judicial de Servicios de Atenci\u00f3n Permanente de este distrito judicial.<\/span><\/p>\n<p><span class=\"text1noticias\"> <\/span><\/p>\n<p><span class=\"text1noticias\">El \u00f3rgano de justicia expuso ante el juzgado de Atenci\u00f3n Permanente que el imputado incurri\u00f3 en la violaci\u00f3n de los art\u00edculos 59, 62, 379 y 384 del C\u00f3digo Penal Dominicano, que tipifica y sanciona la complicidad en robo agravado en perjuicio de la v\u00edctima Rafael Octavio D\u00edaz D\u00edaz. <\/span><\/p>\n<p><span class=\"text1noticias\"> <\/span><\/p>\n<p><span class=\"text1noticias\">En su solicitud, el Ministerio P\u00fablico explic\u00f3 que el abogado hizo contacto con D\u00edaz D\u00edaz para ofrecerse de mediador entre \u00e9l y una persona que pose\u00eda algunas pertenencias que hab\u00edan sido robadas en su residencia del sector Matanzas. Detalla que le propuso devolverle parte de los objetos, a cambio de que la v\u00edctima retirara la denuncia que hab\u00eda puesto ante las autoridades.<\/span><\/p>\n<p><span class=\"text1noticias\"> <\/span><\/p>\n<p><span class=\"text1noticias\">En un comunicado de prensa emitido por la Direcci\u00f3n de Comunicaciones de la Procuradur\u00eda General de la Rep\u00fablica, se explica que el Ministerio P\u00fablico de Santiago solicit\u00f3 una medida de coerci\u00f3n consistente en prisi\u00f3n preventiva, en contra del profesional del Derecho.<\/span><\/p>\n<p><span class=\"text1noticias\"> <\/span><\/p>\n<p><span class=\"text1noticias\">Se estableci\u00f3 adem\u00e1s que Senior Espinal hab\u00eda sido condenado el pasado 17 de agosto del a\u00f1o 2018 a la pena de dos a\u00f1os de prisi\u00f3n, a ser cumplida en el Centro de Correcci\u00f3n y Rehabilitaci\u00f3n Rafey Hombres, y al pago de una multa de un salario m\u00ednimo.<\/span><\/p>\n<p><span class=\"text1noticias\"> <\/span><\/p>\n<p><span class=\"text1noticias\">En esa ocasi\u00f3n, el imputado incurri\u00f3 en la violaci\u00f3n de la Ley 12-07 Sobre Multas, por violar el art\u00edculo 408 del C\u00f3digo Penal Dominicano, que tipifica el abuso de confianza, en perjuicio de Lucio Antonio Disla y Secundino Ram\u00f3n Rusel. <\/span><\/p>\n<p><span class=\"text1noticias\"> <\/span><\/p>\n<\/p>\n<p><span class=\"text1noticias\">Fuente: Procuradur\u00eda Prensa<\/span><\/p>\n<p><span class=\"text1noticias\">Direcci\u00f3n de Comunicaci\u00f3n, Prensa y RRPP <\/span><\/p>\n<p><span class=\"text1noticias\">Procuradur\u00eda General-Ministerio P\u00fablico RD <\/span><\/p>\n<p><span class=\"text1noticias\">Direcci\u00f3n General de Comunicaci\u00f3n, Prensa y Relaciones P\u00fablicas<\/span><\/p>\n<p><span class=\"text1noticias\">Procuradur\u00eda General de la<\/span> Rep\u00fablica Dominicana<\/p>\n<p>Un Ministerio P\u00fablico conectado con la ciudadan\u00eda<\/p>\n<p><span class=\"text1noticias\">Jueves, 19 de noviembre 2020<\/span><\/p>\n<h6> 2020-11-19 11:42:09 <\/h6>\n<p><!--\n<link rel=\"stylesheet\" href=\"css\/bootstrap.min.css\">\n\n\n<ul class=\"pagination\">\n\t    \n\t\n\n<li >\n\t<a href='?page_no=37'>Previous<\/a>\n\t<\/li>\n\n\n       \n    \n\n<li><a href='?page_no=1'>1<\/a><\/li>\n\n\n\n<li><a href='?page_no=2'>2<\/a><\/li>\n\n\n\n<li><a>...<\/a><\/li>\n\n\n\n<li><a href='?page_no=36'>36<\/a><\/li>\n\n\n\n<li><a href='?page_no=37'>37<\/a><\/li>\n\n\n\n<li class='active'><a>38<\/a><\/li>\n\n\n\n<li><a href='?page_no=39'>39<\/a><\/li>\n\n\n\n<li><a href='?page_no=40'>40<\/a><\/li>\n\n\n\n<li><a>...<\/a><\/li>\n\n\n\n<li><a href='?page_no=31963'>31963<\/a><\/li>\n\n\n\n<li><a href='?page_no=31964'>31964<\/a><\/li>\n\n    \n\t\n\n<li >\n\t<a href='?page_no=39'>Next<\/a>\n\t<\/li>\n\n\n    \n\n<li><a href='?page_no=31964'>Last &rsaquo;&rsaquo;<\/a><\/li>\n\n<\/ul>\n\n\n--><br \/>\n<\/body><\/p>\n","protected":false},"excerpt":{"rendered":"<p>diariodominicano.com Santiago, R. D., 19 de noviembre, 2020.- La Fiscal\u00eda de esta jurisdicci\u00f3n inform\u00f3 sobre el apresamiento del abogado V\u00edctor Jos\u00e9 Senior Espinal, a quien acusa de complicidad en robo agravado en perjuicio de Rafael Octavio D\u00edaz D\u00edaz, delito por el que solicitar\u00e1 medidas de coerci\u00f3n en las pr\u00f3ximas horas. Senior Espinal fue arrestado bajo [&hellip;]<\/p>\n","protected":false},"author":3,"featured_media":0,"comment_status":"open","ping_status":"open","sticky":false,"template":"","format":"standard","meta":{"footnotes":""},"categories":[24],"tags":[],"class_list":["post-133806","post","type-post","status-publish","format-standard","hentry","category-justicia-y-derecho"],"_links":{"self":[{"href":"https:\/\/diariodominicano.com\/index.php?rest_route=\/wp\/v2\/posts\/133806","targetHints":{"allow":["GET"]}}],"collection":[{"href":"https:\/\/diariodominicano.com\/index.php?rest_route=\/wp\/v2\/posts"}],"about":[{"href":"https:\/\/diariodominicano.com\/index.php?rest_route=\/wp\/v2\/types\/post"}],"author":[{"embeddable":true,"href":"https:\/\/diariodominicano.com\/index.php?rest_route=\/wp\/v2\/users\/3"}],"replies":[{"embeddable":true,"href":"https:\/\/diariodominicano.com\/index.php?rest_route=%2Fwp%2Fv2%2Fcomments&post=133806"}],"version-history":[{"count":0,"href":"https:\/\/diariodominicano.com\/index.php?rest_route=\/wp\/v2\/posts\/133806\/revisions"}],"wp:attachment":[{"href":"https:\/\/diariodominicano.com\/index.php?rest_route=%2Fwp%2Fv2%2Fmedia&parent=133806"}],"wp:term":[{"taxonomy":"category","embeddable":true,"href":"https:\/\/diariodominicano.com\/index.php?rest_route=%2Fwp%2Fv2%2Fcategories&post=133806"},{"taxonomy":"post_tag","embeddable":true,"href":"https:\/\/diariodominicano.com\/index.php?rest_route=%2Fwp%2Fv2%2Ftags&post=133806"}],"curies":[{"name":"wp","href":"https:\/\/api.w.org\/{rel}","templated":true}]}}