{"id":133695,"date":"2020-11-19T21:50:21","date_gmt":"2020-11-19T21:50:21","guid":{"rendered":"http:\/\/diariodominicano.ddns.net\/?p=133695"},"modified":"2020-11-19T21:50:21","modified_gmt":"2020-11-19T21:50:21","slug":"tribunal-continuara-el-lunes-el-conocimiento-del-juicio-contra-acusados-del-caso-odebrecht","status":"publish","type":"post","link":"https:\/\/diariodominicano.com\/?p=133695","title":{"rendered":"Tribunal continuar\u00e1 el lunes el conocimiento del juicio contra acusados del caso Odebrecht"},"content":{"rendered":"<p><body><\/p>\n<p><span class=\"text1noticias\"> <\/span><\/p>\n<p><span class=\"text1noticias\"> diariodominicano.com<\/span><\/p>\n<p><span class=\"text1noticias\"> Santo Domingo, R. D., <\/span>19 de noviembre, 2020.- <span class=\"text1noticias\">Tras agotar el horario establecido, las juezas del Primer Tribunal Colegiado del Distrito Nacional dispusieron la suspensi\u00f3n del juicio por corrupci\u00f3n del caso Odebrecht y ordenaron su reanudaci\u00f3n a partir del pr\u00f3ximo lunes 23 de noviembre, a las 9:00 de la ma\u00f1ana.<\/span><\/p>\n<p><span class=\"text1noticias\"> <\/span><\/p>\n<p><span class=\"text1noticias\">En la jornada de este jueves, la defensa t\u00e9cnica de los acusados respondi\u00f3 a las imputaciones formuladas por Ministerio P\u00fablico en la estructuraci\u00f3n del caso. La propia constructora confes\u00f3 el pago de US$92 millones en sobornos con el objetivo de obtener la concesi\u00f3n de obras contratadas por el Estado.<\/span><\/p>\n<p><span class=\"text1noticias\"> <\/span><\/p>\n<p><span class=\"text1noticias\">En la primera parte de la jornada de este jueves, las juezas Esmirna Gisselle M\u00e9ndez, Tania Yunes y Jissel Naranjo dispusieron un receso a las 12:30 de la tarde y ordenaron su reanudaci\u00f3n a partir de las 2:20.<\/span><\/p>\n<p><span class=\"text1noticias\"> <\/span><\/p>\n<p><span class=\"text1noticias\">Debido a la pandemia de la COVID-19, el acceso a la sala del Primer Tribunal Colegiado de la C\u00e1mara Penal del Juzgado de Primera Instancia del Distrito Nacional sigue un protocolo establecido por la Suprema Corte de Justicia para evitar posibles contagios del coronavirus SARS-CoV-2. Aunque se trata de una audiencia presencial y se transmite en vivo a trav\u00e9s de la plataforma de Youtube.<\/span><\/p>\n<p><span class=\"text1noticias\"> <\/span><\/p>\n<p><span class=\"text1noticias\">La estructuraci\u00f3n y presentaci\u00f3n del caso ante el tribunal est\u00e1 a cargo de un equipo del Ministerio P\u00fablico encabezado por el procurador adjunto Wilson Camacho, titular de la Procuradur\u00eda Especializada de Persecuci\u00f3n de la Corrupci\u00f3n Administrativa (Pepca).<\/span><\/p>\n<p><span class=\"text1noticias\"> <\/span><\/p>\n<p><span class=\"text1noticias\">A Camacho le acompa\u00f1an en la barra del Ministerio P\u00fablico los fiscales Mirna Ortiz, Milc\u00edades Guzm\u00e1n, Isis de la Cruz, Joel L\u00f3pez, \u00c1ngel Dar\u00edo Tejeda Fabal, Wagner Cubilete y Jos\u00e9 Miguel Marmolejos Vallejo. Tambi\u00e9n litigan los fiscalizadores Elizabeth Paredes Ram\u00edrez y Ernesto Guzm\u00e1n Alberto.<\/span><\/p>\n<p><span class=\"text1noticias\"> <\/span><\/p>\n<p><span class=\"text1noticias\">En su intervenci\u00f3n, el abogado Miguel Minier, de la defensa t\u00e9cnica del imputado \u00c1ngel Rond\u00f3n Rijo, neg\u00f3 que el patrimonio de su cliente est\u00e9 ligado a los sobornos pagados por Odebrecht e insisti\u00f3 en que los bienes que acumula son los de un hombre visionario y emprendedor.<\/span><\/p>\n<p><span class=\"text1noticias\"> <\/span><\/p>\n<p><span class=\"text1noticias\">Por disposici\u00f3n del tribunal el pr\u00f3ximo lunes Rond\u00f3n Rijo dispondr\u00e1 de una hora para concluir su declaraci\u00f3n.<\/span><\/p>\n<p><span class=\"text1noticias\"> <\/span><\/p>\n<p><span class=\"text1noticias\">En la audiencia de este jueves, Miguel Valerio, abogado del imputado V\u00edctor D\u00edaz R\u00faa, present\u00f3 su discurso de apertura, en el que asegur\u00f3 que aportar\u00e1 pruebas que demuestran que su defendido se apega a la ley.<\/span><\/p>\n<p><span class=\"text1noticias\"> <\/span><\/p>\n<p><span class=\"text1noticias\">Los abogados de Conrado Pittaluga igualmente rechazaron los hechos imputados, al tiempo de indicar que su defendido niega la acusaci\u00f3n de manera completa. <\/span><\/p>\n<p><span class=\"text1noticias\"> <\/span><\/p>\n<p><span class=\"text1noticias\">En la audiencia anterior, realizada el pasado martes, tambi\u00e9n presentaron sus discursos de apertura las defensas t\u00e9cnicas de los imputados Andr\u00e9s Bautista, Tommy Gal\u00e1n Grull\u00f3n y Roberto Rodr\u00edguez Hern\u00e1ndez, quienes tambi\u00e9n negaron las imputaciones formuladas por el Ministerio P\u00fablico.<\/span><\/p>\n<p><span class=\"text1noticias\"> <\/span><\/p>\n<p><span class=\"text1noticias\">Durante el juicio, en horas de la tarde, el tribunal dio inicio a la ronda de declaraciones de los encartados sobre la acusaci\u00f3n del Ministerio P\u00fablico en este caso de corrupci\u00f3n, iniciando con el principal encartado del caso \u00c1ngel Rond\u00f3n Rijo, quien neg\u00f3 que distribuyera sobornos entre funcionarios y legisladores a nombre de la empresa constructora.<\/span><\/p>\n<p><span class=\"text1noticias\"> <\/span><\/p>\n<p><span class=\"text1noticias\">El Ministerio P\u00fablico acusa a los seis encartados en el expediente de incurrir en cobro de soborno, prevaricaci\u00f3n, lavado de activos, falsedad en escritura p\u00fablica, delitos de funcionarios que se mezclan en asuntos incompatibles con su calidad y de complicidad de sobornos en el comercio y la inversi\u00f3n.<\/span><\/p>\n<p><span class=\"text1noticias\"> <\/span><\/p>\n<p><span class=\"text1noticias\">Esos hechos, seg\u00fan el caso estructurado y presentado por el Ministerio P\u00fablico ante el tribunal, constituyen una violaci\u00f3n al C\u00f3digo Penal Dominicano, la antigua Ley 72-02 sobre Lavado de Activos y la Ley 448-06, sobre Soborno.<\/span><\/p>\n<p><span class=\"text1noticias\"> <\/span><\/p>\n<p><span class=\"text1noticias\">Fuente: procuraduria prensa <\/span><\/p>\n<p><span class=\"text1noticias\">Direcci\u00f3n de Comunicaci\u00f3n, Prensa y RRPP <\/span><\/p>\n<p><span class=\"text1noticias\">Procuradur\u00eda General-Ministerio P\u00fablico RD <\/span><\/p>\n<p><span class=\"text1noticias\">Jueves, 19 de noviembre de 2020<\/span><\/p>\n<p><span class=\"text1noticias\">Direcci\u00f3n General de Comunicaci\u00f3n, Prensa y Relaciones P\u00fablicas<\/span><\/p>\n<p><span class=\"text1noticias\">Procuradur\u00eda General<\/span> de la Rep\u00fablica Dominicana<\/p>\n<h6> 2020-11-19 21:50:21 <\/h6>\n<p><!--\n<link rel=\"stylesheet\" href=\"css\/bootstrap.min.css\">\n\n\n<ul class=\"pagination\">\n\t    \n\t\n\n<li >\n\t<a href='?page_no=36'>Previous<\/a>\n\t<\/li>\n\n\n       \n    \n\n<li><a href='?page_no=1'>1<\/a><\/li>\n\n\n\n<li><a href='?page_no=2'>2<\/a><\/li>\n\n\n\n<li><a>...<\/a><\/li>\n\n\n\n<li><a href='?page_no=35'>35<\/a><\/li>\n\n\n\n<li><a href='?page_no=36'>36<\/a><\/li>\n\n\n\n<li class='active'><a>37<\/a><\/li>\n\n\n\n<li><a href='?page_no=38'>38<\/a><\/li>\n\n\n\n<li><a href='?page_no=39'>39<\/a><\/li>\n\n\n\n<li><a>...<\/a><\/li>\n\n\n\n<li><a href='?page_no=31963'>31963<\/a><\/li>\n\n\n\n<li><a href='?page_no=31964'>31964<\/a><\/li>\n\n    \n\t\n\n<li >\n\t<a href='?page_no=38'>Next<\/a>\n\t<\/li>\n\n\n    \n\n<li><a href='?page_no=31964'>Last &rsaquo;&rsaquo;<\/a><\/li>\n\n<\/ul>\n\n\n--><br \/>\n<\/body><\/p>\n","protected":false},"excerpt":{"rendered":"<p>diariodominicano.com Santo Domingo, R. D., 19 de noviembre, 2020.- Tras agotar el horario establecido, las juezas del Primer Tribunal Colegiado del Distrito Nacional dispusieron la suspensi\u00f3n del juicio por corrupci\u00f3n del caso Odebrecht y ordenaron su reanudaci\u00f3n a partir del pr\u00f3ximo lunes 23 de noviembre, a las 9:00 de la ma\u00f1ana. En la jornada de [&hellip;]<\/p>\n","protected":false},"author":3,"featured_media":0,"comment_status":"open","ping_status":"open","sticky":false,"template":"","format":"standard","meta":{"footnotes":""},"categories":[24],"tags":[],"class_list":["post-133695","post","type-post","status-publish","format-standard","hentry","category-justicia-y-derecho"],"_links":{"self":[{"href":"https:\/\/diariodominicano.com\/index.php?rest_route=\/wp\/v2\/posts\/133695","targetHints":{"allow":["GET"]}}],"collection":[{"href":"https:\/\/diariodominicano.com\/index.php?rest_route=\/wp\/v2\/posts"}],"about":[{"href":"https:\/\/diariodominicano.com\/index.php?rest_route=\/wp\/v2\/types\/post"}],"author":[{"embeddable":true,"href":"https:\/\/diariodominicano.com\/index.php?rest_route=\/wp\/v2\/users\/3"}],"replies":[{"embeddable":true,"href":"https:\/\/diariodominicano.com\/index.php?rest_route=%2Fwp%2Fv2%2Fcomments&post=133695"}],"version-history":[{"count":0,"href":"https:\/\/diariodominicano.com\/index.php?rest_route=\/wp\/v2\/posts\/133695\/revisions"}],"wp:attachment":[{"href":"https:\/\/diariodominicano.com\/index.php?rest_route=%2Fwp%2Fv2%2Fmedia&parent=133695"}],"wp:term":[{"taxonomy":"category","embeddable":true,"href":"https:\/\/diariodominicano.com\/index.php?rest_route=%2Fwp%2Fv2%2Fcategories&post=133695"},{"taxonomy":"post_tag","embeddable":true,"href":"https:\/\/diariodominicano.com\/index.php?rest_route=%2Fwp%2Fv2%2Ftags&post=133695"}],"curies":[{"name":"wp","href":"https:\/\/api.w.org\/{rel}","templated":true}]}}