{"id":133584,"date":"2020-11-20T11:00:35","date_gmt":"2020-11-20T11:00:35","guid":{"rendered":"http:\/\/diariodominicano.ddns.net\/?p=133584"},"modified":"2020-11-20T11:00:35","modified_gmt":"2020-11-20T11:00:35","slug":"el-ministerio-publico-reafirma-su-compromiso-con-los-derechos-y-la-proteccion-de-la-ninez","status":"publish","type":"post","link":"https:\/\/diariodominicano.com\/?p=133584","title":{"rendered":"El Ministerio P\u00fablico reafirma su compromiso con los derechos y la protecci\u00f3n de la ni\u00f1ez"},"content":{"rendered":"<p><body><\/p>\n<p><img decoding=\"async\" src=\"img3\/nenez4.jpg\" \/><br \/><img decoding=\"async\" src=\"img3\/ninez000.jpg\" \/><br \/><img decoding=\"async\" src=\"img3\/nenez3.jpg\" \/>  <\/p>\n<p><strong>Diariodominicano.com<\/strong><\/p>\n<p><strong>La Procuradora General de la Rep\u00fablica, magistrada Germ\u00e1n Brito expres\u00f3 el compromiso de seguir impulsando las acciones de la Direcci\u00f3n de Ni\u00f1os, Ni\u00f1as, Adolescentes y Familia (Dinnaf), que encabeza la magistrada Din\u00e1 Llaver\u00edas, y de reforzar las medidas de protecci\u00f3n a la ni\u00f1ez, una labor que debe asumirse de manera integral desde las diferentes instancias estatales.<\/strong><\/p>\n<p><strong>El Ministerio P\u00fablico reafirma su compromiso con los derechos y la protecci\u00f3n de la ni\u00f1ez<\/strong><\/p>\n<p><strong> <\/strong><\/p>\n<p><strong>Con motivo del D\u00eda Universal del Ni\u00f1o las magistradas Miriam Germ\u00e1n Brito y Olga Din\u00e1 Llaver\u00edas sostuvieron un conversatorio con ni\u00f1os, ni\u00f1as y adolescentes<\/strong><\/p>\n<p><strong> <\/strong><\/p>\n<p><strong>SANTO DOMINGO, Rep\u00fablica Dominicana, 20 de noviembre de 2020.-<\/strong> La procuradora general de la Rep\u00fablica, Miriam Germ\u00e1n Brito, y la procuradora general de corte Olga Din\u00e1 Llaver\u00edas, sostuvieron un di\u00e1logo con ni\u00f1os, ni\u00f1as y adolescentes de diferentes puntos del pa\u00eds, a quienes reafirmaron la determinaci\u00f3n del Ministerio P\u00fablico de trabajar para proteger los derechos de las personas menores de edad.<\/p>\n<\/p>\n<p>La magistrada Germ\u00e1n Brito expres\u00f3 el compromiso de seguir impulsando las acciones de la Direcci\u00f3n de Ni\u00f1os, Ni\u00f1as, Adolescentes y Familia (Dinnaf), que encabeza la magistrada Din\u00e1 Llaver\u00edas, y de reforzar las medidas de protecci\u00f3n a la ni\u00f1ez, una labor que debe asumirse de manera integral desde las diferentes instancias estatales.<\/p>\n<\/p>\n<p>\u00abEs necesario ir creando conciencia en la poblaci\u00f3n de la necesidad de proteger la ni\u00f1ez y la infancia y garantizarles salud, educaci\u00f3n, y el progreso en t\u00e9rminos humanos\u00bb, expuso en su conversaci\u00f3n a trav\u00e9s de la plataforma Zoom, a prop\u00f3sito de celebrarse este 20 de noviembre el D\u00eda Universal del Ni\u00f1o.<\/p>\n<\/p>\n<p>En tanto que la magistrada Din\u00e1 Llaver\u00edas comparti\u00f3 con los peque\u00f1os interlocutores las preocupaciones y satisfacciones que genera la funci\u00f3n que desempe\u00f1a.<\/p>\n<\/p>\n<p>\u00abTrabajar en favor de los ni\u00f1os, ni\u00f1as y adolescentes en Rep\u00fablica Dominicana y en cualquier parte del mundo es trabajar para el presente y trabajar para el futuro; es una manera de construir una mejor sociedad y de aportar, que aunque los resultados no se vean a corto plazo, uno garantiza a futuro tener un mejor resultado\u00bb.<\/p>\n<\/p>\n<p>Este di\u00e1logo permiti\u00f3 instruir a los peque\u00f1os sobre el deber del Estado de brindarles protecci\u00f3n, las precauciones que ellos deben tener para preservar su integridad f\u00edsica y su dignidad humana, as\u00ed como las v\u00edas para informar sobre los abusos frente a los que deben estar alerta.<\/p>\n<\/p>\n<p>Durante m\u00e1s de una hora y en un ambiente distendido, diez invitados de entre ocho y 16 a\u00f1os compartieron con las magistradas informaci\u00f3n sobre el sistema de protecci\u00f3n a ni\u00f1os, ni\u00f1as y adolescentes, as\u00ed como opiniones, preguntas, inquietudes, adem\u00e1s de consejos, risas y hasta poes\u00eda.<\/p>\n<\/p>\n<p>Participaron ni\u00f1os y ni\u00f1as del Distrito Nacional, la provincia Santo Domingo, Barahona, Dajab\u00f3n e Independencia, seleccionados gracias a la colaboraci\u00f3n con Plan Internacional, World Vision y el colegio New Horizons.<\/p>\n<\/p>\n<p>\u00bfAlguien la ha acusado de corrupci\u00f3n?, \u00bfQu\u00e9 deben hacer los ni\u00f1os si sienten que sus derechos est\u00e1n siendo violados? \u00bfHa sido discriminada en su condici\u00f3n de mujer?, figuran entre las preguntas que hicieron los invitados al di\u00e1logo.<\/p>\n<\/p>\n<p>El conversatorio tom\u00f3 un giro emotivo cuando Lisis Marlin Rodr\u00edguez, de Dajab\u00f3n, recit\u00f3 un poema sobre los derechos de la ni\u00f1ez, que arranc\u00f3 aplausos a todos los participantes. La ni\u00f1a de 10 a\u00f1os expres\u00f3 el deseo de conocer a las magistradas Germ\u00e1n Brito y Din\u00e1 Llaver\u00edas, quienes tambi\u00e9n mostraron inter\u00e9s en compartir con la peque\u00f1a declamadora.<\/p>\n<\/p>\n<p>\u00abLas autoridades tenemos que crear campa\u00f1as en valores y los padres deben ense\u00f1ar y fomentar los valores y las buenas costumbres para llevar a mantener los conceptos de iguales con los dem\u00e1s; porque la educaci\u00f3n, la formaci\u00f3n, el seguimiento de los padres y la integraci\u00f3n de todos los sectores se necesitan para eliminar el abuso infantil\u00bb, expres\u00f3 Germ\u00e1n Brito al cierre del encuentro.<\/p>\n<\/p>\n<\/p>\n<p>Direcci\u00f3n de Comunicaci\u00f3n, Prensa y RRPP<\/p>\n<\/p>\n<p>Procuradur\u00eda General-Ministerio P\u00fablico RD<\/p>\n<\/p>\n<p>Viernes, 20 de noviembre de 2020.<\/p>\n<\/p>\n<h6> 2020-11-20 11:00:35 <\/h6>\n<p><!--\n<link rel=\"stylesheet\" href=\"css\/bootstrap.min.css\">\n\n\n<ul class=\"pagination\">\n\t    \n\t\n\n<li >\n\t<a href='?page_no=35'>Previous<\/a>\n\t<\/li>\n\n\n       \n    \n\n<li><a href='?page_no=1'>1<\/a><\/li>\n\n\n\n<li><a href='?page_no=2'>2<\/a><\/li>\n\n\n\n<li><a>...<\/a><\/li>\n\n\n\n<li><a href='?page_no=34'>34<\/a><\/li>\n\n\n\n<li><a href='?page_no=35'>35<\/a><\/li>\n\n\n\n<li class='active'><a>36<\/a><\/li>\n\n\n\n<li><a href='?page_no=37'>37<\/a><\/li>\n\n\n\n<li><a href='?page_no=38'>38<\/a><\/li>\n\n\n\n<li><a>...<\/a><\/li>\n\n\n\n<li><a href='?page_no=31963'>31963<\/a><\/li>\n\n\n\n<li><a href='?page_no=31964'>31964<\/a><\/li>\n\n    \n\t\n\n<li >\n\t<a href='?page_no=37'>Next<\/a>\n\t<\/li>\n\n\n    \n\n<li><a href='?page_no=31964'>Last &rsaquo;&rsaquo;<\/a><\/li>\n\n<\/ul>\n\n\n--><br \/>\n<\/body><\/p>\n","protected":false},"excerpt":{"rendered":"<p>Diariodominicano.com La Procuradora General de la Rep\u00fablica, magistrada Germ\u00e1n Brito expres\u00f3 el compromiso de seguir impulsando las acciones de la Direcci\u00f3n de Ni\u00f1os, Ni\u00f1as, Adolescentes y Familia (Dinnaf), que encabeza la magistrada Din\u00e1 Llaver\u00edas, y de reforzar las medidas de protecci\u00f3n a la ni\u00f1ez, una labor que debe asumirse de manera integral desde las diferentes [&hellip;]<\/p>\n","protected":false},"author":3,"featured_media":0,"comment_status":"open","ping_status":"open","sticky":false,"template":"","format":"standard","meta":{"footnotes":""},"categories":[24],"tags":[],"class_list":["post-133584","post","type-post","status-publish","format-standard","hentry","category-justicia-y-derecho"],"_links":{"self":[{"href":"https:\/\/diariodominicano.com\/index.php?rest_route=\/wp\/v2\/posts\/133584","targetHints":{"allow":["GET"]}}],"collection":[{"href":"https:\/\/diariodominicano.com\/index.php?rest_route=\/wp\/v2\/posts"}],"about":[{"href":"https:\/\/diariodominicano.com\/index.php?rest_route=\/wp\/v2\/types\/post"}],"author":[{"embeddable":true,"href":"https:\/\/diariodominicano.com\/index.php?rest_route=\/wp\/v2\/users\/3"}],"replies":[{"embeddable":true,"href":"https:\/\/diariodominicano.com\/index.php?rest_route=%2Fwp%2Fv2%2Fcomments&post=133584"}],"version-history":[{"count":0,"href":"https:\/\/diariodominicano.com\/index.php?rest_route=\/wp\/v2\/posts\/133584\/revisions"}],"wp:attachment":[{"href":"https:\/\/diariodominicano.com\/index.php?rest_route=%2Fwp%2Fv2%2Fmedia&parent=133584"}],"wp:term":[{"taxonomy":"category","embeddable":true,"href":"https:\/\/diariodominicano.com\/index.php?rest_route=%2Fwp%2Fv2%2Fcategories&post=133584"},{"taxonomy":"post_tag","embeddable":true,"href":"https:\/\/diariodominicano.com\/index.php?rest_route=%2Fwp%2Fv2%2Ftags&post=133584"}],"curies":[{"name":"wp","href":"https:\/\/api.w.org\/{rel}","templated":true}]}}