{"id":133029,"date":"2020-11-22T12:04:44","date_gmt":"2020-11-22T12:04:44","guid":{"rendered":"http:\/\/diariodominicano.ddns.net\/?p=133029"},"modified":"2020-11-22T12:04:44","modified_gmt":"2020-11-22T12:04:44","slug":"la-procuradora-general-de-la-republica-miriam-german-brito-prohibe-a-los-fiscales-levantar-actas-compromiso-que-impidan-apresar-a-potenciales-feminicidas","status":"publish","type":"post","link":"https:\/\/diariodominicano.com\/?p=133029","title":{"rendered":"La Procuradora General de la Rep\u00fablica Miriam Germ\u00e1n Brito proh\u00edbe a los fiscales levantar \u00abactas compromiso\u00bb que impidan apresar a potenciales feminicidas"},"content":{"rendered":"<p><body><\/p>\n<p><img decoding=\"async\" src=\"img3\/MirianGerman22-11-20.jpg\" \/>  <\/p>\n<p><strong><span class=\"text1noticias\"> <\/span><\/strong><\/p>\n<p><strong><span class=\"text1noticias\">diariodominicano.com<\/span><\/strong><\/p>\n<p><strong><span class=\"text1noticias\"> \u00abQueda totalmente prohibido levantar `actas compromisos` en materia de violencia feminicida\u00bb, plantea Germ\u00e1n Brito en una instrucci\u00f3n general impartida a todo el cuerpo del Ministerio P\u00fablico en la que advierte, adem\u00e1s, que se trata de una postura que \u00abdeber\u00e1 permanecer invariable\u00bb. <\/span><\/strong><span class=\"text1noticias\"> <\/span><\/p>\n<p><span class=\"text1noticias\"> <\/span><\/p>\n<p><span class=\"text1noticias\"><strong>Santo Domingo, R. D., 22 de noviembre, 2020.- <\/strong>La procuradora general Miriam Germ\u00e1n Brito prohibi\u00f3 a todos los fiscales del pa\u00eds que conocen de violencia de g\u00e9nero levantar \u00abactas compromisos\u00bb que dejen en libertad a agresores en los casos que re\u00fanen una serie de caracter\u00edsticas que alertan a las autoridades sobre un potencial feminicida. <\/span><\/p>\n<p><span class=\"text1noticias\"> <\/span><\/p>\n<p><span class=\"text1noticias\">\u00abQueda totalmente prohibido levantar `actas compromisos` en materia de violencia feminicida\u00bb, plantea Germ\u00e1n Brito en una instrucci\u00f3n general impartida a todo el cuerpo del Ministerio P\u00fablico en la que advierte, adem\u00e1s, que se trata de una postura que \u00abdeber\u00e1 permanecer invariable\u00bb.  <\/span><\/p>\n<p><span class=\"text1noticias\"> <\/span><\/p>\n<p><span class=\"text1noticias\">\u00abA pesar de que la v\u00edctima -como consecuencia del S\u00edndrome de la Mujer Maltratada o la indefensi\u00f3n aprendida- quiera establecer un acuerdo, es importante tener en cuenta que para acordar, el consentimiento de las partes no puede estar viciado y una mujer que tiene su vida en riesgo frente a su verdugo agresor carece de libertad para convenir al margen de las secuelas que deja la violencia feminicida\u00bb. <\/span><\/p>\n<p><span class=\"text1noticias\"> <\/span><\/p>\n<p><span class=\"text1noticias\">La medida adoptada por la procuradora busca reducir el riesgo de tragedias en el entorno de hombres con relaciones t\u00f3xicas con sus parejas o exparejas e incluso con su \u00e1mbito familiar. Se trata de una decisi\u00f3n firme que deber\u00e1 facilitar el apresamiento -y hasta persuadir en muchos casos- a hombres como los responsables de matar a decenas de mujeres cada a\u00f1o en los casos de feminicidios y feminicidios no \u00edntimos.<\/span><\/p>\n<p><span class=\"text1noticias\"> <\/span><\/p>\n<p><span class=\"text1noticias\">La instrucci\u00f3n general obliga a los fiscales que reciben denuncias de mujeres maltratadas a evaluar un conjunto de indicadores de riesgo relevantes en los conflictos de violencia con potencial feminicida, empezando por \u00ablos antecedentes de violencia de g\u00e9nero de los imputados\u00bb. <\/span><\/p>\n<p><span class=\"text1noticias\"> <\/span><\/p>\n<p><span class=\"text1noticias\">Otro indicador ser\u00e1 la existencia de multiplicidad de denuncias contra el hombre agresor. Adem\u00e1s, las se\u00f1ales de alertas que vinculen al imputado a cr\u00edmenes graves como el sicariato, el maltrato infantil, el consumo o tr\u00e1fico de drogas o el porte y tenencia legal e ilegal de arma de fuego. <\/span><\/p>\n<p><span class=\"text1noticias\"> <\/span><\/p>\n<p><span class=\"text1noticias\">El tipo y la forma de las heridas o golpes propinados a la mujer ser\u00e1n otros indicadores en los que tendr\u00e1 un alto significado de riesgo las agresiones en el cuello, la caja tor\u00e1cica o en las manos. <\/span><\/p>\n<p><span class=\"text1noticias\"> <\/span><\/p>\n<p><span class=\"text1noticias\">Ser\u00e1n se\u00f1ales de alertas para los fiscales las amenazas de muerte, la violencia de g\u00e9nero en compa\u00f1\u00eda de delitos sexuales o los actos de tortura y barbarie.<\/span><\/p>\n<p><span class=\"text1noticias\"> <\/span><\/p>\n<p><span class=\"text1noticias\">Tambi\u00e9n, la violaci\u00f3n de la orden de protecci\u00f3n por parte del imputado. \u00abCuando se comprueba o detecta que el imputado incumpli\u00f3 la orden de protecci\u00f3n, esto es un indicador de riesgo feminicida y de irrespeto a la ley, es un desaf\u00edo a la autoridad\u00bb, advierte la instrucci\u00f3n general de Germ\u00e1n Brito. \u00abEl agresor evidencia con su conducta que no acata las disposiciones judiciales y que representa un peligro inminente para la v\u00edctima\u00bb, a\u00f1ade.<\/span><\/p>\n<p><span class=\"text1noticias\"> <\/span><\/p>\n<p><span class=\"text1noticias\">Los indicadores llaman la atenci\u00f3n sobre la violencia ejercida en presencia de hijos menores y el h\u00e1bito de consumo excesivo de alcohol o sustancias controladas por parte del agresor. <\/span><\/p>\n<p><span class=\"text1noticias\"> <\/span><\/p>\n<p><span class=\"text1noticias\">En lo adelante, las armas de fuego de hombres implicados en un caso de violencia intrafamiliar y sexual ser\u00e1n retenidas por las autoridades, sin importar que la porten en forma legal, \u00abespecialmente cuando este ha sido parte de la violencia o amenaza infringida\u00bb.<\/span><\/p>\n<p><span class=\"text1noticias\"> <\/span><\/p>\n<p><span class=\"text1noticias\">La instrucci\u00f3n general de la procuradora establece una serie de directrices a tomar en consideraci\u00f3n en los casos de violencia de g\u00e9nero intrafamiliar y delitos sexuales que reafirman el rol del Ministerio P\u00fablico y la participaci\u00f3n de la Polic\u00eda Nacional en la investigaci\u00f3n de los feminicidios. <\/span><\/p>\n<p><span class=\"text1noticias\"> <\/span><\/p>\n<p><span class=\"text1noticias\">Adem\u00e1s, instruye a los fiscales para que gestionen la prisi\u00f3n preventiva de los hombres agresores en los casos de violencia de g\u00e9nero, ya que m\u00e1s que el peligro de fuga, el riesgo lo constituye la permanencia forzada del imputado en el entorno familiar y de la mujer denunciante. <\/span><\/p>\n<p><span class=\"text1noticias\"> <\/span><\/p>\n<p><span class=\"text1noticias\">Los miembros del Ministerio P\u00fablico tambi\u00e9n tienen la obligaci\u00f3n de apelar la decisi\u00f3n, en los casos que lo ameriten, cuando un juez disponga la variaci\u00f3n de la prisi\u00f3n preventiva para un hombre agresor. Adem\u00e1s, mantener un seguimiento estricto de los procesos por violencia de g\u00e9nero. <\/span><\/p>\n<p><span class=\"text1noticias\"> <\/span><\/p>\n<p><span class=\"text1noticias\">\u00abCuando una v\u00edctima desiste de su denuncia o proceso, esta acci\u00f3n para nada compromete el accionar del Ministerio P\u00fablico, que debe procurar siempre, aparte del testimonio de la v\u00edctima, otros elementos probatorios por si se produce tal circunstancia\u00bb, advierte la magistrada Germ\u00e1n Brito. <\/span><\/p>\n<p><span class=\"text1noticias\"> <\/span><\/p>\n<p><span class=\"text1noticias\">PIE DE FOTO. La procuradora general, Miriam Germ\u00e1n Brito, durante una visita al Museo Casa Jard\u00edn de las Hermanas Mirabal.<\/span><\/p>\n<p><span class=\"text1noticias\"> <\/span><\/p>\n<p><span class=\"text1noticias\">Fuente:  Procuraduria Prensa<\/span><\/p>\n<p><span class=\"text1noticias\">Direcci\u00f3n de Comunicaci\u00f3n, Prensa y RRPP<\/span><\/p>\n<p><span class=\"text1noticias\">Procuradur\u00eda General-Ministerio P\u00fablico RD<\/span><\/p>\n<p><span class=\"text1noticias\">Direcci\u00f3n General de Comunicaci\u00f3n, Prensa y Relaciones P\u00fablicas<\/span><\/p>\n<p><span class=\"text1noticias\">Procuradur\u00eda General de la Rep\u00fablica Dominicana<\/span><\/p>\n<p><span class=\"text1noticias\">Domingo, 22   de noviembre de 2020<\/span><\/p>\n<h6> 2020-11-22 12:04:44 <\/h6>\n<p><!--\n<link rel=\"stylesheet\" href=\"css\/bootstrap.min.css\">\n\n\n<ul class=\"pagination\">\n\t    \n\t\n\n<li >\n\t<a href='?page_no=30'>Previous<\/a>\n\t<\/li>\n\n\n       \n    \n\n<li><a href='?page_no=1'>1<\/a><\/li>\n\n\n\n<li><a href='?page_no=2'>2<\/a><\/li>\n\n\n\n<li><a>...<\/a><\/li>\n\n\n\n<li><a href='?page_no=29'>29<\/a><\/li>\n\n\n\n<li><a href='?page_no=30'>30<\/a><\/li>\n\n\n\n<li class='active'><a>31<\/a><\/li>\n\n\n\n<li><a href='?page_no=32'>32<\/a><\/li>\n\n\n\n<li><a href='?page_no=33'>33<\/a><\/li>\n\n\n\n<li><a>...<\/a><\/li>\n\n\n\n<li><a href='?page_no=31963'>31963<\/a><\/li>\n\n\n\n<li><a href='?page_no=31964'>31964<\/a><\/li>\n\n    \n\t\n\n<li >\n\t<a href='?page_no=32'>Next<\/a>\n\t<\/li>\n\n\n    \n\n<li><a href='?page_no=31964'>Last &rsaquo;&rsaquo;<\/a><\/li>\n\n<\/ul>\n\n\n--><br \/>\n<\/body><\/p>\n","protected":false},"excerpt":{"rendered":"<p>diariodominicano.com \u00abQueda totalmente prohibido levantar `actas compromisos` en materia de violencia feminicida\u00bb, plantea Germ\u00e1n Brito en una instrucci\u00f3n general impartida a todo el cuerpo del Ministerio P\u00fablico en la que advierte, adem\u00e1s, que se trata de una postura que \u00abdeber\u00e1 permanecer invariable\u00bb. Santo Domingo, R. D., 22 de noviembre, 2020.- La procuradora general Miriam Germ\u00e1n [&hellip;]<\/p>\n","protected":false},"author":3,"featured_media":0,"comment_status":"open","ping_status":"open","sticky":false,"template":"","format":"standard","meta":{"footnotes":""},"categories":[24],"tags":[],"class_list":["post-133029","post","type-post","status-publish","format-standard","hentry","category-justicia-y-derecho"],"_links":{"self":[{"href":"https:\/\/diariodominicano.com\/index.php?rest_route=\/wp\/v2\/posts\/133029","targetHints":{"allow":["GET"]}}],"collection":[{"href":"https:\/\/diariodominicano.com\/index.php?rest_route=\/wp\/v2\/posts"}],"about":[{"href":"https:\/\/diariodominicano.com\/index.php?rest_route=\/wp\/v2\/types\/post"}],"author":[{"embeddable":true,"href":"https:\/\/diariodominicano.com\/index.php?rest_route=\/wp\/v2\/users\/3"}],"replies":[{"embeddable":true,"href":"https:\/\/diariodominicano.com\/index.php?rest_route=%2Fwp%2Fv2%2Fcomments&post=133029"}],"version-history":[{"count":0,"href":"https:\/\/diariodominicano.com\/index.php?rest_route=\/wp\/v2\/posts\/133029\/revisions"}],"wp:attachment":[{"href":"https:\/\/diariodominicano.com\/index.php?rest_route=%2Fwp%2Fv2%2Fmedia&parent=133029"}],"wp:term":[{"taxonomy":"category","embeddable":true,"href":"https:\/\/diariodominicano.com\/index.php?rest_route=%2Fwp%2Fv2%2Fcategories&post=133029"},{"taxonomy":"post_tag","embeddable":true,"href":"https:\/\/diariodominicano.com\/index.php?rest_route=%2Fwp%2Fv2%2Ftags&post=133029"}],"curies":[{"name":"wp","href":"https:\/\/api.w.org\/{rel}","templated":true}]}}