{"id":132918,"date":"2020-11-22T20:39:48","date_gmt":"2020-11-22T20:39:48","guid":{"rendered":"http:\/\/diariodominicano.ddns.net\/?p=132918"},"modified":"2020-11-22T20:39:48","modified_gmt":"2020-11-22T20:39:48","slug":"la-procuradora-general-de-la-republica-miriam-german-brito-recibe-atenciones-medicas-en-la-plaza-de-la-salud","status":"publish","type":"post","link":"https:\/\/diariodominicano.com\/?p=132918","title":{"rendered":"La Procuradora General de la Rep\u00fablica, Miriam Germ\u00e1n Brito recibe atenciones m\u00e9dicas en la Plaza de la Salud"},"content":{"rendered":"<p><body><\/p>\n<p><img decoding=\"async\" src=\"img3\/MirianGerman22-11-20.jpg\" \/>  <\/p>\n<p><strong>Diariodominicano.com<\/strong><\/p>\n<p><strong>La Procuradora General de la Rep\u00fablica, Miriam Germ\u00e1n Brito, de 71 a\u00f1os, se encuentra en \u00abcondiciones generales estables\u00bb, seg\u00fan el parte del m\u00e9dico internista Nepomuceno Mej\u00eda Severino, director m\u00e9dico del hospital. (archivo)<\/strong><\/p>\n<p><strong> <\/strong><\/p>\n<p><strong>Procuradora General Miriam Germ\u00e1n Brito recibe atenciones m\u00e9dicas en la Plaza de la Salud<\/strong><\/p>\n<p><strong> <\/strong><\/p>\n<p><strong>SANTO DOMINGO, Rep\u00fablica Dominicana, 22 de noviembre de 2020.-  <\/strong>La magistrada Miriam Germ\u00e1n Brito se encuentra internada en el Hospital General de la Plaza de la Salud, tras requerir atenciones m\u00e9dicas debido a un malestar general que sinti\u00f3 la noche del s\u00e1bado.<\/p>\n<\/p>\n<\/p>\n<p><strong>Germ\u00e1n Brito, de 71 a\u00f1os de edad, se encuentra en \u00abcondiciones generales estables\u00bb, seg\u00fan el parte del m\u00e9dico internista Nepomuceno Mej\u00eda Severino, director m\u00e9dico del hospital.<\/strong><\/p>\n<p><strong> <\/strong><\/p>\n<\/p>\n<p>Para este domingo la paciente se encuentra consciente, orientada en sus tres esferas ps\u00edquicas, cooperadora, afebril e hidratada, resalta Mej\u00eda Severino.<\/p>\n<\/p>\n<p>La funcionaria padece de hipertensi\u00f3n arterial, afecci\u00f3n que se encuentra controlada, as\u00ed como de diabetes mellitus tipo 2, inform\u00f3 la Procuradur\u00eda General de la Rep\u00fablica a trav\u00e9s de un comunicado.<\/p>\n<\/p>\n<\/p>\n<p><strong>La Procuradur\u00eda General agradece la preocupaci\u00f3n de los ciudadanos que se interesan por la salud de la magistrada Germ\u00e1n Brito y espera su pronta recuperaci\u00f3n e integraci\u00f3n a su rutina cotidiana.<\/strong><\/p>\n<\/p>\n<p><strong>Proh\u00edbe a los fiscales levantar \u00abactas compromiso\u00bb que impidan apresar a potenciales feminicidas<\/strong><\/p>\n<\/p>\n<p><strong>La  procuradora general de la Rep\u00fablica en su decisi\u00f3n m\u00e1s reciente emiti\u00f3 una instrucci\u00f3n general para el Ministerio P\u00fablico que obliga a considerar los antecedentes violentos y el nivel de riesgo de cada hombre agresor.<\/strong><\/p>\n<\/p>\n<p> La procuradora general Miriam Germ\u00e1n Brito prohibi\u00f3 a todos los fiscales del pa\u00eds que conocen de violencia de g\u00e9nero levantar \u00abactas compromisos\u00bb que dejen en libertad a agresores en los casos que re\u00fanen una serie de caracter\u00edsticas que alertan a las autoridades sobre un potencial feminicida.<\/p>\n<\/p>\n<p>\u00abQueda totalmente prohibido levantar `actas compromisos` en materia de violencia feminicida\u00bb, plantea Germ\u00e1n Brito en una instrucci\u00f3n general impartida a todo el cuerpo del Ministerio P\u00fablico en la que advierte, adem\u00e1s, que se trata de una postura que \u00abdeber\u00e1 permanecer invariable\u00bb.<\/p>\n<\/p>\n<p>\u00abA pesar de que la v\u00edctima -como consecuencia del S\u00edndrome de la Mujer Maltratada o la indefensi\u00f3n aprendida- quiera establecer un acuerdo, es importante tener en cuenta que para acordar, el consentimiento de las partes no puede estar viciado y una mujer que tiene su vida en riesgo frente a su verdugo agresor carece de libertad para convenir al margen de las secuelas que deja la violencia feminicida\u00bb.<\/p>\n<\/p>\n<p>La medida adoptada por la procuradora busca reducir el riesgo de tragedias en el entorno de hombres con relaciones t\u00f3xicas con sus parejas o exparejas e incluso con su \u00e1mbito familiar. Se trata de una decisi\u00f3n firme que deber\u00e1 facilitar el apresamiento -y hasta persuadir en muchos casos- a hombres como los responsables de matar a decenas de mujeres cada a\u00f1o en los casos de feminicidios y feminicidios no \u00edntimos.<\/p>\n<p> Procuradur\u00eda Prensa<\/p>\n<p>procuraduriaprensard@gmail.com<\/p>\n<\/p>\n<p>Direcci\u00f3n de Comunicaci\u00f3n, Prensa y RRPP<\/p>\n<\/p>\n<p>Procuradur\u00eda General-Ministerio P\u00fablico RD<\/p>\n<\/p>\n<p>Domingo , 22  de noviembre de 2020.<\/p>\n<h6> 2020-11-22 20:39:48 <\/h6>\n<p><!--\n<link rel=\"stylesheet\" href=\"css\/bootstrap.min.css\">\n\n\n<ul class=\"pagination\">\n\t    \n\t\n\n<li >\n\t<a href='?page_no=29'>Previous<\/a>\n\t<\/li>\n\n\n       \n    \n\n<li><a href='?page_no=1'>1<\/a><\/li>\n\n\n\n<li><a href='?page_no=2'>2<\/a><\/li>\n\n\n\n<li><a>...<\/a><\/li>\n\n\n\n<li><a href='?page_no=28'>28<\/a><\/li>\n\n\n\n<li><a href='?page_no=29'>29<\/a><\/li>\n\n\n\n<li class='active'><a>30<\/a><\/li>\n\n\n\n<li><a href='?page_no=31'>31<\/a><\/li>\n\n\n\n<li><a href='?page_no=32'>32<\/a><\/li>\n\n\n\n<li><a>...<\/a><\/li>\n\n\n\n<li><a href='?page_no=31963'>31963<\/a><\/li>\n\n\n\n<li><a href='?page_no=31964'>31964<\/a><\/li>\n\n    \n\t\n\n<li >\n\t<a href='?page_no=31'>Next<\/a>\n\t<\/li>\n\n\n    \n\n<li><a href='?page_no=31964'>Last &rsaquo;&rsaquo;<\/a><\/li>\n\n<\/ul>\n\n\n--><br \/>\n<\/body><\/p>\n","protected":false},"excerpt":{"rendered":"<p>Diariodominicano.com La Procuradora General de la Rep\u00fablica, Miriam Germ\u00e1n Brito, de 71 a\u00f1os, se encuentra en \u00abcondiciones generales estables\u00bb, seg\u00fan el parte del m\u00e9dico internista Nepomuceno Mej\u00eda Severino, director m\u00e9dico del hospital. (archivo) Procuradora General Miriam Germ\u00e1n Brito recibe atenciones m\u00e9dicas en la Plaza de la Salud SANTO DOMINGO, Rep\u00fablica Dominicana, 22 de noviembre de [&hellip;]<\/p>\n","protected":false},"author":3,"featured_media":0,"comment_status":"open","ping_status":"open","sticky":false,"template":"","format":"standard","meta":{"footnotes":""},"categories":[24],"tags":[],"class_list":["post-132918","post","type-post","status-publish","format-standard","hentry","category-justicia-y-derecho"],"_links":{"self":[{"href":"https:\/\/diariodominicano.com\/index.php?rest_route=\/wp\/v2\/posts\/132918","targetHints":{"allow":["GET"]}}],"collection":[{"href":"https:\/\/diariodominicano.com\/index.php?rest_route=\/wp\/v2\/posts"}],"about":[{"href":"https:\/\/diariodominicano.com\/index.php?rest_route=\/wp\/v2\/types\/post"}],"author":[{"embeddable":true,"href":"https:\/\/diariodominicano.com\/index.php?rest_route=\/wp\/v2\/users\/3"}],"replies":[{"embeddable":true,"href":"https:\/\/diariodominicano.com\/index.php?rest_route=%2Fwp%2Fv2%2Fcomments&post=132918"}],"version-history":[{"count":0,"href":"https:\/\/diariodominicano.com\/index.php?rest_route=\/wp\/v2\/posts\/132918\/revisions"}],"wp:attachment":[{"href":"https:\/\/diariodominicano.com\/index.php?rest_route=%2Fwp%2Fv2%2Fmedia&parent=132918"}],"wp:term":[{"taxonomy":"category","embeddable":true,"href":"https:\/\/diariodominicano.com\/index.php?rest_route=%2Fwp%2Fv2%2Fcategories&post=132918"},{"taxonomy":"post_tag","embeddable":true,"href":"https:\/\/diariodominicano.com\/index.php?rest_route=%2Fwp%2Fv2%2Ftags&post=132918"}],"curies":[{"name":"wp","href":"https:\/\/api.w.org\/{rel}","templated":true}]}}