{"id":132806,"date":"2020-11-22T21:46:13","date_gmt":"2020-11-22T21:46:13","guid":{"rendered":"http:\/\/diariodominicano.ddns.net\/?p=132806"},"modified":"2020-11-22T21:46:13","modified_gmt":"2020-11-22T21:46:13","slug":"residentes-en-guerra-se-interesan-en-formar-parte-del-personal-administrativo-del-complejo-penitenciario-de-las-parras","status":"publish","type":"post","link":"https:\/\/diariodominicano.com\/?p=132806","title":{"rendered":"Residentes en Guerra se interesan en formar parte del personal administrativo del complejo penitenciario de Las Parras"},"content":{"rendered":"<p><body><\/p>\n<p><img decoding=\"async\" src=\"img3\/IMG-20201122-WA0001.jpg\" \/><br \/><img decoding=\"async\" src=\"img3\/IMG-20201122-WA0004.jpg\" \/><br \/><img decoding=\"async\" src=\"img3\/IMG-20201122-WA0004.jpg\" \/>  <\/p>\n<p><strong>Diariodominicano.com<\/strong><\/p>\n<p><strong>Residentes en Guerra se interesan en formar parte del personal administrativo del complejo penitenciario de Las Parras<\/strong><\/p>\n<p><strong>La Escuela Nacional Penitenciaria desarroll\u00f3 una jornada de reclutamiento<\/strong><\/p>\n<p><strong> <\/strong><\/p>\n<p><strong>SAN ANTONIO DE GUERRA, Rep\u00fablica Dominicana,.<\/strong> -La Escuela Nacional Penitenciaria (ENAP) recibi\u00f3 las solicitudes de trabajo de cientos de residentes de este municipio interesados en las convocatorias a concurso para formar parte del personal administrativo del Centro de Correcci\u00f3n y Rehabilitaci\u00f3n (CCR) Las Parras, programado para empezar a operar el pr\u00f3ximo a\u00f1o.<\/p>\n<\/p>\n<\/p>\n<p>El Nuevo Modelo de Gesti\u00f3n Penitenciaria convoc\u00f3 a concurso a los residentes en San Antonio de Guerra, provincia Santo Domingo, interesados en iniciar un proceso de formaci\u00f3n para convertirse en agentes de vigilancia y tratamiento penitenciario (VTP) as\u00ed como para profesionales de diversas \u00e1reas, como la psicolog\u00eda, trabajador social, abogado o la medicina, explic\u00f3 el director de la ENAP, Ismael Paniagua.<\/p>\n<\/p>\n<\/p>\n<p>\u00abEsta convocatoria es espec\u00edfica para residentes del municipio San Antonio de Guerra\u00bb, resalt\u00f3 Paniagua, quien encabez\u00f3 la jornada de reclutamiento que se desarroll\u00f3 en la Escuela Leonora Mart\u00ednez F\u00e9liz.<\/p>\n<\/p>\n<\/p>\n<p>En la jornada estuvieron la directora del Modelo de Gesti\u00f3n Penitenciaria, Hilda Patricia Lagombra; el titular de la Direcci\u00f3n General de Prisiones, coronel Roberto Hern\u00e1ndez Basilio, y el encargado de Gesti\u00f3n Humana de la Procuradur\u00eda General de la Rep\u00fablica, Jos\u00e9 Abud.<\/p>\n<\/p>\n<\/p>\n<p>Tambi\u00e9n estuvo presente Roberto Santana, asesor del Poder Ejecutivo en materia penitenciaria y de seguridad, as\u00ed como autoridades municipales de San Antonio de Guerra, encabezadas por su alcalde Francisco Reyes Garc\u00eda.<\/p>\n<\/p>\n<\/p>\n<p>\u00abValoramos el inter\u00e9s de los ciudadanos en integrarse a las labores penitenciaria y tomando en consideraci\u00f3n que el concurso era solo para las personas residentes en Guerra, tomamos los curr\u00edculos de las decenas de interesados de otras localidades y ser\u00e1n evaluados para el personal general del Modelo de Gesti\u00f3n Penitenciaria\u00bb, asegur\u00f3 Lagombra.<\/p>\n<\/p>\n<\/p>\n<p>La jornada inici\u00f3 a las 8:00 de la ma\u00f1ana. Para cubrir las plazas de agente de vigilancia y tratamiento penitenciario (VTP) los interesados deben tener entre 19 y 35 a\u00f1os de edad y ser bachilleres.<\/p>\n<\/p>\n<\/p>\n<p>En el caso de los hombres deben tener un peso de 125 libras, con una estatura m\u00ednima de 5 pies y 7 pulgadas. En el caso de las mujeres su peso no debe superar las 120 libras con un tama\u00f1o de 5 pies y 5 pulgadas.<\/p>\n<\/p>\n<\/p>\n<p>El concurso est\u00e1 dirigido tambi\u00e9n a profesionales en administraci\u00f3n, econom\u00eda y \u00e1reas afines, doctor en medicina, enfermer\u00eda, educaci\u00f3n, idiomas, psicolog\u00eda, ingenier\u00eda o licenciado en inform\u00e1tica, odont\u00f3logos y abogados, as\u00ed como licenciados o t\u00e9cnicos en educaci\u00f3n f\u00edsica y recreaci\u00f3n. <\/p>\n<\/p>\n<p>De igual forma, licenciados en trabajo social, adem\u00e1s de t\u00e9cnicos en electricidad, costura, manualidades, reposter\u00eda, est\u00e9tica, secretarios, auxiliar administrativo, choferes, cocineros, conserjes, mayordomos, plomeros, entre otros oficios. <\/p>\n<\/p>\n<\/p>\n<p>Uno de los requisitos b\u00e1sicos para todas las posiciones es no pertenecer ni haber pertenecido al Ministerio de Defensa de la Rep\u00fablica Dominicana ni a la Polic\u00eda Nacional. <\/p>\n<\/p>\n<\/p>\n<p>Para concursar en todos los puestos vacantes debieron depositar su curriculum vitae con foto integrada, copia de c\u00e9dula de identidad y electoral, certificado de bachiller y copia de diploma o certificado de grado para los cursantes de nivel profesional o t\u00e9cnico, as\u00ed como carta de recomendaci\u00f3n de una organizaci\u00f3n comunitaria. Los interesados en cubrir plazas de choferes deben llevar copia de licencia de conducir.<\/p>\n<\/p>\n<p>Direcci\u00f3n de Comunicaci\u00f3n, Prensa y RRPP<\/p>\n<\/p>\n<p>Procuradur\u00eda General-Ministerio P\u00fablico RD<\/p>\n<\/p>\n<p>Domingo, 22   de noviembre de 2020.<\/p>\n<\/p>\n<\/p>\n<h6> 2020-11-22 21:46:13 <\/h6>\n<p><!--\n<link rel=\"stylesheet\" href=\"css\/bootstrap.min.css\">\n\n\n<ul class=\"pagination\">\n\t    \n\t\n\n<li >\n\t<a href='?page_no=28'>Previous<\/a>\n\t<\/li>\n\n\n       \n    \n\n<li><a href='?page_no=1'>1<\/a><\/li>\n\n\n\n<li><a href='?page_no=2'>2<\/a><\/li>\n\n\n\n<li><a>...<\/a><\/li>\n\n\n\n<li><a href='?page_no=27'>27<\/a><\/li>\n\n\n\n<li><a href='?page_no=28'>28<\/a><\/li>\n\n\n\n<li class='active'><a>29<\/a><\/li>\n\n\n\n<li><a href='?page_no=30'>30<\/a><\/li>\n\n\n\n<li><a href='?page_no=31'>31<\/a><\/li>\n\n\n\n<li><a>...<\/a><\/li>\n\n\n\n<li><a href='?page_no=31963'>31963<\/a><\/li>\n\n\n\n<li><a href='?page_no=31964'>31964<\/a><\/li>\n\n    \n\t\n\n<li >\n\t<a href='?page_no=30'>Next<\/a>\n\t<\/li>\n\n\n    \n\n<li><a href='?page_no=31964'>Last &rsaquo;&rsaquo;<\/a><\/li>\n\n<\/ul>\n\n\n--><br \/>\n<\/body><\/p>\n","protected":false},"excerpt":{"rendered":"<p>Diariodominicano.com Residentes en Guerra se interesan en formar parte del personal administrativo del complejo penitenciario de Las Parras La Escuela Nacional Penitenciaria desarroll\u00f3 una jornada de reclutamiento SAN ANTONIO DE GUERRA, Rep\u00fablica Dominicana,. -La Escuela Nacional Penitenciaria (ENAP) recibi\u00f3 las solicitudes de trabajo de cientos de residentes de este municipio interesados en las convocatorias a [&hellip;]<\/p>\n","protected":false},"author":3,"featured_media":0,"comment_status":"open","ping_status":"open","sticky":false,"template":"","format":"standard","meta":{"footnotes":""},"categories":[24],"tags":[],"class_list":["post-132806","post","type-post","status-publish","format-standard","hentry","category-justicia-y-derecho"],"_links":{"self":[{"href":"https:\/\/diariodominicano.com\/index.php?rest_route=\/wp\/v2\/posts\/132806","targetHints":{"allow":["GET"]}}],"collection":[{"href":"https:\/\/diariodominicano.com\/index.php?rest_route=\/wp\/v2\/posts"}],"about":[{"href":"https:\/\/diariodominicano.com\/index.php?rest_route=\/wp\/v2\/types\/post"}],"author":[{"embeddable":true,"href":"https:\/\/diariodominicano.com\/index.php?rest_route=\/wp\/v2\/users\/3"}],"replies":[{"embeddable":true,"href":"https:\/\/diariodominicano.com\/index.php?rest_route=%2Fwp%2Fv2%2Fcomments&post=132806"}],"version-history":[{"count":0,"href":"https:\/\/diariodominicano.com\/index.php?rest_route=\/wp\/v2\/posts\/132806\/revisions"}],"wp:attachment":[{"href":"https:\/\/diariodominicano.com\/index.php?rest_route=%2Fwp%2Fv2%2Fmedia&parent=132806"}],"wp:term":[{"taxonomy":"category","embeddable":true,"href":"https:\/\/diariodominicano.com\/index.php?rest_route=%2Fwp%2Fv2%2Fcategories&post=132806"},{"taxonomy":"post_tag","embeddable":true,"href":"https:\/\/diariodominicano.com\/index.php?rest_route=%2Fwp%2Fv2%2Ftags&post=132806"}],"curies":[{"name":"wp","href":"https:\/\/api.w.org\/{rel}","templated":true}]}}