{"id":132695,"date":"2020-11-23T14:40:22","date_gmt":"2020-11-23T14:40:22","guid":{"rendered":"http:\/\/diariodominicano.ddns.net\/?p=132695"},"modified":"2020-11-23T14:40:22","modified_gmt":"2020-11-23T14:40:22","slug":"condenan-a-cuatro-anos-de-prision-a-un-hombre-que-intento-pegar-fuego-a-su-expareja","status":"publish","type":"post","link":"https:\/\/diariodominicano.com\/?p=132695","title":{"rendered":"Condenan a cuatro a\u00f1os de prisi\u00f3n a un  hombre que intent\u00f3 pegar fuego a su expareja"},"content":{"rendered":"<p><body><\/p>\n<p><img decoding=\"async\" src=\"img3\/mallete3232.jpg\" \/>  <\/p>\n<p><strong>Fiscal\u00eda SDO logra condena contra hombre que intent\u00f3 pegar fuego a su expareja<\/strong><\/p>\n<p><strong>SANTO DOMINGO OESTE R.D-<\/strong>  La Fiscal\u00eda del distrito judicial Santo Domingo Oeste logr\u00f3 una condena de cuatro a\u00f1os en prisi\u00f3n contra un hombre que atent\u00f3 contra la vida de su expareja, incendiando la casa en la que ella se encontraba junto a sus hijas, en el sector Libertador de Herrera.<\/p>\n<\/p>\n<p>El Tercer Tribunal Colegiado, compuesto por los jueces Sandra Josefina Cruz Rosario, presidenta; Joan Eduardo Rodr\u00edguez Cruz, juez suplente, y Cecilia Toribio Melo, decidi\u00f3 que el procesado cumpla la sentencia en la Penitenciar\u00eda Nacional de La Victoria.<\/p>\n<\/p>\n<p>El Ministerio P\u00fablico demostr\u00f3 ante los jueces que el imputado Alexander de la Cruz Zabala incurri\u00f3 en violencia intrafamiliar agravada, en violaci\u00f3n a los art\u00edculos 2, 295, 434, 309-2, 309-3, literales A, B, D y E del C\u00f3digo Penal Dominicano.<\/p>\n<\/p>\n<p>El expediente acusatorio narra que Alexander de la Cruz Zabala se present\u00f3 a la vivienda de la v\u00edctima sin que esta notara su presencia, esparci\u00f3 gasolina en la propiedad y posteriormente encendi\u00f3 un f\u00f3sforo, para de inmediato emprender la huida a bordo de su motor.<\/p>\n<\/p>\n<p>En el momento del hecho, la v\u00edctima se encontraba lavando y pudo ver a trav\u00e9s de una ventaja que el encartado se encontraba en la vivienda; adem\u00e1s, sinti\u00f3 el olor un fuerte olor a gasolina y sali\u00f3 corriendo de la casa con sus dos hijas, ambas menores de edad.<\/p>\n<\/p>\n<p>En la investigaci\u00f3n, realizada por la procuradora fiscal investigadora Gabriela G\u00f3mez Garrido, se recabaron las pruebas testimoniales, periciales y documentales, aportadas para demostrar los actos cometidos por el acusado.<\/p>\n<\/p>\n<\/p>\n<p> Direcci\u00f3n de Comunicaci\u00f3n, Prensa y RRPP<\/p>\n<\/p>\n<p>Procuradur\u00eda General-Ministerio P\u00fablico RD<\/p>\n<\/p>\n<p>Lunes, 23 de noviembre 2020.<\/p>\n<\/p>\n<h6> 2020-11-23 14:40:22 <\/h6>\n<p><!--\n<link rel=\"stylesheet\" href=\"css\/bootstrap.min.css\">\n\n\n<ul class=\"pagination\">\n\t    \n\t\n\n<li >\n\t<a href='?page_no=27'>Previous<\/a>\n\t<\/li>\n\n\n       \n    \n\n<li><a href='?page_no=1'>1<\/a><\/li>\n\n\n\n<li><a href='?page_no=2'>2<\/a><\/li>\n\n\n\n<li><a>...<\/a><\/li>\n\n\n\n<li><a href='?page_no=26'>26<\/a><\/li>\n\n\n\n<li><a href='?page_no=27'>27<\/a><\/li>\n\n\n\n<li class='active'><a>28<\/a><\/li>\n\n\n\n<li><a href='?page_no=29'>29<\/a><\/li>\n\n\n\n<li><a href='?page_no=30'>30<\/a><\/li>\n\n\n\n<li><a>...<\/a><\/li>\n\n\n\n<li><a href='?page_no=31963'>31963<\/a><\/li>\n\n\n\n<li><a href='?page_no=31964'>31964<\/a><\/li>\n\n    \n\t\n\n<li >\n\t<a href='?page_no=29'>Next<\/a>\n\t<\/li>\n\n\n    \n\n<li><a href='?page_no=31964'>Last &rsaquo;&rsaquo;<\/a><\/li>\n\n<\/ul>\n\n\n--><br \/>\n<\/body><\/p>\n","protected":false},"excerpt":{"rendered":"<p>Fiscal\u00eda SDO logra condena contra hombre que intent\u00f3 pegar fuego a su expareja SANTO DOMINGO OESTE R.D- La Fiscal\u00eda del distrito judicial Santo Domingo Oeste logr\u00f3 una condena de cuatro a\u00f1os en prisi\u00f3n contra un hombre que atent\u00f3 contra la vida de su expareja, incendiando la casa en la que ella se encontraba junto a [&hellip;]<\/p>\n","protected":false},"author":3,"featured_media":0,"comment_status":"open","ping_status":"open","sticky":false,"template":"","format":"standard","meta":{"footnotes":""},"categories":[24],"tags":[],"class_list":["post-132695","post","type-post","status-publish","format-standard","hentry","category-justicia-y-derecho"],"_links":{"self":[{"href":"https:\/\/diariodominicano.com\/index.php?rest_route=\/wp\/v2\/posts\/132695","targetHints":{"allow":["GET"]}}],"collection":[{"href":"https:\/\/diariodominicano.com\/index.php?rest_route=\/wp\/v2\/posts"}],"about":[{"href":"https:\/\/diariodominicano.com\/index.php?rest_route=\/wp\/v2\/types\/post"}],"author":[{"embeddable":true,"href":"https:\/\/diariodominicano.com\/index.php?rest_route=\/wp\/v2\/users\/3"}],"replies":[{"embeddable":true,"href":"https:\/\/diariodominicano.com\/index.php?rest_route=%2Fwp%2Fv2%2Fcomments&post=132695"}],"version-history":[{"count":0,"href":"https:\/\/diariodominicano.com\/index.php?rest_route=\/wp\/v2\/posts\/132695\/revisions"}],"wp:attachment":[{"href":"https:\/\/diariodominicano.com\/index.php?rest_route=%2Fwp%2Fv2%2Fmedia&parent=132695"}],"wp:term":[{"taxonomy":"category","embeddable":true,"href":"https:\/\/diariodominicano.com\/index.php?rest_route=%2Fwp%2Fv2%2Fcategories&post=132695"},{"taxonomy":"post_tag","embeddable":true,"href":"https:\/\/diariodominicano.com\/index.php?rest_route=%2Fwp%2Fv2%2Ftags&post=132695"}],"curies":[{"name":"wp","href":"https:\/\/api.w.org\/{rel}","templated":true}]}}