{"id":132584,"date":"2020-11-23T15:46:08","date_gmt":"2020-11-23T15:46:08","guid":{"rendered":"http:\/\/diariodominicano.ddns.net\/?p=132584"},"modified":"2020-11-23T15:46:08","modified_gmt":"2020-11-23T15:46:08","slug":"ministro-de-defensa-de-rd-se-reune-con-el-jefe-comando-sur-de-los-eua","status":"publish","type":"post","link":"https:\/\/diariodominicano.com\/?p=132584","title":{"rendered":"Ministro de Defensa de RD se re\u00fane con el jefe Comando Sur de los EUA"},"content":{"rendered":"<p><body><\/p>\n<p><img decoding=\"async\" src=\"img3\/comandoSur23-11-20.jpeg\" \/><br \/><img decoding=\"async\" src=\"img3\/JefedeDefensa23-11-20.jpeg\" \/>  <\/p>\n<p><span class=\"text1noticias\">\tdiariodominicano.com<\/span><\/p>\n<p><span class=\"text1noticias\"> <\/span><\/p>\n<p><span class=\"text1noticias\">Santo Domingo, R. D., 23 de noviembre, 2020.- El Ministro de Defensa sostuvo una reuni\u00f3n con el Almirante Craig Stephan Faller, jefe del Comando Sur de los Estados Unidos para tratar diferentes temas de las relaciones bilaterales y asuntos regionales. <\/span><\/p>\n<\/p>\n<p><span class=\"text1noticias\">El Teniente General Carlos Luciano D\u00edaz Morfa, ERD., y el Comandante del Comando Sur de los Estados Unidos Almirante Craig Stephan Faller, conversaron sobre la pr\u00f3xima reuni\u00f3n de la Conferencia de Seguridad de las Naciones del Caribe (CANSEC) que tendr\u00e1 lugar en abril del 2021.<\/span><\/p>\n<\/p>\n<p><span class=\"text1noticias\">\tTambi\u00e9n abordaron diferentes asuntos relativos a la cooperaci\u00f3n militar de la Rep\u00fablica Dominicana y los Estados Unidos y sobre la situaci\u00f3n creada en la regi\u00f3n por la expansi\u00f3n del COVID-19 en los pa\u00edses de Am\u00e9rica Latina y el Caribe y el rol desempe\u00f1ado por los militares.<\/span><\/p>\n<\/p>\n<p><span class=\"text1noticias\">\tRecientemente el ej\u00e9rcito de los Estados Unidos don\u00f3 al pa\u00eds dos hospitales de campa\u00f1a, para apoyar las acciones que realiza el MIDE en las acciones del Gobierno para contener la expansi\u00f3n del COVID-19.<\/span><\/p>\n<\/p>\n<p><span class=\"text1noticias\">\tEl encuentro se produjo a trav\u00e9s de medios virtuales y se extendi\u00f3 por m\u00e1s de una hora. D\u00edaz Morfa y Stephan Faller, el m\u00e1s alto responsable militar de los EUA para la regi\u00f3n, acordaron identificar nuevas formas de colaboraci\u00f3n con el MIDE y mantener frecuentemente este tipo de contacto.<\/span><\/p>\n<\/p>\n<p>Fuente: <\/p>\n<h6> 2020-11-23 15:46:08 <\/h6>\n<p><!--\n<link rel=\"stylesheet\" href=\"css\/bootstrap.min.css\">\n\n\n<ul class=\"pagination\">\n\t    \n\t\n\n<li >\n\t<a href='?page_no=26'>Previous<\/a>\n\t<\/li>\n\n\n       \n    \n\n<li><a href='?page_no=1'>1<\/a><\/li>\n\n\n\n<li><a href='?page_no=2'>2<\/a><\/li>\n\n\n\n<li><a>...<\/a><\/li>\n\n\n\n<li><a href='?page_no=25'>25<\/a><\/li>\n\n\n\n<li><a href='?page_no=26'>26<\/a><\/li>\n\n\n\n<li class='active'><a>27<\/a><\/li>\n\n\n\n<li><a href='?page_no=28'>28<\/a><\/li>\n\n\n\n<li><a href='?page_no=29'>29<\/a><\/li>\n\n\n\n<li><a>...<\/a><\/li>\n\n\n\n<li><a href='?page_no=31963'>31963<\/a><\/li>\n\n\n\n<li><a href='?page_no=31964'>31964<\/a><\/li>\n\n    \n\t\n\n<li >\n\t<a href='?page_no=28'>Next<\/a>\n\t<\/li>\n\n\n    \n\n<li><a href='?page_no=31964'>Last &rsaquo;&rsaquo;<\/a><\/li>\n\n<\/ul>\n\n\n--><br \/>\n<\/body><\/p>\n","protected":false},"excerpt":{"rendered":"<p>diariodominicano.com Santo Domingo, R. D., 23 de noviembre, 2020.- El Ministro de Defensa sostuvo una reuni\u00f3n con el Almirante Craig Stephan Faller, jefe del Comando Sur de los Estados Unidos para tratar diferentes temas de las relaciones bilaterales y asuntos regionales. El Teniente General Carlos Luciano D\u00edaz Morfa, ERD., y el Comandante del Comando Sur [&hellip;]<\/p>\n","protected":false},"author":3,"featured_media":0,"comment_status":"open","ping_status":"open","sticky":false,"template":"","format":"standard","meta":{"footnotes":""},"categories":[24],"tags":[],"class_list":["post-132584","post","type-post","status-publish","format-standard","hentry","category-justicia-y-derecho"],"_links":{"self":[{"href":"https:\/\/diariodominicano.com\/index.php?rest_route=\/wp\/v2\/posts\/132584","targetHints":{"allow":["GET"]}}],"collection":[{"href":"https:\/\/diariodominicano.com\/index.php?rest_route=\/wp\/v2\/posts"}],"about":[{"href":"https:\/\/diariodominicano.com\/index.php?rest_route=\/wp\/v2\/types\/post"}],"author":[{"embeddable":true,"href":"https:\/\/diariodominicano.com\/index.php?rest_route=\/wp\/v2\/users\/3"}],"replies":[{"embeddable":true,"href":"https:\/\/diariodominicano.com\/index.php?rest_route=%2Fwp%2Fv2%2Fcomments&post=132584"}],"version-history":[{"count":0,"href":"https:\/\/diariodominicano.com\/index.php?rest_route=\/wp\/v2\/posts\/132584\/revisions"}],"wp:attachment":[{"href":"https:\/\/diariodominicano.com\/index.php?rest_route=%2Fwp%2Fv2%2Fmedia&parent=132584"}],"wp:term":[{"taxonomy":"category","embeddable":true,"href":"https:\/\/diariodominicano.com\/index.php?rest_route=%2Fwp%2Fv2%2Fcategories&post=132584"},{"taxonomy":"post_tag","embeddable":true,"href":"https:\/\/diariodominicano.com\/index.php?rest_route=%2Fwp%2Fv2%2Ftags&post=132584"}],"curies":[{"name":"wp","href":"https:\/\/api.w.org\/{rel}","templated":true}]}}