{"id":132140,"date":"2020-11-24T02:13:47","date_gmt":"2020-11-24T02:13:47","guid":{"rendered":"http:\/\/diariodominicano.ddns.net\/?p=132140"},"modified":"2020-11-24T02:13:47","modified_gmt":"2020-11-24T02:13:47","slug":"fiscalia-de-puerto-plata-advierte-que-mujer-puede-purgar-prision-de-hasta-seis-meses","status":"publish","type":"post","link":"https:\/\/diariodominicano.com\/?p=132140","title":{"rendered":"Fiscal\u00eda de Puerto Plata advierte que mujer puede purgar prisi\u00f3n de hasta seis meses"},"content":{"rendered":"<p><body><\/p>\n<p><strong>Diariodominicano.com<\/strong><\/p>\n<p><strong>Fiscal\u00eda de Puerto Plata advierte que La Perversa puede purgar prisi\u00f3n de hasta seis meses<\/strong><\/p>\n<p><strong> <\/strong><\/p>\n<p><strong>PUERTO PLATA, Rep\u00fablica Dominicana, 23 de noviembre de 2020.- <\/strong>La Fiscal\u00eda de esta provincia deposit\u00f3 por ante el Juzgado de Paz de San Felipe una medida de coerci\u00f3n contra Dennisse Michelle Tejeda (conocida como La Perversa), imputada de congregar a una multitud en medio de la pandemia de la COVID-19, raz\u00f3n por lo que enfrenta una serie de cargos por los que podr\u00eda purgar hasta seis meses de prisi\u00f3n.<\/p>\n<\/p>\n<p>Con Tejada est\u00e1n imputados Jean Mario Dujarric P\u00e9rez, Jordania Vanessa Sarita Santos y Enmanuel Marino Valeyron L\u00f3pez, contra quienes ya la fiscal\u00eda, que encabeza Osvaldo Bonilla, solicit\u00f3 la fijaci\u00f3n de una garant\u00eda econ\u00f3mica de RD$100,000 (RD$400,000 en total) para la puesta en libertad de cada uno, impedimento de salida y presentaci\u00f3n peri\u00f3dica.<\/p>\n<\/p>\n<p>A parte de las garant\u00edas econ\u00f3micas, los imputados ser\u00e1n sancionados con multas que van desde uno a diez salarios m\u00ednimos, explic\u00f3 Bonilla.<\/p>\n<\/p>\n<p>Los imputados enfrentan cargos por incumplimiento a las disposiciones legales y reglamentarias para prevenir y controlar las enfermedades transmisibles, obstaculizaci\u00f3n al libre tr\u00e1nsito e incumplimiento  o resistencia a las \u00f3rdenes de las autoridades competentes en los estados de excepci\u00f3n.<\/p>\n<\/p>\n<p>Tambi\u00e9n, incumplimiento a reglas de salubridad acordadas por la autoridad en tiempos de epidemia o contagio e incumplimiento de obligaciones de la poblaci\u00f3n en relaci\u00f3n a la salud.<\/p>\n<\/p>\n<p>Hasta el momento el Ministerio P\u00fablico ha dado la calificaci\u00f3n jur\u00eddica de violaci\u00f3n a los art\u00edculos 29, 63 y 153 numeral 1 de la Ley General de Salud P\u00fablica de la Rep\u00fablica Dominicana (No. 42-01), concomitantemente con el art\u00edculo 146 de la Ley No. 63-17, de Movilidad, Transporte Terrestre, Tr\u00e1nsito y Seguridad Vial de la Rep\u00fablica Dominicana.<\/p>\n<\/p>\n<p>Tambi\u00e9n, son imputados de violar el art\u00edculo 32 de la Ley 21-18 sobre Regulaci\u00f3n de los Estados de Excepci\u00f3n contemplado en la Constituci\u00f3n de la Rep\u00fablica Dominicana y el art\u00edculo  475 numerales 19 y 25 del C\u00f3digo Penal Dominicano.<\/p>\n<\/p>\n<p>En la solicitud de medida de coerci\u00f3n se establece que el 22 de noviembre de este 2020, la artista dedicada al g\u00e9nero urbano bajo el pseud\u00f3nimo de La Perversa convoc\u00f3 y realiz\u00f3 un evento masivo sin respetar las normas establecidas por las autoridades competentes para contrarrestar la pandemia de la COVID-19.<\/p>\n<\/p>\n<p>La actividad, llamada Circuito POP y\/o Caravana se desplaz\u00f3 por los sectores del municipio San Felipe, provincia Puerto Plata.<\/p>\n<\/p>\n<p>La imputada, que desarrolla unas manifestaciones r\u00edtmicas seguidas por sus fan\u00e1ticos, se encontraba en el Malec\u00f3n de Puerto Plata dirigiendo a los integrantes de una multitud que le segu\u00eda, la mayor\u00eda sin mascarillas y sin guardar distanciamiento f\u00edsico, en franco desaf\u00edo a los protocolos establecidos por las autoridades sanitarias.<\/p>\n<\/p>\n<p>La multitud adem\u00e1s obstru\u00eda el tr\u00e1nsito por las v\u00edas p\u00fablicas de Puerto Plata.<\/p>\n<\/p>\n<p>Rep\u00fablica Dominicana ha registrado 138,829 contagios por SARS-CoV-2, el coronavirus que provoca la COVID-19, una enfermedad que hasta el momento cost\u00f3 la vida a 2,311 personas en el territorio nacional.<\/p>\n<\/p>\n<p>Los esfuerzos de las autoridades, liderados por el Ministerio de Salud P\u00fablica, establecen una serie de protocolos que obligan a evitar las multitudes.<\/p>\n<\/p>\n<\/p>\n<p>Direcci\u00f3n de Comunicaci\u00f3n, Prensa y RRPP<\/p>\n<\/p>\n<p>Procuradur\u00eda General-Ministerio P\u00fablico RD<\/p>\n<\/p>\n<p>Lunes, 23 de noviembre de 2020.<\/p>\n<\/p>\n<p>&#8230;<\/p>\n<h6> 2020-11-24 02:13:47 <\/h6>\n<p><!--\n<link rel=\"stylesheet\" href=\"css\/bootstrap.min.css\">\n\n\n<ul class=\"pagination\">\n\t    \n\t\n\n<li >\n\t<a href='?page_no=22'>Previous<\/a>\n\t<\/li>\n\n\n       \n    \n\n<li><a href='?page_no=1'>1<\/a><\/li>\n\n\n\n<li><a href='?page_no=2'>2<\/a><\/li>\n\n\n\n<li><a>...<\/a><\/li>\n\n\n\n<li><a href='?page_no=21'>21<\/a><\/li>\n\n\n\n<li><a href='?page_no=22'>22<\/a><\/li>\n\n\n\n<li class='active'><a>23<\/a><\/li>\n\n\n\n<li><a href='?page_no=24'>24<\/a><\/li>\n\n\n\n<li><a href='?page_no=25'>25<\/a><\/li>\n\n\n\n<li><a>...<\/a><\/li>\n\n\n\n<li><a href='?page_no=31963'>31963<\/a><\/li>\n\n\n\n<li><a href='?page_no=31964'>31964<\/a><\/li>\n\n    \n\t\n\n<li >\n\t<a href='?page_no=24'>Next<\/a>\n\t<\/li>\n\n\n    \n\n<li><a href='?page_no=31964'>Last &rsaquo;&rsaquo;<\/a><\/li>\n\n<\/ul>\n\n\n--><br \/>\n<\/body><\/p>\n","protected":false},"excerpt":{"rendered":"<p>Diariodominicano.com Fiscal\u00eda de Puerto Plata advierte que La Perversa puede purgar prisi\u00f3n de hasta seis meses PUERTO PLATA, Rep\u00fablica Dominicana, 23 de noviembre de 2020.- La Fiscal\u00eda de esta provincia deposit\u00f3 por ante el Juzgado de Paz de San Felipe una medida de coerci\u00f3n contra Dennisse Michelle Tejeda (conocida como La Perversa), imputada de congregar [&hellip;]<\/p>\n","protected":false},"author":3,"featured_media":0,"comment_status":"open","ping_status":"open","sticky":false,"template":"","format":"standard","meta":{"footnotes":""},"categories":[24],"tags":[],"class_list":["post-132140","post","type-post","status-publish","format-standard","hentry","category-justicia-y-derecho"],"_links":{"self":[{"href":"https:\/\/diariodominicano.com\/index.php?rest_route=\/wp\/v2\/posts\/132140","targetHints":{"allow":["GET"]}}],"collection":[{"href":"https:\/\/diariodominicano.com\/index.php?rest_route=\/wp\/v2\/posts"}],"about":[{"href":"https:\/\/diariodominicano.com\/index.php?rest_route=\/wp\/v2\/types\/post"}],"author":[{"embeddable":true,"href":"https:\/\/diariodominicano.com\/index.php?rest_route=\/wp\/v2\/users\/3"}],"replies":[{"embeddable":true,"href":"https:\/\/diariodominicano.com\/index.php?rest_route=%2Fwp%2Fv2%2Fcomments&post=132140"}],"version-history":[{"count":0,"href":"https:\/\/diariodominicano.com\/index.php?rest_route=\/wp\/v2\/posts\/132140\/revisions"}],"wp:attachment":[{"href":"https:\/\/diariodominicano.com\/index.php?rest_route=%2Fwp%2Fv2%2Fmedia&parent=132140"}],"wp:term":[{"taxonomy":"category","embeddable":true,"href":"https:\/\/diariodominicano.com\/index.php?rest_route=%2Fwp%2Fv2%2Fcategories&post=132140"},{"taxonomy":"post_tag","embeddable":true,"href":"https:\/\/diariodominicano.com\/index.php?rest_route=%2Fwp%2Fv2%2Ftags&post=132140"}],"curies":[{"name":"wp","href":"https:\/\/api.w.org\/{rel}","templated":true}]}}