{"id":132029,"date":"2020-11-24T11:38:50","date_gmt":"2020-11-24T11:38:50","guid":{"rendered":"http:\/\/diariodominicano.ddns.net\/?p=132029"},"modified":"2020-11-24T11:38:50","modified_gmt":"2020-11-24T11:38:50","slug":"ministro-de-defensa-recibe-visita-director-del-banco-centroamericano-de-integracion-economica-bcie","status":"publish","type":"post","link":"https:\/\/diariodominicano.com\/?p=132029","title":{"rendered":"Ministro de Defensa recibe visita Director del Banco Centroamericano de Integraci\u00f3n Econ\u00f3mica (BCIE)"},"content":{"rendered":"<p><body><\/p>\n<p><img decoding=\"async\" src=\"img3\/MinistroDefensa24-11-20.jpg\" \/><br \/><img decoding=\"async\" src=\"img3\/Defensa24-11-20.jpg\" \/>  <\/p>\n<p><span class=\"text1noticias\">diariodominicano.com<\/span><\/p>\n<p><span class=\"text1noticias\"> <\/span><\/p>\n<p><span class=\"text1noticias\">Santo Domingo, R. D., 24 de noviembre, 2020.- El Ministro de Defensa Teniente General Carlos Luciano D\u00edaz Morfa, ERD., recibi\u00f3 en su despacho al Director del Banco Centroamericano de Integraci\u00f3n Econ\u00f3mica (BCIE), se\u00f1or Hostos J. Rizik Lugo, con quien convers\u00f3 sobre el objetivo de estrechar los lazos de cooperaci\u00f3n entre ambas instituciones.<\/span><\/p>\n<p><span class=\"text1noticias\"> <\/span><\/p>\n<p><span class=\"text1noticias\">El encuentro sirvi\u00f3 como reuni\u00f3n de coordinaci\u00f3n de trabajo, durante la cual tambi\u00e9n intercambiaron impresiones sobre temas de inter\u00e9s nacional.<\/span><\/p>\n<p><span class=\"text1noticias\"> <\/span><\/p>\n<p><span class=\"text1noticias\">El Banco Centroamericano de Integraci\u00f3n Econ\u00f3mica, actualmente es el banco multilateral de desarrollo m\u00e1s grande de Centroam\u00e9rica, cuya sede central se encuentra en Honduras, y es la entidad bancaria de desarrollo m\u00e1s s\u00f3lida en la regi\u00f3n que ha evolucionado de atender a los cinco pa\u00edses fundadores, a ser un soporte financiero para pa\u00edses centroamericanos.<\/span><\/p>\n<p><span class=\"text1noticias\"> <\/span><\/p>\n<p><span class=\"text1noticias\">El BCIE es una instituci\u00f3n financiera multilateral de desarrollo, con car\u00e1cter internacional, cuyos recursos se invierten continuamente en proyectos con impacto en el desarrollo para reducir la pobreza y las desigualdades, fortalecer la integraci\u00f3n regional y la inserci\u00f3n competitiva de los socios en la econom\u00eda mundial, otorgando especial atenci\u00f3n a la sostenibilidad del medio ambiente.<\/span><\/p>\n<p><span class=\"text1noticias\"> <\/span><\/p>\n<p><span class=\"text1noticias\">Fuente: Prensa Mide<\/span><\/p>\n<p><span class=\"text1noticias\">Ministerio de Defensa de la Rep\u00fablica Dominicana<\/span><\/p>\n<h6> 2020-11-24 11:38:50 <\/h6>\n<p><!--\n<link rel=\"stylesheet\" href=\"css\/bootstrap.min.css\">\n\n\n<ul class=\"pagination\">\n\t    \n\t\n\n<li >\n\t<a href='?page_no=21'>Previous<\/a>\n\t<\/li>\n\n\n       \n    \n\n<li><a href='?page_no=1'>1<\/a><\/li>\n\n\n\n<li><a href='?page_no=2'>2<\/a><\/li>\n\n\n\n<li><a>...<\/a><\/li>\n\n\n\n<li><a href='?page_no=20'>20<\/a><\/li>\n\n\n\n<li><a href='?page_no=21'>21<\/a><\/li>\n\n\n\n<li class='active'><a>22<\/a><\/li>\n\n\n\n<li><a href='?page_no=23'>23<\/a><\/li>\n\n\n\n<li><a href='?page_no=24'>24<\/a><\/li>\n\n\n\n<li><a>...<\/a><\/li>\n\n\n\n<li><a href='?page_no=31963'>31963<\/a><\/li>\n\n\n\n<li><a href='?page_no=31964'>31964<\/a><\/li>\n\n    \n\t\n\n<li >\n\t<a href='?page_no=23'>Next<\/a>\n\t<\/li>\n\n\n    \n\n<li><a href='?page_no=31964'>Last &rsaquo;&rsaquo;<\/a><\/li>\n\n<\/ul>\n\n\n--><br \/>\n<\/body><\/p>\n","protected":false},"excerpt":{"rendered":"<p>diariodominicano.com Santo Domingo, R. D., 24 de noviembre, 2020.- El Ministro de Defensa Teniente General Carlos Luciano D\u00edaz Morfa, ERD., recibi\u00f3 en su despacho al Director del Banco Centroamericano de Integraci\u00f3n Econ\u00f3mica (BCIE), se\u00f1or Hostos J. Rizik Lugo, con quien convers\u00f3 sobre el objetivo de estrechar los lazos de cooperaci\u00f3n entre ambas instituciones. El encuentro [&hellip;]<\/p>\n","protected":false},"author":3,"featured_media":0,"comment_status":"open","ping_status":"open","sticky":false,"template":"","format":"standard","meta":{"footnotes":""},"categories":[24],"tags":[],"class_list":["post-132029","post","type-post","status-publish","format-standard","hentry","category-justicia-y-derecho"],"_links":{"self":[{"href":"https:\/\/diariodominicano.com\/index.php?rest_route=\/wp\/v2\/posts\/132029","targetHints":{"allow":["GET"]}}],"collection":[{"href":"https:\/\/diariodominicano.com\/index.php?rest_route=\/wp\/v2\/posts"}],"about":[{"href":"https:\/\/diariodominicano.com\/index.php?rest_route=\/wp\/v2\/types\/post"}],"author":[{"embeddable":true,"href":"https:\/\/diariodominicano.com\/index.php?rest_route=\/wp\/v2\/users\/3"}],"replies":[{"embeddable":true,"href":"https:\/\/diariodominicano.com\/index.php?rest_route=%2Fwp%2Fv2%2Fcomments&post=132029"}],"version-history":[{"count":0,"href":"https:\/\/diariodominicano.com\/index.php?rest_route=\/wp\/v2\/posts\/132029\/revisions"}],"wp:attachment":[{"href":"https:\/\/diariodominicano.com\/index.php?rest_route=%2Fwp%2Fv2%2Fmedia&parent=132029"}],"wp:term":[{"taxonomy":"category","embeddable":true,"href":"https:\/\/diariodominicano.com\/index.php?rest_route=%2Fwp%2Fv2%2Fcategories&post=132029"},{"taxonomy":"post_tag","embeddable":true,"href":"https:\/\/diariodominicano.com\/index.php?rest_route=%2Fwp%2Fv2%2Ftags&post=132029"}],"curies":[{"name":"wp","href":"https:\/\/api.w.org\/{rel}","templated":true}]}}