{"id":131918,"date":"2020-11-24T13:02:40","date_gmt":"2020-11-24T13:02:40","guid":{"rendered":"http:\/\/diariodominicano.ddns.net\/?p=131918"},"modified":"2020-11-24T13:02:40","modified_gmt":"2020-11-24T13:02:40","slug":"fiscalia-de-santo-domingo-este-logra-medidas-de-coercion-para-15-integrantes-de-red-de-trafico-de-indocumentados","status":"publish","type":"post","link":"https:\/\/diariodominicano.com\/?p=131918","title":{"rendered":"Fiscal\u00eda de Santo Domingo Este logra medidas de coerci\u00f3n para 15 integrantes de red de tr\u00e1fico de indocumentados"},"content":{"rendered":"<p><body><\/p>\n<p><img decoding=\"async\" src=\"img3\/Fiscalia-Prov-SD24-11-20.jpg\" \/>  <\/p>\n<p><span class=\"text1noticias\"> <\/span><\/p>\n<p><span class=\"text1noticias\">diariodominicano.com<\/span><\/p>\n<p><span class=\"text1noticias\"> <\/span><\/p>\n<p><span class=\"text1noticias\">Santo Domingo Este, R. D., 24 de noviembre, 2020.- El Ministerio P\u00fablico de Santo Domingo Este logr\u00f3 imposici\u00f3n de un a\u00f1o de prisi\u00f3n preventiva contra 10 integrantes de una estructura criminal imputada de tr\u00e1fico il\u00edcito de personas hacia Estados Unidos y Europa, as\u00ed como de lavado de activos.<\/span><\/p>\n<p><span class=\"text1noticias\"> <\/span><\/p>\n<p><span class=\"text1noticias\">Rafael Sen\u00e9n Rosado Ferm\u00edn, Christopher Tavares, Estanly Ram\u00f3n Paulino de Jes\u00fas, Richard Alexandro Mart\u00ednez Alc\u00e1ntara, Pedro Antonio de los Santos Nina, Cristian Alberto Garc\u00e9s, Francis Rafael Guill\u00e9n Portes, Jos\u00e9 Luis N\u00fa\u00f1ez Paulino, Jos\u00e9 Antonio Dur\u00e1n Canela y Rub\u00e9n Dar\u00edo B\u00e1ez Medina formaban parte de la red que falsificaba documentos para facilitar procesos migratorios.<\/span><\/p>\n<p><span class=\"text1noticias\"> <\/span><\/p>\n<p><span class=\"text1noticias\">La Oficina de Servicios Judiciales de Atenci\u00f3n Permanente de Santo Domingo los envi\u00f3 a todos a cumplir la medida de coerci\u00f3n a la Penitenciar\u00eda Nacional de La Victoria.<\/span><\/p>\n<p><span class=\"text1noticias\"> <\/span><\/p>\n<p><span class=\"text1noticias\">Mientras, a cinco encartadas restantes, Dilia Isabel Rosado Jim\u00e9nez, Katty Alexandra Urb\u00e1ez Terrero, Bibiana M\u00e9ndez, Jennifer Madelin Mart\u00ednez Cruz y Lucitania Del Carmen Goris Abreu,  les impuso el pago de garant\u00eda econ\u00f3mica por valor de RD$100,000.00, a trav\u00e9s de una aseguradora, presentaci\u00f3n peri\u00f3dica e impedimento de salida del pa\u00eds.<\/span><\/p>\n<p><span class=\"text1noticias\"> <\/span><\/p>\n<p><span class=\"text1noticias\">Los fiscales litigantes presentaron pruebas materiales, documentales y testimoniales que fueron acogidas por el tribunal para sustentar su decisi\u00f3n en contra de los 15 imputados de violar las disposiciones legales contenidas en los art\u00edculos 139, 147, 148, 150, 151, 153, 154, 265 y 266 del C\u00f3digo Penal Dominicano, la Ley 137-03 sobre Tr\u00e1fico Il\u00edcito de Migrantes y Trata de Personas, as\u00ed como la Ley 155-17, contra Lavado de Activos y Financiamiento al Terrorismo, en perjuicio de seis v\u00edctimas denunciantes y del Estado dominicano.<\/span><\/p>\n<p><span class=\"text1noticias\"> <\/span><\/p>\n<p><span class=\"text1noticias\">La Fiscal\u00eda de Santo Domingo Este, en coordinaci\u00f3n con la Divisi\u00f3n Especializada de Investigaci\u00f3n contra Delitos Migratorios (DEIDEM), daban seguimiento a la organizaci\u00f3n desde octubre de 2019.<\/span><\/p>\n<p><span class=\"text1noticias\"> <\/span><\/p>\n<p><span class=\"text1noticias\">Seg\u00fan el expediente, la red ten\u00eda como objetivo principal los Estados Unidos de Am\u00e9rica y adem\u00e1s de proveer visados falsos, ten\u00eda contactos que brindaban albergue a sus clientes en los pa\u00edses utilizados como de paso. Adem\u00e1s, cobraban entre US$1,500.00 y US$ 3,000.00 y, dependiendo de la complejidad del viaje, si el cliente hab\u00eda sido deportado el monto pod\u00eda aumentar hasta los US$17,000.00.<\/span><\/p>\n<p><span class=\"text1noticias\"> <\/span><\/p>\n<p><span class=\"text1noticias\">Los magistrados Felbelys Rosario, Hazel Gross y Di\u00f3genes Quezada, adscritos al Departamento de Investigaci\u00f3n y Persecuci\u00f3n de Criminalidad Organizada de esta Fiscal\u00eda, coordinados por el fiscal titular Milc\u00edades Guzm\u00e1n Leonardo, desarrollaron una amplia investigaci\u00f3n que dio con la desarticulaci\u00f3n de la organizaci\u00f3n criminal.<\/span><\/p>\n<p><span class=\"text1noticias\"> <\/span><\/p>\n<p><span class=\"text1noticias\">Los fiscales descubrieron que entre los ahora imputados hab\u00eda propietarios de aerol\u00edneas privadas que organizaban los viajes ilegales y empleados de las direcciones generales de Migraci\u00f3n y Pasaportes.<\/span><\/p>\n<p><span class=\"text1noticias\"> <\/span><\/p>\n<p><span class=\"text1noticias\">Fuente: Procuradur\u00eda Prensa<\/span><\/p>\n<p><span class=\"text1noticias\">Direcci\u00f3n de Comunicaci\u00f3n, Prensa y RRPP<\/span><\/p>\n<p><span class=\"text1noticias\">Procuradur\u00eda General-Ministerio P\u00fablico RD<\/span><\/p>\n<p><span class=\"text1noticias\">Direcci\u00f3n General de Comunicaci\u00f3n, Prensa y Relaciones P\u00fablicas <\/span><\/p>\n<p><span class=\"text1noticias\">Procuradur\u00eda General de la Rep\u00fablica Dominicana<\/span><\/p>\n<p><span class=\"text1noticias\"> Martes, 24 de noviembre 2020 <\/span><\/p>\n<\/p>\n<\/p>\n<h6> 2020-11-24 13:02:40 <\/h6>\n<p><!--\n<link rel=\"stylesheet\" href=\"css\/bootstrap.min.css\">\n\n\n<ul class=\"pagination\">\n\t    \n\t\n\n<li >\n\t<a href='?page_no=20'>Previous<\/a>\n\t<\/li>\n\n\n       \n    \n\n<li><a href='?page_no=1'>1<\/a><\/li>\n\n\n\n<li><a href='?page_no=2'>2<\/a><\/li>\n\n\n\n<li><a>...<\/a><\/li>\n\n\n\n<li><a href='?page_no=19'>19<\/a><\/li>\n\n\n\n<li><a href='?page_no=20'>20<\/a><\/li>\n\n\n\n<li class='active'><a>21<\/a><\/li>\n\n\n\n<li><a href='?page_no=22'>22<\/a><\/li>\n\n\n\n<li><a href='?page_no=23'>23<\/a><\/li>\n\n\n\n<li><a>...<\/a><\/li>\n\n\n\n<li><a href='?page_no=31963'>31963<\/a><\/li>\n\n\n\n<li><a href='?page_no=31964'>31964<\/a><\/li>\n\n    \n\t\n\n<li >\n\t<a href='?page_no=22'>Next<\/a>\n\t<\/li>\n\n\n    \n\n<li><a href='?page_no=31964'>Last &rsaquo;&rsaquo;<\/a><\/li>\n\n<\/ul>\n\n\n--><br \/>\n<\/body><\/p>\n","protected":false},"excerpt":{"rendered":"<p>diariodominicano.com Santo Domingo Este, R. D., 24 de noviembre, 2020.- El Ministerio P\u00fablico de Santo Domingo Este logr\u00f3 imposici\u00f3n de un a\u00f1o de prisi\u00f3n preventiva contra 10 integrantes de una estructura criminal imputada de tr\u00e1fico il\u00edcito de personas hacia Estados Unidos y Europa, as\u00ed como de lavado de activos. Rafael Sen\u00e9n Rosado Ferm\u00edn, Christopher Tavares, [&hellip;]<\/p>\n","protected":false},"author":3,"featured_media":0,"comment_status":"open","ping_status":"open","sticky":false,"template":"","format":"standard","meta":{"footnotes":""},"categories":[24],"tags":[],"class_list":["post-131918","post","type-post","status-publish","format-standard","hentry","category-justicia-y-derecho"],"_links":{"self":[{"href":"https:\/\/diariodominicano.com\/index.php?rest_route=\/wp\/v2\/posts\/131918","targetHints":{"allow":["GET"]}}],"collection":[{"href":"https:\/\/diariodominicano.com\/index.php?rest_route=\/wp\/v2\/posts"}],"about":[{"href":"https:\/\/diariodominicano.com\/index.php?rest_route=\/wp\/v2\/types\/post"}],"author":[{"embeddable":true,"href":"https:\/\/diariodominicano.com\/index.php?rest_route=\/wp\/v2\/users\/3"}],"replies":[{"embeddable":true,"href":"https:\/\/diariodominicano.com\/index.php?rest_route=%2Fwp%2Fv2%2Fcomments&post=131918"}],"version-history":[{"count":0,"href":"https:\/\/diariodominicano.com\/index.php?rest_route=\/wp\/v2\/posts\/131918\/revisions"}],"wp:attachment":[{"href":"https:\/\/diariodominicano.com\/index.php?rest_route=%2Fwp%2Fv2%2Fmedia&parent=131918"}],"wp:term":[{"taxonomy":"category","embeddable":true,"href":"https:\/\/diariodominicano.com\/index.php?rest_route=%2Fwp%2Fv2%2Fcategories&post=131918"},{"taxonomy":"post_tag","embeddable":true,"href":"https:\/\/diariodominicano.com\/index.php?rest_route=%2Fwp%2Fv2%2Ftags&post=131918"}],"curies":[{"name":"wp","href":"https:\/\/api.w.org\/{rel}","templated":true}]}}