{"id":131807,"date":"2020-11-24T13:19:58","date_gmt":"2020-11-24T13:19:58","guid":{"rendered":"http:\/\/diariodominicano.ddns.net\/?p=131807"},"modified":"2020-11-24T13:19:58","modified_gmt":"2020-11-24T13:19:58","slug":"fiscalia-de-santo-domingo-este-logra-condena-de-20-anos-de-prision-contra-atracador-que-hirio-a-un-policia","status":"publish","type":"post","link":"https:\/\/diariodominicano.com\/?p=131807","title":{"rendered":"Fiscal\u00eda de Santo Domingo Este logra condena de 20 a\u00f1os de prisi\u00f3n contra atracador que hiri\u00f3 a un polic\u00eda"},"content":{"rendered":"<p><body><\/p>\n<p><img decoding=\"async\" src=\"img3\/tamarindobarrio24-11-20.jpg\" \/>  <\/p>\n<p><span class=\"text1noticias\"> diariodominicano.com <\/span><\/p>\n<p><span class=\"text1noticias\"> <\/span><\/p>\n<p><span class=\"text1noticias\">Santo Domingo Este, R. D., 24 de noviembre, 2020.- El Ministerio P\u00fablico de esta demarcaci\u00f3n logr\u00f3 que le fuera impuesta una condena de 20 a\u00f1os de prisi\u00f3n al hombre que hiri\u00f3 de bala a un raso de la Polic\u00eda Nacional, en un hecho ocurrido en noviembre de 2019 en el sector El Tamarindo de este municipio.<\/span><\/p>\n<p><span class=\"text1noticias\"> <\/span><\/p>\n<p><span class=\"text1noticias\">En el juicio de fondo, el \u00f3rgano de la acusaci\u00f3n demostr\u00f3 ante los jueces del Primer Tribunal Colegiado de esta jurisdicci\u00f3n que el acusado Andr\u00e9s Miguel Abreu Manzueta, alias \u00abTete\u00bb, incurri\u00f3 en la violaci\u00f3n de los art\u00edculos 265 y 266, sobre asociaci\u00f3n de malhechores;  adem\u00e1s 379, 382, 383, 385, 386-2, del C\u00f3digo Penal Dominicano, que tipifican el  robo como un cr\u00edmen; as\u00ed como  los art\u00edculos 66 y 67 de la Ley 631-16, Sobre Porte Ilegal de Armas de Fuego y Municiones , en perjuicio del raso Roelinson Suero Casanovas.<\/span><\/p>\n<p><span class=\"text1noticias\"> <\/span><\/p>\n<p><span class=\"text1noticias\">Las investigaciones revelaron que, en el momento en que el agente estaba parado en la calle M\u00f3nica Mota, en el sector El Tamarindo, fue interceptado por dos elementos armados que se desplazaban a bordo de una motocicleta. Andr\u00e9s Miguel Abreu Manzueta, quien ocupaba la parte trasera, se desmont\u00f3 y en enca\u00f1on\u00f3 al raso de 21 a\u00f1os de edad. <\/span><\/p>\n<p><span class=\"text1noticias\"> <\/span><\/p>\n<p><span class=\"text1noticias\">El expediente acusatorio explica que el polic\u00eda fue despojado de su arma de reglamento, marca Taurus, calibre 9 mil\u00edmetros, n\u00famero TXG93810, y luego lo hiri\u00f3 de tres disparos cuando la v\u00edctima se resisti\u00f3 al atraco. <\/span><\/p>\n<p><span class=\"text1noticias\"> <\/span><\/p>\n<p><span class=\"text1noticias\">En la investigaci\u00f3n, el Ministerio P\u00fablico recab\u00f3 pruebas periciales, las cuales aport\u00f3 al tribunal para demostrar los actos cometidos por el acusado; lo que sirvi\u00f3 de base para que fuera declarado culpable y enviado a cumplir la condena de 20 a\u00f1os de reclusi\u00f3n mayor a la Penitenciar\u00eda Nacional de La Victoria.<\/span><\/p>\n<p><span class=\"text1noticias\"> <\/span><\/p>\n<p><span class=\"text1noticias\">Fuente: procuraduria prensa <\/span><\/p>\n<p><span class=\"text1noticias\">Direcci\u00f3n de Comunicaci\u00f3n, Prensa y RRPP<\/span><\/p>\n<p><span class=\"text1noticias\">Procuradur\u00eda General-Ministerio P\u00fablico RD<\/span><\/p>\n<p><span class=\"text1noticias\">Direcci\u00f3n General de Comunicaci\u00f3n, Prensa y Relaciones P\u00fablicas<\/span><\/p>\n<p><span class=\"text1noticias\">Procuradur\u00eda General de la Rep\u00fablica Dominicana<\/span><\/p>\n<p><span class=\"text1noticias\">Lunes, 23 de noviembre 2020<\/span><\/p>\n<h6> 2020-11-24 13:19:58 <\/h6>\n<p><!--\n<link rel=\"stylesheet\" href=\"css\/bootstrap.min.css\">\n\n\n<ul class=\"pagination\">\n\t    \n\t\n\n<li >\n\t<a href='?page_no=19'>Previous<\/a>\n\t<\/li>\n\n\n       \n    \n\n<li><a href='?page_no=1'>1<\/a><\/li>\n\n\n\n<li><a href='?page_no=2'>2<\/a><\/li>\n\n\n\n<li><a>...<\/a><\/li>\n\n\n\n<li><a href='?page_no=18'>18<\/a><\/li>\n\n\n\n<li><a href='?page_no=19'>19<\/a><\/li>\n\n\n\n<li class='active'><a>20<\/a><\/li>\n\n\n\n<li><a href='?page_no=21'>21<\/a><\/li>\n\n\n\n<li><a href='?page_no=22'>22<\/a><\/li>\n\n\n\n<li><a>...<\/a><\/li>\n\n\n\n<li><a href='?page_no=31963'>31963<\/a><\/li>\n\n\n\n<li><a href='?page_no=31964'>31964<\/a><\/li>\n\n    \n\t\n\n<li >\n\t<a href='?page_no=21'>Next<\/a>\n\t<\/li>\n\n\n    \n\n<li><a href='?page_no=31964'>Last &rsaquo;&rsaquo;<\/a><\/li>\n\n<\/ul>\n\n\n--><br \/>\n<\/body><\/p>\n","protected":false},"excerpt":{"rendered":"<p>diariodominicano.com Santo Domingo Este, R. D., 24 de noviembre, 2020.- El Ministerio P\u00fablico de esta demarcaci\u00f3n logr\u00f3 que le fuera impuesta una condena de 20 a\u00f1os de prisi\u00f3n al hombre que hiri\u00f3 de bala a un raso de la Polic\u00eda Nacional, en un hecho ocurrido en noviembre de 2019 en el sector El Tamarindo de [&hellip;]<\/p>\n","protected":false},"author":3,"featured_media":0,"comment_status":"open","ping_status":"open","sticky":false,"template":"","format":"standard","meta":{"footnotes":""},"categories":[24],"tags":[],"class_list":["post-131807","post","type-post","status-publish","format-standard","hentry","category-justicia-y-derecho"],"_links":{"self":[{"href":"https:\/\/diariodominicano.com\/index.php?rest_route=\/wp\/v2\/posts\/131807","targetHints":{"allow":["GET"]}}],"collection":[{"href":"https:\/\/diariodominicano.com\/index.php?rest_route=\/wp\/v2\/posts"}],"about":[{"href":"https:\/\/diariodominicano.com\/index.php?rest_route=\/wp\/v2\/types\/post"}],"author":[{"embeddable":true,"href":"https:\/\/diariodominicano.com\/index.php?rest_route=\/wp\/v2\/users\/3"}],"replies":[{"embeddable":true,"href":"https:\/\/diariodominicano.com\/index.php?rest_route=%2Fwp%2Fv2%2Fcomments&post=131807"}],"version-history":[{"count":0,"href":"https:\/\/diariodominicano.com\/index.php?rest_route=\/wp\/v2\/posts\/131807\/revisions"}],"wp:attachment":[{"href":"https:\/\/diariodominicano.com\/index.php?rest_route=%2Fwp%2Fv2%2Fmedia&parent=131807"}],"wp:term":[{"taxonomy":"category","embeddable":true,"href":"https:\/\/diariodominicano.com\/index.php?rest_route=%2Fwp%2Fv2%2Fcategories&post=131807"},{"taxonomy":"post_tag","embeddable":true,"href":"https:\/\/diariodominicano.com\/index.php?rest_route=%2Fwp%2Fv2%2Ftags&post=131807"}],"curies":[{"name":"wp","href":"https:\/\/api.w.org\/{rel}","templated":true}]}}