{"id":131695,"date":"2020-11-24T21:52:20","date_gmt":"2020-11-24T21:52:20","guid":{"rendered":"http:\/\/diariodominicano.ddns.net\/?p=131695"},"modified":"2020-11-24T21:52:20","modified_gmt":"2020-11-24T21:52:20","slug":"policia-nacional-apresa-hombre-acusado-de-matar-a-otro-ciudadano-en-la-vega","status":"publish","type":"post","link":"https:\/\/diariodominicano.com\/?p=131695","title":{"rendered":"Polic\u00eda Nacional apresa hombre acusado de matar a otro ciudadano en La Vega"},"content":{"rendered":"<p><body><\/p>\n<p><img decoding=\"async\" src=\"img3\/pn cibao00.jpg\" \/>  <\/p>\n<p><strong>Diariodominicano.com<\/strong><\/p>\n<p><strong>Polic\u00eda Nacional apresa hombre acusado de matar a otro ciudadano en La Vega<\/strong><\/p>\n<p><strong> <\/strong><\/p>\n<p><strong>La Vega, RD,  24 de noviembre 2020.<\/strong>&#8211; La Polic\u00eda Nacional apres\u00f3 a un hombre acusado del homicidio de otro, en un hecho que ocurri\u00f3 en el sector Jima Abajo de la Vega. <\/p>\n<\/p>\n<p>Se trata de, Frederic Caba Paulino, de 24 a\u00f1os, quien fue apresado por la muerte de Osvaldo Luis Ram\u00edrez Marte, de 32 a\u00f1os.<\/p>\n<\/p>\n<p> El hecho homicida se produjo el pasado lunes en la ma\u00f1ana, momento en que el victimario y Osvaldo Luis Ram\u00edrez Marte escenificaron una ri\u00f1a por viejas rencillas personales, en la calle Duarte del referido sector, se\u00f1ala una nota informativa de la Polic\u00eda Nacional.<\/p>\n<\/p>\n<p>En medio del conflicto Ram\u00edrez Marte result\u00f3 con una herida de arma blanca, por la cual fue ingresado a un centro hospitalario donde horas despu\u00e9s falleci\u00f3.<\/p>\n<\/p>\n<\/p>\n<p>El apresado en las pr\u00f3ximas horas ser\u00e1 enviado a la acci\u00f3n de la justicia v\u00eda Ministerio P\u00fablico para los fines correspondientes de ley.<\/p>\n<\/p>\n<\/p>\n<p>En cuanto al cad\u00e1ver de la v\u00edctima fue trasladado al Instituto Nacional de Ciencias Forense (INACIF) para los fines de lugar.<\/p>\n<\/p>\n<\/p>\n<\/p>\n<p>OFICINA DE INFORMACION Y COMUNICACIONES ESTRATEGICAS DIRECCION REGIONAL CIBAO CENTRAL DE LA POLICIA NACIONAL<\/p>\n<\/p>\n<p>&#8212;<\/p>\n<p>Subdirecci\u00f3n de Comunicaciones Estret\u00e9gicas<\/p>\n<h6> 2020-11-24 21:52:20 <\/h6>\n<p><!--\n<link rel=\"stylesheet\" href=\"css\/bootstrap.min.css\">\n\n\n<ul class=\"pagination\">\n\t    \n\t\n\n<li >\n\t<a href='?page_no=18'>Previous<\/a>\n\t<\/li>\n\n\n       \n    \n\n<li><a href='?page_no=1'>1<\/a><\/li>\n\n\n\n<li><a href='?page_no=2'>2<\/a><\/li>\n\n\n\n<li><a>...<\/a><\/li>\n\n\n\n<li><a href='?page_no=17'>17<\/a><\/li>\n\n\n\n<li><a href='?page_no=18'>18<\/a><\/li>\n\n\n\n<li class='active'><a>19<\/a><\/li>\n\n\n\n<li><a href='?page_no=20'>20<\/a><\/li>\n\n\n\n<li><a href='?page_no=21'>21<\/a><\/li>\n\n\n\n<li><a>...<\/a><\/li>\n\n\n\n<li><a href='?page_no=31963'>31963<\/a><\/li>\n\n\n\n<li><a href='?page_no=31964'>31964<\/a><\/li>\n\n    \n\t\n\n<li >\n\t<a href='?page_no=20'>Next<\/a>\n\t<\/li>\n\n\n    \n\n<li><a href='?page_no=31964'>Last &rsaquo;&rsaquo;<\/a><\/li>\n\n<\/ul>\n\n\n--><br \/>\n<\/body><\/p>\n","protected":false},"excerpt":{"rendered":"<p>Diariodominicano.com Polic\u00eda Nacional apresa hombre acusado de matar a otro ciudadano en La Vega La Vega, RD, 24 de noviembre 2020.&#8211; La Polic\u00eda Nacional apres\u00f3 a un hombre acusado del homicidio de otro, en un hecho que ocurri\u00f3 en el sector Jima Abajo de la Vega. Se trata de, Frederic Caba Paulino, de 24 a\u00f1os, [&hellip;]<\/p>\n","protected":false},"author":3,"featured_media":0,"comment_status":"open","ping_status":"open","sticky":false,"template":"","format":"standard","meta":{"footnotes":""},"categories":[24],"tags":[],"class_list":["post-131695","post","type-post","status-publish","format-standard","hentry","category-justicia-y-derecho"],"_links":{"self":[{"href":"https:\/\/diariodominicano.com\/index.php?rest_route=\/wp\/v2\/posts\/131695","targetHints":{"allow":["GET"]}}],"collection":[{"href":"https:\/\/diariodominicano.com\/index.php?rest_route=\/wp\/v2\/posts"}],"about":[{"href":"https:\/\/diariodominicano.com\/index.php?rest_route=\/wp\/v2\/types\/post"}],"author":[{"embeddable":true,"href":"https:\/\/diariodominicano.com\/index.php?rest_route=\/wp\/v2\/users\/3"}],"replies":[{"embeddable":true,"href":"https:\/\/diariodominicano.com\/index.php?rest_route=%2Fwp%2Fv2%2Fcomments&post=131695"}],"version-history":[{"count":0,"href":"https:\/\/diariodominicano.com\/index.php?rest_route=\/wp\/v2\/posts\/131695\/revisions"}],"wp:attachment":[{"href":"https:\/\/diariodominicano.com\/index.php?rest_route=%2Fwp%2Fv2%2Fmedia&parent=131695"}],"wp:term":[{"taxonomy":"category","embeddable":true,"href":"https:\/\/diariodominicano.com\/index.php?rest_route=%2Fwp%2Fv2%2Fcategories&post=131695"},{"taxonomy":"post_tag","embeddable":true,"href":"https:\/\/diariodominicano.com\/index.php?rest_route=%2Fwp%2Fv2%2Ftags&post=131695"}],"curies":[{"name":"wp","href":"https:\/\/api.w.org\/{rel}","templated":true}]}}