{"id":131473,"date":"2020-11-25T16:22:37","date_gmt":"2020-11-25T16:22:37","guid":{"rendered":"http:\/\/diariodominicano.ddns.net\/?p=131473"},"modified":"2020-11-25T16:22:37","modified_gmt":"2020-11-25T16:22:37","slug":"la-procuradora-german-brito-muestra-mejoria-progresiva-y-buen-estado-de-animo","status":"publish","type":"post","link":"https:\/\/diariodominicano.com\/?p=131473","title":{"rendered":"La procuradora Germ\u00e1n Brito muestra mejor\u00eda progresiva y buen estado de \u00e1nimo&#13;"},"content":{"rendered":"<p><body><\/p>\n<p><img decoding=\"async\" src=\"img3\/Miriam-GermanBrito25-11-20.jpeg\" \/>  <\/p>\n<p><span class=\"text1noticias\">diariodominicano.com<\/span><\/p>\n<p><span class=\"text1noticias\"> <\/span><\/p>\n<p><span class=\"text1noticias\">Santo Domingo, R. D., 25 de noviembre, 2020.- La procuradora general Miriam Germ\u00e1n Brito muestra este mi\u00e9rcoles una sustancial mejor\u00eda en todos sus indicadores de salud y se encuentra en buen estado de \u00e1nimo, de acuerdo con el informe del Hospital General Plaza de la Salud (HGPS). <\/span><\/p>\n<p><span class=\"text1noticias\"> <\/span><\/p>\n<p><span class=\"text1noticias\">\u00abLa magistrada se muestra muy animada, conversando y haciendo chistes con sus parientes y con quienes formamos parte de su entorno cercano. Tambi\u00e9n saca su tiempo de reposo para leer y se mantiene actualizada sobre el desenvolvimiento de la Procuradur\u00eda de la Rep\u00fablica\u00bb, detall\u00f3 la abogada Ana Mor\u00fan, coordinadora del Despacho de la Procuradora General.<\/span><\/p>\n<p><span class=\"text1noticias\"> <\/span><\/p>\n<p><span class=\"text1noticias\">Germ\u00e1n Brito muestra una respuesta favorable a las atenciones que recibe desde su ingreso, de acuerdo con el informe del director m\u00e9dico del HGPS, Nepomuceno Mej\u00eda.<\/span><\/p>\n<p><span class=\"text1noticias\"> <\/span><\/p>\n<p><span class=\"text1noticias\">El galeno explic\u00f3 que la paciente \u00abpresenta mejor\u00eda progresiva en su condici\u00f3n general, estable en sus par\u00e1metros cl\u00ednicos, hemodin\u00e1micos y patr\u00f3n respiratorio\u00bb. <\/span><\/p>\n<p><span class=\"text1noticias\"> <\/span><\/p>\n<p><span class=\"text1noticias\">La magistrada permanece hospitalizada en una sala cl\u00ednica para su seguimiento y manejo terap\u00e9utico. <\/span><\/p>\n<p><span class=\"text1noticias\"> <\/span><\/p>\n<p><span class=\"text1noticias\">Fuente: Procuradur\u00eda Prensa <\/span><\/p>\n<p><span class=\"text1noticias\">Direcci\u00f3n de Comunicaci\u00f3n, Prensa y RRPP<\/span><\/p>\n<p><span class=\"text1noticias\">Procuradur\u00eda General-Ministerio P\u00fablico RD <\/span><\/p>\n<p><span class=\"text1noticias\">Direcci\u00f3n General de Comunicaci\u00f3n, Prensa y Relaciones P\u00fablicas <\/span><\/p>\n<p><span class=\"text1noticias\">Procuradur\u00eda General de l<\/span>a Rep\u00fablica Dominicana<\/p>\n<p><span class=\"text1noticias\">Mi\u00e9rcoles, 25 de noviembre 2020<\/span><\/p>\n<h6> 2020-11-25 16:22:37 <\/h6>\n<p><!--\n<link rel=\"stylesheet\" href=\"css\/bootstrap.min.css\">\n\n\n<ul class=\"pagination\">\n\t    \n\t\n\n<li >\n\t<a href='?page_no=16'>Previous<\/a>\n\t<\/li>\n\n\n       \n    \n\n<li><a href='?page_no=1'>1<\/a><\/li>\n\n\n\n<li><a href='?page_no=2'>2<\/a><\/li>\n\n\n\n<li><a>...<\/a><\/li>\n\n\n\n<li><a href='?page_no=15'>15<\/a><\/li>\n\n\n\n<li><a href='?page_no=16'>16<\/a><\/li>\n\n\n\n<li class='active'><a>17<\/a><\/li>\n\n\n\n<li><a href='?page_no=18'>18<\/a><\/li>\n\n\n\n<li><a href='?page_no=19'>19<\/a><\/li>\n\n\n\n<li><a>...<\/a><\/li>\n\n\n\n<li><a href='?page_no=31963'>31963<\/a><\/li>\n\n\n\n<li><a href='?page_no=31964'>31964<\/a><\/li>\n\n    \n\t\n\n<li >\n\t<a href='?page_no=18'>Next<\/a>\n\t<\/li>\n\n\n    \n\n<li><a href='?page_no=31964'>Last &rsaquo;&rsaquo;<\/a><\/li>\n\n<\/ul>\n\n\n--><br \/>\n<\/body><\/p>\n","protected":false},"excerpt":{"rendered":"<p>diariodominicano.com Santo Domingo, R. D., 25 de noviembre, 2020.- La procuradora general Miriam Germ\u00e1n Brito muestra este mi\u00e9rcoles una sustancial mejor\u00eda en todos sus indicadores de salud y se encuentra en buen estado de \u00e1nimo, de acuerdo con el informe del Hospital General Plaza de la Salud (HGPS). \u00abLa magistrada se muestra muy animada, conversando [&hellip;]<\/p>\n","protected":false},"author":3,"featured_media":0,"comment_status":"open","ping_status":"open","sticky":false,"template":"","format":"standard","meta":{"footnotes":""},"categories":[24],"tags":[],"class_list":["post-131473","post","type-post","status-publish","format-standard","hentry","category-justicia-y-derecho"],"_links":{"self":[{"href":"https:\/\/diariodominicano.com\/index.php?rest_route=\/wp\/v2\/posts\/131473","targetHints":{"allow":["GET"]}}],"collection":[{"href":"https:\/\/diariodominicano.com\/index.php?rest_route=\/wp\/v2\/posts"}],"about":[{"href":"https:\/\/diariodominicano.com\/index.php?rest_route=\/wp\/v2\/types\/post"}],"author":[{"embeddable":true,"href":"https:\/\/diariodominicano.com\/index.php?rest_route=\/wp\/v2\/users\/3"}],"replies":[{"embeddable":true,"href":"https:\/\/diariodominicano.com\/index.php?rest_route=%2Fwp%2Fv2%2Fcomments&post=131473"}],"version-history":[{"count":0,"href":"https:\/\/diariodominicano.com\/index.php?rest_route=\/wp\/v2\/posts\/131473\/revisions"}],"wp:attachment":[{"href":"https:\/\/diariodominicano.com\/index.php?rest_route=%2Fwp%2Fv2%2Fmedia&parent=131473"}],"wp:term":[{"taxonomy":"category","embeddable":true,"href":"https:\/\/diariodominicano.com\/index.php?rest_route=%2Fwp%2Fv2%2Fcategories&post=131473"},{"taxonomy":"post_tag","embeddable":true,"href":"https:\/\/diariodominicano.com\/index.php?rest_route=%2Fwp%2Fv2%2Ftags&post=131473"}],"curies":[{"name":"wp","href":"https:\/\/api.w.org\/{rel}","templated":true}]}}