{"id":130250,"date":"2020-11-26T13:58:38","date_gmt":"2020-11-26T13:58:38","guid":{"rendered":"http:\/\/diariodominicano.ddns.net\/?p=130250"},"modified":"2020-11-26T13:58:38","modified_gmt":"2020-11-26T13:58:38","slug":"la-carcel-de-la-fiscalia-del-distrito-bajo-los-parametros-del-nuevo-modelo","status":"publish","type":"post","link":"https:\/\/diariodominicano.com\/?p=130250","title":{"rendered":"La c\u00e1rcel de la Fiscal\u00eda del Distrito bajo los par\u00e1metros del Nuevo Modelo"},"content":{"rendered":"<p><body><\/p>\n<p><img decoding=\"async\" src=\"img3\/fiscalia26-11-20.jpeg\" \/>  <\/p>\n<p><span class=\"text1noticias\"> diariodominicano.com<\/span><\/p>\n<p><span class=\"text1noticias\">Santo Domingo, R. D., 26 de noviembre, 2020.- Las autoridades del Nuevo Modelo de Gesti\u00f3n Penitenciaria readaptaron el recinto utilizado por la Fiscal\u00eda del Distrito Nacional para la retenci\u00f3n de imputados, aplicando las normas de distribuci\u00f3n, atenci\u00f3n y disciplina recomendadas por la Organizaci\u00f3n de las Naciones Unidas (ONU) para los espacios que alojan a privados de libertad. <\/span><\/p>\n<p><span class=\"text1noticias\"> <\/span><\/p>\n<p><span class=\"text1noticias\">El control de la seguridad del centro est\u00e1 bajo la responsabilidad de un equipo de agentes de vigilancia y tratamiento penitenciario (VTP) que aplica las reglas, las cuales incluyen la eliminaci\u00f3n de discriminaci\u00f3n entre los internos. Tambi\u00e9n, el respeto de sus derechos, el establecimiento de protocolos para las visitas de abogados, as\u00ed como la recepci\u00f3n y depuraci\u00f3n de paquetes. <\/span><\/p>\n<p><span class=\"text1noticias\"> <\/span><\/p>\n<p><span class=\"text1noticias\">\u00abEn la actualidad guardan prisi\u00f3n preventiva en este recinto m\u00e1s de 220 hombres y una docena de mujeres a quienes se les garantiza su seguridad, protecci\u00f3n, el respeto a su dignidad humana y su estabilidad\u00bb, dijo la coordinadora del Nuevo Modelo de Gesti\u00f3n Penitenciaria, Patricia Lagombra.<\/span><\/p>\n<p><span class=\"text1noticias\"> <\/span><\/p>\n<p><span class=\"text1noticias\">Resalt\u00f3 que a los internos son atendido \u00absin ning\u00fan tipo de privilegio asociado a una actuaci\u00f3n indebida y que, adem\u00e1s, represente una discriminaci\u00f3n hacia otros privados de libertad\u00bb, a\u00f1adi\u00f3. <\/span><\/p>\n<p><span class=\"text1noticias\"> <\/span><\/p>\n<p><span class=\"text1noticias\">Los cambios responden a que el pasado 17 de noviembre, por instrucciones de la Procuradur\u00eda General de la Rep\u00fablica, un equipo del Nuevo Modelo de Gesti\u00f3n Penitenciaria asumi\u00f3 el control del recinto con el objetivo de manejar la seguridad con los est\u00e1ndares de efectividad que establece ese organismo y, a su vez, garantizar los derechos de los privados de libertad. <\/span><\/p>\n<p><span class=\"text1noticias\"> <\/span><\/p>\n<p><span class=\"text1noticias\">Lagombra explic\u00f3 que con estos ajustes se mejoran sustancialmente las condiciones en que se encontraban las personas recluidas en el recinto ubicado en el Palacio de Justicia de Ciudad Nueva por \u00f3rdenes judiciales, quienes seg\u00fan denuncias recibidas por la Procuradur\u00eda General de la Rep\u00fablica eran v\u00edctimas de extorsi\u00f3n y de otras irregularidades que imperaban en la c\u00e1rcel. <\/span><\/p>\n<p><span class=\"text1noticias\"> <\/span><\/p>\n<p><span class=\"text1noticias\">Los privados de libertad reciben atenciones m\u00e9dicas y sicol\u00f3gicas, asistencia jur\u00eddica, adem\u00e1s de las raciones de alimentos de cada d\u00eda. El centro cuenta adem\u00e1s con una biblioteca y un economato para suplir las necesidades de los internos. <\/span><\/p>\n<p><span class=\"text1noticias\"> <\/span><\/p>\n<p><span class=\"text1noticias\">Fuente:Direcci\u00f3n de Comunicaci\u00f3n y Prensa <\/span><\/p>\n<p><span class=\"text1noticias\">Procuradur\u00eda General-Ministerio P\u00fablico RD <\/span><\/p>\n<p><span class=\"text1noticias\">Jueves 26 de noviembre 2020<\/span><\/p>\n<p><span class=\"text1noticias\">Direcci\u00f3n General de Comunicaci\u00f3n, Prensa y Relaciones P\u00fablicas<\/span><\/p>\n<p><span class=\"text1noticias\">Procuradur\u00eda Genera<\/span>l de la Rep\u00fablica Dominicana<\/p>\n<h6> 2020-11-26 13:58:38 <\/h6>\n<p><!--\n<link rel=\"stylesheet\" href=\"css\/bootstrap.min.css\">\n\n\n<ul class=\"pagination\">\n\t    \n\t\n\n<li >\n\t<a href='?page_no=14'>Previous<\/a>\n\t<\/li>\n\n\n       \n    \n\n<li><a href='?page_no=1'>1<\/a><\/li>\n\n\n\n<li><a href='?page_no=2'>2<\/a><\/li>\n\n\n\n<li><a>...<\/a><\/li>\n\n\n\n<li><a href='?page_no=13'>13<\/a><\/li>\n\n\n\n<li><a href='?page_no=14'>14<\/a><\/li>\n\n\n\n<li class='active'><a>15<\/a><\/li>\n\n\n\n<li><a href='?page_no=16'>16<\/a><\/li>\n\n\n\n<li><a href='?page_no=17'>17<\/a><\/li>\n\n\n\n<li><a>...<\/a><\/li>\n\n\n\n<li><a href='?page_no=31963'>31963<\/a><\/li>\n\n\n\n<li><a href='?page_no=31964'>31964<\/a><\/li>\n\n    \n\t\n\n<li >\n\t<a href='?page_no=16'>Next<\/a>\n\t<\/li>\n\n\n    \n\n<li><a href='?page_no=31964'>Last &rsaquo;&rsaquo;<\/a><\/li>\n\n<\/ul>\n\n\n--><br \/>\n<\/body><\/p>\n","protected":false},"excerpt":{"rendered":"<p>diariodominicano.com Santo Domingo, R. D., 26 de noviembre, 2020.- Las autoridades del Nuevo Modelo de Gesti\u00f3n Penitenciaria readaptaron el recinto utilizado por la Fiscal\u00eda del Distrito Nacional para la retenci\u00f3n de imputados, aplicando las normas de distribuci\u00f3n, atenci\u00f3n y disciplina recomendadas por la Organizaci\u00f3n de las Naciones Unidas (ONU) para los espacios que alojan a [&hellip;]<\/p>\n","protected":false},"author":3,"featured_media":0,"comment_status":"open","ping_status":"open","sticky":false,"template":"","format":"standard","meta":{"footnotes":""},"categories":[24],"tags":[],"class_list":["post-130250","post","type-post","status-publish","format-standard","hentry","category-justicia-y-derecho"],"_links":{"self":[{"href":"https:\/\/diariodominicano.com\/index.php?rest_route=\/wp\/v2\/posts\/130250","targetHints":{"allow":["GET"]}}],"collection":[{"href":"https:\/\/diariodominicano.com\/index.php?rest_route=\/wp\/v2\/posts"}],"about":[{"href":"https:\/\/diariodominicano.com\/index.php?rest_route=\/wp\/v2\/types\/post"}],"author":[{"embeddable":true,"href":"https:\/\/diariodominicano.com\/index.php?rest_route=\/wp\/v2\/users\/3"}],"replies":[{"embeddable":true,"href":"https:\/\/diariodominicano.com\/index.php?rest_route=%2Fwp%2Fv2%2Fcomments&post=130250"}],"version-history":[{"count":0,"href":"https:\/\/diariodominicano.com\/index.php?rest_route=\/wp\/v2\/posts\/130250\/revisions"}],"wp:attachment":[{"href":"https:\/\/diariodominicano.com\/index.php?rest_route=%2Fwp%2Fv2%2Fmedia&parent=130250"}],"wp:term":[{"taxonomy":"category","embeddable":true,"href":"https:\/\/diariodominicano.com\/index.php?rest_route=%2Fwp%2Fv2%2Fcategories&post=130250"},{"taxonomy":"post_tag","embeddable":true,"href":"https:\/\/diariodominicano.com\/index.php?rest_route=%2Fwp%2Fv2%2Ftags&post=130250"}],"curies":[{"name":"wp","href":"https:\/\/api.w.org\/{rel}","templated":true}]}}