{"id":129139,"date":"2020-11-26T14:43:36","date_gmt":"2020-11-26T14:43:36","guid":{"rendered":"http:\/\/diariodominicano.ddns.net\/?p=129139"},"modified":"2020-11-26T14:43:36","modified_gmt":"2020-11-26T14:43:36","slug":"miriam-german-brito-se-recupera-de-manera-satisfactoria-y-recibe-alta-medico","status":"publish","type":"post","link":"https:\/\/diariodominicano.com\/?p=129139","title":{"rendered":"Miriam Germ\u00e1n Brito se recupera de manera satisfactoria y recibe alta m\u00e9dico"},"content":{"rendered":"<p><body><\/p>\n<p><span class=\"text1noticias\"> <\/span><\/p>\n<p><span class=\"text1noticias\"> diariodominicano.com<\/span><\/p>\n<p><span class=\"text1noticias\">Santo Domingo, R. D., 26 de noviembre, 2020.- La procuradora general Miriam Germ\u00e1n Brito recibi\u00f3 este jueves el alta m\u00e9dico, al mostrar una evoluci\u00f3n satisfactoria de las condiciones que determinaron su internamiento en el Hospital General Plaza de la Salud (HGPS), y envi\u00f3 un mensaje de agradecimiento a la ciudadan\u00eda, que se mantuvo atenta a su situaci\u00f3n. <\/span><\/p>\n<p><span class=\"text1noticias\"> <\/span><\/p>\n<p><span class=\"text1noticias\">\u00abEstamos procediendo a egresar del Hospital General Plaza de la Salud a la se\u00f1ora Miriam Germ\u00e1n\u00bb, quien deber\u00e1 continuar en su casa el tratamiento y proceso de recuperaci\u00f3n, anunci\u00f3 el director m\u00e9dico del HGPS, Nepomuceno Mej\u00eda.<\/span><\/p>\n<p><span class=\"text1noticias\"> <\/span><\/p>\n<p><span class=\"text1noticias\">El galeno ponder\u00f3 que se encuentran en condiciones estables todos los par\u00e1metros cl\u00ednicos, hemodin\u00e1micos y resultados de laboratorios de la procuradora Germ\u00e1n Brito.<\/span><\/p>\n<p><span class=\"text1noticias\"> <\/span><\/p>\n<p><span class=\"text1noticias\">En nombre de la procuradora general, de sus familiares, amigos y colaboradores, la abogada Ana Morun, coordinadora del Despacho de la Procuradora General, expres\u00f3 agradecimiento por el trato recibido en el centro de salud.<\/span><\/p>\n<p><span class=\"text1noticias\"> <\/span><\/p>\n<p><span class=\"text1noticias\">\u00abLe queremos agradecer a todo el personal m\u00e9dico, param\u00e9dico, enfermeras, personal de limpieza, la gente del servicio de comida de la Plaza de la Salud que han tratado a la magistrada Miriam Germ\u00e1n, por sus atenciones y cuidado\u00bb, dijo Morun, quien habl\u00f3 en compa\u00f1\u00eda del doctor Mej\u00eda. <\/span><\/p>\n<p><span class=\"text1noticias\"> <\/span><\/p>\n<p><span class=\"text1noticias\">\u00abQueremos dar las gracias a todo el pueblo dominicano, que se ha preocupado de una u otra manera por la salud de la magistrada\u00bb, agreg\u00f3.<\/span><\/p>\n<p><span class=\"text1noticias\"> <\/span><\/p>\n<p><span class=\"text1noticias\">Agradeci\u00f3 de manera particular el inter\u00e9s en la salud de la procuradora manifestado por la primera dama de la Rep\u00fablica, Raquel Arbaje, as\u00ed como del presidente de la Rep\u00fablica, Luis Abinader, de figuras p\u00fablicas de la prensa y de otros \u00e1mbitos que abonaron sus buenos deseos para Germ\u00e1n Brito recuperara su bienestar. <\/span><\/p>\n<p><span class=\"text1noticias\"> <\/span><\/p>\n<p><span class=\"text1noticias\">Fuente: Direcci\u00f3n de Comunicaci\u00f3n y Prensa <\/span><\/p>\n<p><span class=\"text1noticias\">Procuradur\u00eda General-Ministerio P\u00fablico RD <\/span><\/p>\n<p><span class=\"text1noticias\">Jueves 26 de noviembre 2020&#8211;<\/span><\/p>\n<p><span class=\"text1noticias\">Direcci\u00f3n General de Comunicaci\u00f3n, Prensa y Relaciones P\u00fablicas<\/span><\/p>\n<p><span class=\"text1noticias\">Procuradur\u00eda Gen<\/span>eral de la Rep\u00fablica Dominicana<\/p>\n<h6> 2020-11-26 14:43:36 <\/h6>\n<p><!--\n<link rel=\"stylesheet\" href=\"css\/bootstrap.min.css\">\n\n\n<ul class=\"pagination\">\n\t    \n\t\n\n<li >\n\t<a href='?page_no=13'>Previous<\/a>\n\t<\/li>\n\n\n       \n    \n\n<li><a href='?page_no=1'>1<\/a><\/li>\n\n\n\n<li><a href='?page_no=2'>2<\/a><\/li>\n\n\n\n<li><a>...<\/a><\/li>\n\n\n\n<li><a href='?page_no=12'>12<\/a><\/li>\n\n\n\n<li><a href='?page_no=13'>13<\/a><\/li>\n\n\n\n<li class='active'><a>14<\/a><\/li>\n\n\n\n<li><a href='?page_no=15'>15<\/a><\/li>\n\n\n\n<li><a href='?page_no=16'>16<\/a><\/li>\n\n\n\n<li><a>...<\/a><\/li>\n\n\n\n<li><a href='?page_no=31963'>31963<\/a><\/li>\n\n\n\n<li><a href='?page_no=31964'>31964<\/a><\/li>\n\n    \n\t\n\n<li >\n\t<a href='?page_no=15'>Next<\/a>\n\t<\/li>\n\n\n    \n\n<li><a href='?page_no=31964'>Last &rsaquo;&rsaquo;<\/a><\/li>\n\n<\/ul>\n\n\n--><br \/>\n<\/body><\/p>\n","protected":false},"excerpt":{"rendered":"<p>diariodominicano.com Santo Domingo, R. D., 26 de noviembre, 2020.- La procuradora general Miriam Germ\u00e1n Brito recibi\u00f3 este jueves el alta m\u00e9dico, al mostrar una evoluci\u00f3n satisfactoria de las condiciones que determinaron su internamiento en el Hospital General Plaza de la Salud (HGPS), y envi\u00f3 un mensaje de agradecimiento a la ciudadan\u00eda, que se mantuvo atenta [&hellip;]<\/p>\n","protected":false},"author":3,"featured_media":0,"comment_status":"open","ping_status":"open","sticky":false,"template":"","format":"standard","meta":{"footnotes":""},"categories":[24],"tags":[],"class_list":["post-129139","post","type-post","status-publish","format-standard","hentry","category-justicia-y-derecho"],"_links":{"self":[{"href":"https:\/\/diariodominicano.com\/index.php?rest_route=\/wp\/v2\/posts\/129139","targetHints":{"allow":["GET"]}}],"collection":[{"href":"https:\/\/diariodominicano.com\/index.php?rest_route=\/wp\/v2\/posts"}],"about":[{"href":"https:\/\/diariodominicano.com\/index.php?rest_route=\/wp\/v2\/types\/post"}],"author":[{"embeddable":true,"href":"https:\/\/diariodominicano.com\/index.php?rest_route=\/wp\/v2\/users\/3"}],"replies":[{"embeddable":true,"href":"https:\/\/diariodominicano.com\/index.php?rest_route=%2Fwp%2Fv2%2Fcomments&post=129139"}],"version-history":[{"count":0,"href":"https:\/\/diariodominicano.com\/index.php?rest_route=\/wp\/v2\/posts\/129139\/revisions"}],"wp:attachment":[{"href":"https:\/\/diariodominicano.com\/index.php?rest_route=%2Fwp%2Fv2%2Fmedia&parent=129139"}],"wp:term":[{"taxonomy":"category","embeddable":true,"href":"https:\/\/diariodominicano.com\/index.php?rest_route=%2Fwp%2Fv2%2Fcategories&post=129139"},{"taxonomy":"post_tag","embeddable":true,"href":"https:\/\/diariodominicano.com\/index.php?rest_route=%2Fwp%2Fv2%2Ftags&post=129139"}],"curies":[{"name":"wp","href":"https:\/\/api.w.org\/{rel}","templated":true}]}}