{"id":128028,"date":"2020-11-27T12:54:38","date_gmt":"2020-11-27T12:54:38","guid":{"rendered":"http:\/\/diariodominicano.ddns.net\/?p=128028"},"modified":"2020-11-27T12:54:38","modified_gmt":"2020-11-27T12:54:38","slug":"apresan-tres-dominicanos-rumbo-a-puerto-rico-con-370-kilos-de-cocaina","status":"publish","type":"post","link":"https:\/\/diariodominicano.com\/?p=128028","title":{"rendered":"Apresan tres dominicanos rumbo a Puerto Rico con 370 kilos de coca\u00edna"},"content":{"rendered":"<p><body><\/p>\n<p><img decoding=\"async\" src=\"img3\/PuertoRico-Yola27-11-20.jpg\" \/>  <\/p>\n<p><span class=\"text1noticias\">diariodominicano.com<\/span><\/p>\n<p><span class=\"text1noticias\">San Juan, 27 nov (Prensa Latina) Las autoridades de Protecci\u00f3n Fronteriza (CBP) y la Guardia Costera de Estados Unidos arrestaron a tres dominicanos que intentaban introducir 370 kilos de coca\u00edna en Puerto Rico, informaron hoy las autoridades federales.<\/span><\/p>\n<p><span class=\"text1noticias\"> <\/span><\/p>\n<p><span class=\"text1noticias\">Los dominicanos fueron interceptados en la noche del lunes en una yola que transportaba la coca\u00edna en las cercan\u00edas de Arecibo, en el norte de Puerto Rico, con un valor estimado en 10 millones de d\u00f3lares.<\/span><\/p>\n<p><span class=\"text1noticias\"> <\/span><\/p>\n<p><span class=\"text1noticias\">Un avi\u00f3n de patrullaje de CBP detect\u00f3 la embarcaci\u00f3n, que se dirig\u00eda hacia el sureste de la isla, sin luces de navegaci\u00f3n.<\/span><\/p>\n<p><span class=\"text1noticias\"> <\/span><\/p>\n<p><span class=\"text1noticias\">Cuando personal de la Guardia Costera se acerc\u00f3 al bote, dos individuos saltaron al agua para evadir el arresto, pero posteriormente fueron capturados.<\/span><\/p>\n<p><span class=\"text1noticias\"> <\/span><\/p>\n<p><span class=\"text1noticias\">La Guardia Costera detuvo la embarcaci\u00f3n con un hombre a bordo y encontr\u00f3 13 fardos de sustancias controladas y un arma.<\/span><\/p>\n<p><span class=\"text1noticias\"> <\/span><\/p>\n<p><span class=\"text1noticias\">El contrabando y las personas arrestadas fueron llevadas a Arecibo, donde agentes de las Fuerzas de Acci\u00f3n del Caribe los tomaron en custodia para la investigaci\u00f3n y el posible enjuiciamiento.<\/span><\/p>\n<p><span class=\"text1noticias\"> <\/span><\/p>\n<p><span class=\"text1noticias\">a<\/span>gp\/nrm<\/p>\n<h6> 2020-11-27 12:54:38 <\/h6>\n<p><!--\n<link rel=\"stylesheet\" href=\"css\/bootstrap.min.css\">\n\n\n<ul class=\"pagination\">\n\t    \n\t\n\n<li >\n\t<a href='?page_no=12'>Previous<\/a>\n\t<\/li>\n\n\n       \n    \n\n<li><a href='?page_no=1'>1<\/a><\/li>\n\n\n\n<li><a href='?page_no=2'>2<\/a><\/li>\n\n\n\n<li><a>...<\/a><\/li>\n\n\n\n<li><a href='?page_no=11'>11<\/a><\/li>\n\n\n\n<li><a href='?page_no=12'>12<\/a><\/li>\n\n\n\n<li class='active'><a>13<\/a><\/li>\n\n\n\n<li><a href='?page_no=14'>14<\/a><\/li>\n\n\n\n<li><a href='?page_no=15'>15<\/a><\/li>\n\n\n\n<li><a>...<\/a><\/li>\n\n\n\n<li><a href='?page_no=31963'>31963<\/a><\/li>\n\n\n\n<li><a href='?page_no=31964'>31964<\/a><\/li>\n\n    \n\t\n\n<li >\n\t<a href='?page_no=14'>Next<\/a>\n\t<\/li>\n\n\n    \n\n<li><a href='?page_no=31964'>Last &rsaquo;&rsaquo;<\/a><\/li>\n\n<\/ul>\n\n\n--><br \/>\n<\/body><\/p>\n","protected":false},"excerpt":{"rendered":"<p>diariodominicano.com San Juan, 27 nov (Prensa Latina) Las autoridades de Protecci\u00f3n Fronteriza (CBP) y la Guardia Costera de Estados Unidos arrestaron a tres dominicanos que intentaban introducir 370 kilos de coca\u00edna en Puerto Rico, informaron hoy las autoridades federales. Los dominicanos fueron interceptados en la noche del lunes en una yola que transportaba la coca\u00edna [&hellip;]<\/p>\n","protected":false},"author":3,"featured_media":0,"comment_status":"open","ping_status":"open","sticky":false,"template":"","format":"standard","meta":{"footnotes":""},"categories":[24],"tags":[],"class_list":["post-128028","post","type-post","status-publish","format-standard","hentry","category-justicia-y-derecho"],"_links":{"self":[{"href":"https:\/\/diariodominicano.com\/index.php?rest_route=\/wp\/v2\/posts\/128028","targetHints":{"allow":["GET"]}}],"collection":[{"href":"https:\/\/diariodominicano.com\/index.php?rest_route=\/wp\/v2\/posts"}],"about":[{"href":"https:\/\/diariodominicano.com\/index.php?rest_route=\/wp\/v2\/types\/post"}],"author":[{"embeddable":true,"href":"https:\/\/diariodominicano.com\/index.php?rest_route=\/wp\/v2\/users\/3"}],"replies":[{"embeddable":true,"href":"https:\/\/diariodominicano.com\/index.php?rest_route=%2Fwp%2Fv2%2Fcomments&post=128028"}],"version-history":[{"count":0,"href":"https:\/\/diariodominicano.com\/index.php?rest_route=\/wp\/v2\/posts\/128028\/revisions"}],"wp:attachment":[{"href":"https:\/\/diariodominicano.com\/index.php?rest_route=%2Fwp%2Fv2%2Fmedia&parent=128028"}],"wp:term":[{"taxonomy":"category","embeddable":true,"href":"https:\/\/diariodominicano.com\/index.php?rest_route=%2Fwp%2Fv2%2Fcategories&post=128028"},{"taxonomy":"post_tag","embeddable":true,"href":"https:\/\/diariodominicano.com\/index.php?rest_route=%2Fwp%2Fv2%2Ftags&post=128028"}],"curies":[{"name":"wp","href":"https:\/\/api.w.org\/{rel}","templated":true}]}}