{"id":126917,"date":"2020-11-27T14:05:53","date_gmt":"2020-11-27T14:05:53","guid":{"rendered":"http:\/\/diariodominicano.ddns.net\/?p=126917"},"modified":"2020-11-27T14:05:53","modified_gmt":"2020-11-27T14:05:53","slug":"general-then-activa-medidas-preventivas-del-patrullaje-por-viernes-negro-o-black-friday","status":"publish","type":"post","link":"https:\/\/diariodominicano.com\/?p=126917","title":{"rendered":"General Then activa medidas preventivas del patrullaje por Viernes Negro o Black Friday"},"content":{"rendered":"<p><body><\/p>\n<p><img decoding=\"async\" src=\"img3\/GENERAL THEN27-11-20.jpg\" \/>  <\/p>\n<p> diariodominicano.com<\/p>\n<p><span class=\"text1noticias\"> <\/span><\/p>\n<p><span class=\"text1noticias\">Santiago, R.D., 27 de noviembre, 2020.- La Direcci\u00f3n Regional Cibao Central de la Polic\u00eda Nacional activ\u00f3 hoy las medidas preventivas en el patrullaje policial en las principales arterias comerciales y bancarias de la ciudad, con motivo de celebrarse el \u00abViernes Negro o Black Friday\u00bb.  <\/span><\/p>\n<p><span class=\"text1noticias\"> <\/span><\/p>\n<p><span class=\"text1noticias\">El general Eduardo Alberto Then, director regional, dijo que el aumento del patrulla busca mantener mayor seguridad y que se respeten las disposiciones sanitarias del distanciamiento f\u00edsico y el uso obligatorio de mascarillas para evitar contagios y propagaci\u00f3n del coronavuris.  <\/span><\/p>\n<p><span class=\"text1noticias\"> <\/span><\/p>\n<p><span class=\"text1noticias\">El general Then pidi\u00f3 comprensi\u00f3n y la colaboraci\u00f3n de la ciudadan\u00eda para que todo transcurra sin mayores contratiempos.  <\/span><\/p>\n<p><span class=\"text1noticias\"> <\/span><\/p>\n<p><span class=\"text1noticias\">\u00abHemos instruido a nuestros polic\u00edas para que act\u00faen con comedimiento, siendo guardianes fieles en el cumplimiento de las disposiciones legales, a fin de que tambi\u00e9n los ciudadanos puedan cumplir con las normativas sanitarias\u00bb, coment\u00f3.  <\/span><\/p>\n<p><span class=\"text1noticias\"> <\/span><\/p>\n<p><span class=\"text1noticias\">Dijo asimismo que, las medidas preventivas adoptadas en la ciudad de Santiago, tambi\u00e9n fueron extensivas a todos los pueblos y ciudadanos que integran la Direcci\u00f3n Regional Cibao Central. <\/span><\/p>\n<p><span class=\"text1noticias\"> <\/span><\/p>\n<\/p>\n<p><span class=\"text1noticias\">Fuente: Polic\u00eda Nacional Cibao Central <\/span><\/p>\n<p><span class=\"text1noticias\">Direcci\u00f3n Regional Cibao Central P<\/span>olic\u00eda Nacional<\/p>\n<p><span class=\"text1noticias\">SUBDIRECCION DE COMUNICACIONES ESTRATEGICAS DE LA POLICIA NACIONAL DIRECCION REGIONAL CIBAO CENTRAL-<\/span><\/p>\n<\/p>\n<h6> 2020-11-27 14:05:53 <\/h6>\n<p><!--\n<link rel=\"stylesheet\" href=\"css\/bootstrap.min.css\">\n\n\n<ul class=\"pagination\">\n\t    \n\t\n\n<li >\n\t<a href='?page_no=11'>Previous<\/a>\n\t<\/li>\n\n\n       \n    \n\n<li><a href='?page_no=1'>1<\/a><\/li>\n\n\n\n<li><a href='?page_no=2'>2<\/a><\/li>\n\n\n\n<li><a>...<\/a><\/li>\n\n\n\n<li><a href='?page_no=10'>10<\/a><\/li>\n\n\n\n<li><a href='?page_no=11'>11<\/a><\/li>\n\n\n\n<li class='active'><a>12<\/a><\/li>\n\n\n\n<li><a href='?page_no=13'>13<\/a><\/li>\n\n\n\n<li><a href='?page_no=14'>14<\/a><\/li>\n\n\n\n<li><a>...<\/a><\/li>\n\n\n\n<li><a href='?page_no=31963'>31963<\/a><\/li>\n\n\n\n<li><a href='?page_no=31964'>31964<\/a><\/li>\n\n    \n\t\n\n<li >\n\t<a href='?page_no=13'>Next<\/a>\n\t<\/li>\n\n\n    \n\n<li><a href='?page_no=31964'>Last &rsaquo;&rsaquo;<\/a><\/li>\n\n<\/ul>\n\n\n--><br \/>\n<\/body><\/p>\n","protected":false},"excerpt":{"rendered":"<p>diariodominicano.com Santiago, R.D., 27 de noviembre, 2020.- La Direcci\u00f3n Regional Cibao Central de la Polic\u00eda Nacional activ\u00f3 hoy las medidas preventivas en el patrullaje policial en las principales arterias comerciales y bancarias de la ciudad, con motivo de celebrarse el \u00abViernes Negro o Black Friday\u00bb. El general Eduardo Alberto Then, director regional, dijo que el [&hellip;]<\/p>\n","protected":false},"author":3,"featured_media":0,"comment_status":"open","ping_status":"open","sticky":false,"template":"","format":"standard","meta":{"footnotes":""},"categories":[24],"tags":[],"class_list":["post-126917","post","type-post","status-publish","format-standard","hentry","category-justicia-y-derecho"],"_links":{"self":[{"href":"https:\/\/diariodominicano.com\/index.php?rest_route=\/wp\/v2\/posts\/126917","targetHints":{"allow":["GET"]}}],"collection":[{"href":"https:\/\/diariodominicano.com\/index.php?rest_route=\/wp\/v2\/posts"}],"about":[{"href":"https:\/\/diariodominicano.com\/index.php?rest_route=\/wp\/v2\/types\/post"}],"author":[{"embeddable":true,"href":"https:\/\/diariodominicano.com\/index.php?rest_route=\/wp\/v2\/users\/3"}],"replies":[{"embeddable":true,"href":"https:\/\/diariodominicano.com\/index.php?rest_route=%2Fwp%2Fv2%2Fcomments&post=126917"}],"version-history":[{"count":0,"href":"https:\/\/diariodominicano.com\/index.php?rest_route=\/wp\/v2\/posts\/126917\/revisions"}],"wp:attachment":[{"href":"https:\/\/diariodominicano.com\/index.php?rest_route=%2Fwp%2Fv2%2Fmedia&parent=126917"}],"wp:term":[{"taxonomy":"category","embeddable":true,"href":"https:\/\/diariodominicano.com\/index.php?rest_route=%2Fwp%2Fv2%2Fcategories&post=126917"},{"taxonomy":"post_tag","embeddable":true,"href":"https:\/\/diariodominicano.com\/index.php?rest_route=%2Fwp%2Fv2%2Ftags&post=126917"}],"curies":[{"name":"wp","href":"https:\/\/api.w.org\/{rel}","templated":true}]}}