{"id":125806,"date":"2020-11-28T09:40:25","date_gmt":"2020-11-28T09:40:25","guid":{"rendered":"http:\/\/diariodominicano.ddns.net\/?p=125806"},"modified":"2020-11-28T09:40:25","modified_gmt":"2020-11-28T09:40:25","slug":"poder-ejecutivo-pone-en-retiro-a-10-generales-de-la-policia-nacional-por-antiguedad-en-el-servicio","status":"publish","type":"post","link":"https:\/\/diariodominicano.com\/?p=125806","title":{"rendered":"Poder Ejecutivo pone en retiro a 10 generales de la Polic\u00eda Nacional por antig\u00fcedad en el servicio"},"content":{"rendered":"<p><body><\/p>\n<p><img decoding=\"async\" src=\"img3\/antoriano-peralta28-11-20.jpg\" \/>  <\/p>\n<p><span class=\"text1noticias\">diariodominicano.com<\/span><\/p>\n<p><span class=\"text1noticias\"> <\/span><\/p>\n<p><span class=\"text1noticias\">Santo Domingo, R. D., 28 de noviembre, 2020.- El Poder Ejecutivo puso en retiro, por antig\u00fcedad en el servicio, a diez generales de brigada de la Polic\u00eda Nacional. La informaci\u00f3n la ofreci\u00f3 el consultor jur\u00eddico del Poder Ejecutivo, doctor Antoliano Peralta Romero, quien indic\u00f3 que los ex altos oficiales contar\u00e1n con el disfrute de la pensi\u00f3n correspondiente.<\/span><\/p>\n<p><span class=\"text1noticias\"> <\/span><\/p>\n<p><span class=\"text1noticias\">Mediante el decreto 672-20, los generales puestos en retiro son: Andr\u00e9s G. Sanz Jimini\u00e1n, Eufemio N. Pe\u00f1a Mancebo, Frener Bello Arias, H\u00e9ctor Garc\u00eda Cuevas y Leonte Alburquerque Sasso.<\/span><\/p>\n<p><span class=\"text1noticias\"> <\/span><\/p>\n<p><span class=\"text1noticias\">Tambi\u00e9n, Manuel G. Rodr\u00edguez Miranda, Marcos M. De la Rosa Ben\u00edtez, Orlando Pichardo Reynoso, Tom\u00e1s Ant. Holgu\u00edn La Paz y Virgilio Pacheco Garabitos.<\/span><\/p>\n<p><span class=\"text1noticias\"> <\/span><\/p>\n<p><span class=\"text1noticias\">\u00abLa medida fue tomada en el marco de la determinaci\u00f3n de la presente administraci\u00f3n de procurar un riguroso cumplimiento de la ley, reduciendo la cantidad excesiva en los mandos policiales para llevarlo a la racionalidad\u00bb, expres\u00f3 Romero Peralta.<\/span><\/p>\n<p><span class=\"text1noticias\"> <\/span><\/p>\n<p><span class=\"text1noticias\">Inform\u00f3 que el decreto 672-20, de esta misma fecha, es dado en cumplimiento de las normas que regulan la instituci\u00f3n, como son la Constituci\u00f3n de la Rep\u00fablica y la Ley Org\u00e1nica de la Polic\u00eda Nacional 590-16, del 15 de julio de 2016, ante la debida resoluci\u00f3n que remiti\u00f3 a la Presidencia, tras reuni\u00f3n ordinaria, el Consejo Superior Poli<\/span>cial.<\/p>\n<\/p>\n<p>Fuente: Presidencia de la Rep\u00fablica Dominicana<\/p>\n<p>Noticias<\/p>\n<h6> 2020-11-28 09:40:25 <\/h6>\n<p><!--\n<link rel=\"stylesheet\" href=\"css\/bootstrap.min.css\">\n\n\n<ul class=\"pagination\">\n\t    \n\t\n\n<li >\n\t<a href='?page_no=10'>Previous<\/a>\n\t<\/li>\n\n\n       \n    \n\n<li><a href='?page_no=1'>1<\/a><\/li>\n\n\n\n<li><a href='?page_no=2'>2<\/a><\/li>\n\n\n\n<li><a>...<\/a><\/li>\n\n\n\n<li><a href='?page_no=9'>9<\/a><\/li>\n\n\n\n<li><a href='?page_no=10'>10<\/a><\/li>\n\n\n\n<li class='active'><a>11<\/a><\/li>\n\n\n\n<li><a href='?page_no=12'>12<\/a><\/li>\n\n\n\n<li><a href='?page_no=13'>13<\/a><\/li>\n\n\n\n<li><a>...<\/a><\/li>\n\n\n\n<li><a href='?page_no=31963'>31963<\/a><\/li>\n\n\n\n<li><a href='?page_no=31964'>31964<\/a><\/li>\n\n    \n\t\n\n<li >\n\t<a href='?page_no=12'>Next<\/a>\n\t<\/li>\n\n\n    \n\n<li><a href='?page_no=31964'>Last &rsaquo;&rsaquo;<\/a><\/li>\n\n<\/ul>\n\n\n--><br \/>\n<\/body><\/p>\n","protected":false},"excerpt":{"rendered":"<p>diariodominicano.com Santo Domingo, R. D., 28 de noviembre, 2020.- El Poder Ejecutivo puso en retiro, por antig\u00fcedad en el servicio, a diez generales de brigada de la Polic\u00eda Nacional. La informaci\u00f3n la ofreci\u00f3 el consultor jur\u00eddico del Poder Ejecutivo, doctor Antoliano Peralta Romero, quien indic\u00f3 que los ex altos oficiales contar\u00e1n con el disfrute de [&hellip;]<\/p>\n","protected":false},"author":3,"featured_media":0,"comment_status":"open","ping_status":"open","sticky":false,"template":"","format":"standard","meta":{"footnotes":""},"categories":[24],"tags":[],"class_list":["post-125806","post","type-post","status-publish","format-standard","hentry","category-justicia-y-derecho"],"_links":{"self":[{"href":"https:\/\/diariodominicano.com\/index.php?rest_route=\/wp\/v2\/posts\/125806","targetHints":{"allow":["GET"]}}],"collection":[{"href":"https:\/\/diariodominicano.com\/index.php?rest_route=\/wp\/v2\/posts"}],"about":[{"href":"https:\/\/diariodominicano.com\/index.php?rest_route=\/wp\/v2\/types\/post"}],"author":[{"embeddable":true,"href":"https:\/\/diariodominicano.com\/index.php?rest_route=\/wp\/v2\/users\/3"}],"replies":[{"embeddable":true,"href":"https:\/\/diariodominicano.com\/index.php?rest_route=%2Fwp%2Fv2%2Fcomments&post=125806"}],"version-history":[{"count":0,"href":"https:\/\/diariodominicano.com\/index.php?rest_route=\/wp\/v2\/posts\/125806\/revisions"}],"wp:attachment":[{"href":"https:\/\/diariodominicano.com\/index.php?rest_route=%2Fwp%2Fv2%2Fmedia&parent=125806"}],"wp:term":[{"taxonomy":"category","embeddable":true,"href":"https:\/\/diariodominicano.com\/index.php?rest_route=%2Fwp%2Fv2%2Fcategories&post=125806"},{"taxonomy":"post_tag","embeddable":true,"href":"https:\/\/diariodominicano.com\/index.php?rest_route=%2Fwp%2Fv2%2Ftags&post=125806"}],"curies":[{"name":"wp","href":"https:\/\/api.w.org\/{rel}","templated":true}]}}