{"id":124695,"date":"2020-11-28T16:58:57","date_gmt":"2020-11-28T16:58:57","guid":{"rendered":"http:\/\/diariodominicano.ddns.net\/?p=124695"},"modified":"2020-11-28T16:58:57","modified_gmt":"2020-11-28T16:58:57","slug":"dictan-un-ano-de-prision-preventiva-contra-10-vinculados-a-red-dedicada-al-trafico-de-indocumentados-hacia-ee-uu","status":"publish","type":"post","link":"https:\/\/diariodominicano.com\/?p=124695","title":{"rendered":"Dictan un a\u00f1o de prisi\u00f3n preventiva contra 10 vinculados a red dedicada al tr\u00e1fico de indocumentados hacia EE. UU."},"content":{"rendered":"<p><body><\/p>\n<p>Diariodominicano.com<\/p>\n<p>Ministerio P\u00fablico de SDE logra <\/p>\n<\/p>\n<p>Dictan un a\u00f1o de prisi\u00f3n preventiva contra 10 vinculados a red dedicada al tr\u00e1fico de indocumentados hacia EE. UU.<\/p>\n<\/p>\n<p>Tambi\u00e9n impusieron otras medidas coercitivas  a cinco mujeres<\/p>\n<p><strong> <\/strong><\/p>\n<p><strong>SANTO DOMINGO, Rep\u00fablica Dominicana.-<\/strong> El Ministerio P\u00fablico de Santo Domingo Este logr\u00f3 el env\u00edo a prisi\u00f3n preventiva por espacio de un a\u00f1o, de 10  integrantes de una  estructura criminal imputada  de tr\u00e1fico il\u00edcito de personas hacia Estados Unidos y Europa; as\u00ed como de lavado de activos.<\/p>\n<\/p>\n<p>Se trata de Rafael Senen Rosado Ferm\u00edn, Christopher Tavares, Estanly Ram\u00f3n Paulino de Jes\u00fas, Richard Alexandro Mart\u00ednez Alc\u00e1ntara, Pedro Antonio de los Santos Nina, Cristian Alberto Garc\u00e9s, Francis Rafael Guill\u00e9n Portes, Jos\u00e9 Luis N\u00fa\u00f1ez Paulino, Jos\u00e9 Antonio Dur\u00e1n Canela y Rub\u00e9n Dar\u00edo B\u00e1ez Medina.<\/p>\n<\/p>\n<p>Todos enviados a la Penitenciar\u00eda Nacional de La Victoria, por la Oficina Judicial de Servicios de Atenci\u00f3n Permanente de Santo Domingo Este.<\/p>\n<\/p>\n<p>Mientras contra cinco encartadas restantes, Dilia Isabel Rosado Jim\u00e9nez, Katty Alexandra Urb\u00e1ez Terrero, Bibiana M\u00e9ndez, Jennifer Madelin Mart\u00ednez Cruz y Lucitania Del Carmen Goris Abreus,   fue impuesto el pago de garant\u00eda econ\u00f3mica por valor de RD$ 100,000.00, a trav\u00e9s de una aseguradora, presentaci\u00f3n peri\u00f3dica e impedimento de salida del pa\u00eds.<\/p>\n<\/p>\n<p>Los fiscales litigantes presentaron pruebas materiales, documentales y testimoniales que fueron acogidas por el tribunal para sustentar su decisi\u00f3n en contra de los 15 imputados de violar las disposiciones legales contenidas en los art\u00edculos 139, 147, 148, 150, 151, 153, 154, 265 y 266 del C\u00f3digo Penal Dominicano, la Ley 137-03 sobre Tr\u00e1fico Il\u00edcito de Migrantes y Trata de Personas; as\u00ed como la Ley No. 155-17, contra el Lavado de Activos y Financiamiento al Terrorismo, en perjuicio de seis v\u00edctimas denunciantes y el Estado dominicano.<\/p>\n<\/p>\n<p>El Ministerio P\u00fablico de Santo Domingo Este en coordinaci\u00f3n con la Divisi\u00f3n Especializada de Investigaci\u00f3n contra Delitos Migratorios (DEIDEM),  daban seguimiento a la organizaci\u00f3n desde octubre de 2019.<\/p>\n<\/p>\n<p>Seg\u00fan el expediente de la Fiscal\u00eda, la red ten\u00eda como objetivo principal los Estados Unidos de Am\u00e9rica y  adem\u00e1s de proveer visados falsos, contaban con contactos que brindaban albergue a sus clientes en los pa\u00edses utilizados como paso. Adem\u00e1s, cobraban entre US$ 1,500.00 y US$ 3,000.00, y dependiendo de la complejidad del viaje, si el cliente hab\u00eda sido deportado, el monto pod\u00eda aumentar hasta los  US$17,000.00.<\/p>\n<\/p>\n<p>Para este caso el procurador fiscal de SDE, Milc\u00edades Guzm\u00e1n Leonardo, instruy\u00f3 a los magistrados Felbelys Rosario, Hazel Gross y Di\u00f3genes Quezada, adscritos al Departamento de Investigaci\u00f3n y Persecuci\u00f3n de Criminalidad Organizada de esta Fiscal\u00eda, para que se esmeraran en una gruesa investigaci\u00f3n que diera, tal y ocurri\u00f3, con la desarticulaci\u00f3n de esta organizaci\u00f3n criminal.<\/p>\n<\/p>\n<p>Los fiscales descubrieron que entre los ahora imputados hab\u00eda propietarios de aerol\u00edneas privadas que organizaban los viajes ilegales y empleados de la Direcci\u00f3n General de Migraci\u00f3n y Pasaportes.<\/p>\n<\/p>\n<\/p>\n<p>Direcci\u00f3n de Comunicaci\u00f3n, Prensa y RRPP<\/p>\n<\/p>\n<p>Procuradur\u00eda General-Ministerio P\u00fablico RD<\/p>\n<\/p>\n<p>S\u00e1bado, 28 de noviembre de 2020.<\/p>\n<\/p>\n<\/p>\n<p>&#8212;<\/p>\n<\/p>\n<p>Direcci\u00f3n General de Comunicaci\u00f3n, Prensa y Relaciones P\u00fablicas<\/p>\n<\/p>\n<p>Procuradur\u00eda General de la Rep\u00fablica Dominicana<\/p>\n<h6> 2020-11-28 16:58:57 <\/h6>\n<p><!--\n<link rel=\"stylesheet\" href=\"css\/bootstrap.min.css\">\n\n\n<ul class=\"pagination\">\n\t    \n\t\n\n<li >\n\t<a href='?page_no=9'>Previous<\/a>\n\t<\/li>\n\n\n       \n    \n\n<li><a href='?page_no=1'>1<\/a><\/li>\n\n\n\n<li><a href='?page_no=2'>2<\/a><\/li>\n\n\n\n<li><a>...<\/a><\/li>\n\n\n\n<li><a href='?page_no=8'>8<\/a><\/li>\n\n\n\n<li><a href='?page_no=9'>9<\/a><\/li>\n\n\n\n<li class='active'><a>10<\/a><\/li>\n\n\n\n<li><a href='?page_no=11'>11<\/a><\/li>\n\n\n\n<li><a href='?page_no=12'>12<\/a><\/li>\n\n\n\n<li><a>...<\/a><\/li>\n\n\n\n<li><a href='?page_no=31963'>31963<\/a><\/li>\n\n\n\n<li><a href='?page_no=31964'>31964<\/a><\/li>\n\n    \n\t\n\n<li >\n\t<a href='?page_no=11'>Next<\/a>\n\t<\/li>\n\n\n    \n\n<li><a href='?page_no=31964'>Last &rsaquo;&rsaquo;<\/a><\/li>\n\n<\/ul>\n\n\n--><br \/>\n<\/body><\/p>\n","protected":false},"excerpt":{"rendered":"<p>Diariodominicano.com Ministerio P\u00fablico de SDE logra Dictan un a\u00f1o de prisi\u00f3n preventiva contra 10 vinculados a red dedicada al tr\u00e1fico de indocumentados hacia EE. UU. Tambi\u00e9n impusieron otras medidas coercitivas a cinco mujeres SANTO DOMINGO, Rep\u00fablica Dominicana.- El Ministerio P\u00fablico de Santo Domingo Este logr\u00f3 el env\u00edo a prisi\u00f3n preventiva por espacio de un a\u00f1o, [&hellip;]<\/p>\n","protected":false},"author":3,"featured_media":0,"comment_status":"open","ping_status":"open","sticky":false,"template":"","format":"standard","meta":{"footnotes":""},"categories":[24],"tags":[],"class_list":["post-124695","post","type-post","status-publish","format-standard","hentry","category-justicia-y-derecho"],"_links":{"self":[{"href":"https:\/\/diariodominicano.com\/index.php?rest_route=\/wp\/v2\/posts\/124695","targetHints":{"allow":["GET"]}}],"collection":[{"href":"https:\/\/diariodominicano.com\/index.php?rest_route=\/wp\/v2\/posts"}],"about":[{"href":"https:\/\/diariodominicano.com\/index.php?rest_route=\/wp\/v2\/types\/post"}],"author":[{"embeddable":true,"href":"https:\/\/diariodominicano.com\/index.php?rest_route=\/wp\/v2\/users\/3"}],"replies":[{"embeddable":true,"href":"https:\/\/diariodominicano.com\/index.php?rest_route=%2Fwp%2Fv2%2Fcomments&post=124695"}],"version-history":[{"count":0,"href":"https:\/\/diariodominicano.com\/index.php?rest_route=\/wp\/v2\/posts\/124695\/revisions"}],"wp:attachment":[{"href":"https:\/\/diariodominicano.com\/index.php?rest_route=%2Fwp%2Fv2%2Fmedia&parent=124695"}],"wp:term":[{"taxonomy":"category","embeddable":true,"href":"https:\/\/diariodominicano.com\/index.php?rest_route=%2Fwp%2Fv2%2Fcategories&post=124695"},{"taxonomy":"post_tag","embeddable":true,"href":"https:\/\/diariodominicano.com\/index.php?rest_route=%2Fwp%2Fv2%2Ftags&post=124695"}],"curies":[{"name":"wp","href":"https:\/\/api.w.org\/{rel}","templated":true}]}}