{"id":124513,"date":"2006-05-14T15:02:02","date_gmt":"2006-05-14T15:02:02","guid":{"rendered":"http:\/\/diariodominicano.ddns.net\/?p=124513"},"modified":"2006-05-14T15:02:02","modified_gmt":"2006-05-14T15:02:02","slug":"pistoleros-matan-a-32-personas","status":"publish","type":"post","link":"https:\/\/diariodominicano.com\/?p=124513","title":{"rendered":"Pistoleros matan a 32 personas"},"content":{"rendered":"<p><body><\/p>\n<p align=\"justify\" class=\"titulogrande1\">Pistoleros  matan a 32 personas<\/p>\n<p>&#13;<\/p>\n<p align=\"justify\" class=\"text1noticias\">SAU PAULO.- Al  menos 32 personas, entre ellas 25 agentes, murieron entre la noche del viernes  y la madrugada del s\u00e1bado en Sao Paulo a causa de unos 55 ataques perpetrados  supuestamente por pistoleros del crimen organizado, informaron fuentes  oficiales. <br \/>&#13;<br \/>\n  <br \/>&#13;<br \/>\n  La ofensiva criminal, atribuida por las  autoridades a una represalia por la transferencia de 765 presos a dos c\u00e1rceles  de m\u00e1xima seguridad, tambi\u00e9n desat\u00f3 rebeliones en veintid\u00f3s presidios del  estado de Sao Paulo, donde se concentra el 40% de la poblaci\u00f3n carcelaria de  Brasil. <br \/>&#13;<br \/>\n  <br \/>&#13;<br \/>\n  El jueves comenz\u00f3 el traslado reclusos  peligrosos de c\u00e1rceles del interior del estado a dos penitenciar\u00edas de m\u00e1xima  seguridad, una en Presidente Venceslau, municipio situado a 620 kil\u00f3metros al  oeste de Sao Paulo, y la otra en la zona norte de la capital. <br \/>&#13;<br \/>\n  <br \/>&#13;<br \/>\n  Entre los transferidos, hay 16  reconocidos l\u00edderes del \u201c Primeiro Comando da Capital \u201d (PCC) , una de las  principales organizaciones criminales del estado de Sao Paulo. <br \/>&#13;<br \/>\n  <br \/>&#13;<br \/>\n  El PCC es acusado por las autoridades de  promover las m\u00faltiples rebeliones y motines registradas en las c\u00e1rceles  paulistas, que en lo que va de a\u00f1o ya suman 42 levantamientos. <br \/>&#13;<br \/>\n  <br \/>&#13;<br \/>\n  Un nuevo balance parcial de la ofensiva  criminal desatada en las \u00faltimas horas se\u00f1ala que de los 32 muertos, once eran  agentes de la Polic\u00eda   Militar, siete de la Polic\u00eda Civil, tres de la Guardia Civil  Municipal, cuatro guardias penitenciarios, dos ciudadanos y cinco supuestos  criminales. <br \/>&#13;<br \/>\n  <br \/>&#13;<br \/>\n  Seg\u00fan la Secretar\u00eda de Seguridad  P\u00fablica de Sao Paulo, otros dos civiles sufrieron heridas durante los mismos  ataques junto con 16 sospechosos. <br \/>&#13;<br \/>\n  <br \/>&#13;<br \/>\n  La ola de violencia desatada hacia las  20.00 horas (23:00 GMT) del viernes y que se extendi\u00f3 por m\u00e1s de seis horas, se  concentr\u00f3 en comisar\u00edas, patrullas y guardias que se movilizaban a pie por  distintos puntos de la ciudad. <br \/>&#13;<br \/>\n  <br \/>&#13;<br \/>\n  De esos ataques, 28 fueron perpetrados  contra objetivos de la   Polic\u00eda Militar, veinte contra a Polic\u00eda Civil, cuatro a la Guardia Civil  Metropolitana y tres a la   Secretar\u00eda de Seguridad P\u00fablica. <br \/>&#13;<br \/>\n  <br \/>&#13;<br \/>\n  De forma simult\u00e1nea a estos atentados,  la alerta se encendi\u00f3 en veintid\u00f3s c\u00e1rceles, en las que presos amotinados  podr\u00edan tener hasta un centenar de rehenes, seg\u00fan informaciones period\u00edsticas. <br \/>&#13;<br \/>\n  <br \/>&#13;<br \/>\n  El traslado de prisioneros provoc\u00f3 el  viernes dos rebeliones en penitenciar\u00edas localizadas en el interior de Sao  Paulo, con un total de 24 rehenes, seg\u00fan las \u00faltimas informaciones oficiales. <br \/>&#13;<br \/>\n  <br \/>&#13;<br \/>\n  Los primeros hechos se registraron en la  c\u00e1rcel de Iaras, a 282   kil\u00f3metros al noroeste de Sao Paulo, y la Penitenciar\u00eda 1 de  Avar\u00e9, municipio localizado a 262 kil\u00f3metros al oeste de la misma capital. <br \/>&#13;<br \/>\n  <br \/>&#13;<br \/>\n  En cada acci\u00f3n, los amotinados tomaron  doce rehenes, entre funcionarios y guardias carcelarios. <br \/>&#13;<br \/>\n  <br \/>&#13;<br \/>\n  Poco despu\u00e9s de declararse el estado de  alerta en Ayar\u00e9, la   Polic\u00eda Militar invadi\u00f3 el predio y liber\u00f3 sanos y salvos a  los rehenes. <br \/>&#13;<br \/>\n  <br \/>&#13;<br \/>\n  En las \u00faltimas horas, los motines se  extendieron a unidades en los municipios de Ribeirao Preto, Piraju\u00ed, Mogi das  Cruzes, Suzano, Araraquara, Luc\u00e9lia, Lav\u00ednia, Marab\u00e1 Paulista, Paraguacu  Paulista, Fl\u00f3rida Paulista, Guare\u00ed, Campinas, Diadema, Franco da Rocha,  Riolandia, Potim, Itirapina, Presidente Prudente, Irapuru y Paraguacu Paulista. <br \/>&#13;<br \/>\n  <br \/>&#13;<br \/>\n  En ninguno de estos casos hay  informaciones de muertos, heridos o reivindicaciones de los presos. <br \/>&#13;<br \/>\n  <br \/>&#13;<br \/>\n  El secretario de Seguridad P\u00fablica de  Sao Paulo, Saulo de Castro Abreu Filho, explic\u00f3 que los ataques son \u201cuna  reacci\u00f3n de los bandidos al trabajo de la polic\u00eda\u201d. <br \/>&#13;<br \/>\n  <br \/>&#13;<br \/>\n\u201cEl objetivo de esos bandidos es  movilizar a los medios de comunicaci\u00f3n e intentar dejar la sensaci\u00f3n de  inseguridad\u201d, dijo. <br \/>&#13;<br \/>\n<br \/>&#13;<br \/>\nPor su parte, el gobernador de Sao  Paulo, Claudio Lembo, garantiz\u00f3 hoy que el estado, con 42 millones de  habitantes, el m\u00e1s populoso del pa\u00eds, \u201c no se curvar\u00e1 \u201d ante la violencia. <br \/>&#13;<br \/>\n<br \/>&#13;<br \/>\nEl secretario de Administraci\u00f3n  Penitenciaria del estado de Sao Paulo, Nagashi Furukawa, asegur\u00f3 que con la  nueva transferencia de presos, las autoridades buscan cortar su influencia  sobre el resto de los criminales que permanecen libres.<\/p>\n<p>&#13;<\/p>\n<h6> 2006-05-14 15:02:02 <\/h6>\n<p><!--\n<link rel=\"stylesheet\" href=\"css\/bootstrap.min.css\">\n\n\n<ul class=\"pagination\">\n\t    \n\t\n\n<li >\n\t<a href='?page_no=30392'>Previous<\/a>\n\t<\/li>\n\n\n       \n    \n\n<li><a href='?page_no=1'>1<\/a><\/li>\n\n\n\n<li><a href='?page_no=2'>2<\/a><\/li>\n\n\n\n<li><a>...<\/a><\/li>\n\n\n\n<li><a href='?page_no=30391'>30391<\/a><\/li>\n\n\n\n<li><a href='?page_no=30392'>30392<\/a><\/li>\n\n\n\n<li class='active'><a>30393<\/a><\/li>\n\n\n\n<li><a href='?page_no=30394'>30394<\/a><\/li>\n\n\n\n<li><a href='?page_no=30395'>30395<\/a><\/li>\n\n\n\n<li><a>...<\/a><\/li>\n\n\n\n<li><a href='?page_no=30472'>30472<\/a><\/li>\n\n\n\n<li><a href='?page_no=30473'>30473<\/a><\/li>\n\n    \n\t\n\n<li >\n\t<a href='?page_no=30394'>Next<\/a>\n\t<\/li>\n\n\n    \n\n<li><a href='?page_no=30473'>Last &rsaquo;&rsaquo;<\/a><\/li>\n\n<\/ul>\n\n\n--><br \/>\n<\/body><\/p>\n","protected":false},"excerpt":{"rendered":"<p>Pistoleros matan a 32 personas &#13; SAU PAULO.- Al menos 32 personas, entre ellas 25 agentes, murieron entre la noche del viernes y la madrugada del s\u00e1bado en Sao Paulo a causa de unos 55 ataques perpetrados supuestamente por pistoleros del crimen organizado, informaron fuentes oficiales. &#13; &#13; La ofensiva criminal, atribuida por las autoridades [&hellip;]<\/p>\n","protected":false},"author":3,"featured_media":0,"comment_status":"open","ping_status":"open","sticky":false,"template":"","format":"standard","meta":{"footnotes":""},"categories":[18],"tags":[],"class_list":["post-124513","post","type-post","status-publish","format-standard","hentry","category-economia"],"_links":{"self":[{"href":"https:\/\/diariodominicano.com\/index.php?rest_route=\/wp\/v2\/posts\/124513","targetHints":{"allow":["GET"]}}],"collection":[{"href":"https:\/\/diariodominicano.com\/index.php?rest_route=\/wp\/v2\/posts"}],"about":[{"href":"https:\/\/diariodominicano.com\/index.php?rest_route=\/wp\/v2\/types\/post"}],"author":[{"embeddable":true,"href":"https:\/\/diariodominicano.com\/index.php?rest_route=\/wp\/v2\/users\/3"}],"replies":[{"embeddable":true,"href":"https:\/\/diariodominicano.com\/index.php?rest_route=%2Fwp%2Fv2%2Fcomments&post=124513"}],"version-history":[{"count":0,"href":"https:\/\/diariodominicano.com\/index.php?rest_route=\/wp\/v2\/posts\/124513\/revisions"}],"wp:attachment":[{"href":"https:\/\/diariodominicano.com\/index.php?rest_route=%2Fwp%2Fv2%2Fmedia&parent=124513"}],"wp:term":[{"taxonomy":"category","embeddable":true,"href":"https:\/\/diariodominicano.com\/index.php?rest_route=%2Fwp%2Fv2%2Fcategories&post=124513"},{"taxonomy":"post_tag","embeddable":true,"href":"https:\/\/diariodominicano.com\/index.php?rest_route=%2Fwp%2Fv2%2Ftags&post=124513"}],"curies":[{"name":"wp","href":"https:\/\/api.w.org\/{rel}","templated":true}]}}