{"id":124512,"date":"2006-05-14T15:03:05","date_gmt":"2006-05-14T15:03:05","guid":{"rendered":"http:\/\/diariodominicano.ddns.net\/?p=124512"},"modified":"2006-05-14T15:03:05","modified_gmt":"2006-05-14T15:03:05","slug":"el-secretario-general-de-la-oea-es-partidario-de-que-el-organismo-hable-y-discuta-el-caso-de-cuba","status":"publish","type":"post","link":"https:\/\/diariodominicano.com\/?p=124512","title":{"rendered":"El secretario general de la OEA es partidario de que el organismo hable y discuta el caso de Cuba"},"content":{"rendered":"<p><body><\/p>\n<p align=\"justify\" class=\"titulogrande1\">El secretario  general de la OEA  es partidario de que el organismo hable y discuta el caso de Cuba <\/p>\n<p>&#13;<\/p>\n<p align=\"justify\" class=\"text1noticias\">WASHINGTON.- El  secretario general de la   Organizaci\u00f3n de Estados Americanos (OEA), Jos\u00e9 Miguel  Insulza, se mostr\u00f3 partidario de que el organismo hable y discuta el caso de  Cuba, pa\u00eds suspendido del foro regional desde 1964. <br \/>&#13;<br \/>\n  <br \/>&#13;<br \/>\n\u00abYo ser\u00eda  partidario de que discuti\u00e9ramos en la   OEA el tema. Hoy en d\u00eda no somos interlocutores en el caso de  Cuba\u00bb, declar\u00f3 en una entrevista con Efe Insulza, quien el 26 de mayo  cumplir\u00e1 un a\u00f1o al frente del organismo regional. <br \/>&#13;<br \/>\n<br \/>&#13;<br \/>\nInsulza dijo que  no se ha planteado nunca esta cuesti\u00f3n, no se habla de ello desde hace unos  diez a\u00f1os y \u00abyo no estoy muy seguro de que eso sea lo m\u00e1s  conveniente\u00bb, prosigui\u00f3. <br \/>&#13;<br \/>\n<br \/>&#13;<br \/>\nNo se plantea,  dijo \u00abpor una raz\u00f3n muy simple, porque todos los pa\u00edses saben que ser\u00eda un  fen\u00f3meno divisivo, que no llegar\u00edamos a ninguna conclusi\u00f3n y eso los  disuade\u00bb. <br \/>&#13;<br \/>\n<br \/>&#13;<br \/>\nInsulza defiende,  sin embargo, la necesidad de, al menos, hablar de \u00abla actual no relaci\u00f3n,  cero relaci\u00f3n, de la OEA  con Cuba\u00bb.<br \/> &#13;<br \/>\n<br \/>&#13;<br \/>\nEn opini\u00f3n del  secretario general, \u00abdeber\u00edamos tener alg\u00fan v\u00ednculo con un pa\u00eds que est\u00e1  exactamente al lado de donde est\u00e1n pasando muchas cosas; est\u00e1 al lado de  Hait\u00ed\u00bb y eso, dijo, \u00abno es normal\u00bb. <br \/>&#13;<br \/>\n<br \/>&#13;<br \/>\nSin embargo, no se  aventur\u00f3 a decir si este tema podr\u00eda estar dentro de las discusiones de la 36  Asamblea General de la   Organizaci\u00f3n que se celebrar\u00e1 en Santo Domingo del 4 al 6 de  junio. <br \/>&#13;<br \/>\n<br \/>&#13;<br \/>\nCuba, que es  miembro de la   Organizaci\u00f3n, est\u00e1 sin embargo suspendida de participaci\u00f3n en  la misma desde 1962. <\/p>\n<h6> 2006-05-14 15:03:05 <\/h6>\n<p><!--\n<link rel=\"stylesheet\" href=\"css\/bootstrap.min.css\">\n\n\n<ul class=\"pagination\">\n\t    \n\t\n\n<li >\n\t<a href='?page_no=30391'>Previous<\/a>\n\t<\/li>\n\n\n       \n    \n\n<li><a href='?page_no=1'>1<\/a><\/li>\n\n\n\n<li><a href='?page_no=2'>2<\/a><\/li>\n\n\n\n<li><a>...<\/a><\/li>\n\n\n\n<li><a href='?page_no=30390'>30390<\/a><\/li>\n\n\n\n<li><a href='?page_no=30391'>30391<\/a><\/li>\n\n\n\n<li class='active'><a>30392<\/a><\/li>\n\n\n\n<li><a href='?page_no=30393'>30393<\/a><\/li>\n\n\n\n<li><a href='?page_no=30394'>30394<\/a><\/li>\n\n\n\n<li><a>...<\/a><\/li>\n\n\n\n<li><a href='?page_no=30472'>30472<\/a><\/li>\n\n\n\n<li><a href='?page_no=30473'>30473<\/a><\/li>\n\n    \n\t\n\n<li >\n\t<a href='?page_no=30393'>Next<\/a>\n\t<\/li>\n\n\n    \n\n<li><a href='?page_no=30473'>Last &rsaquo;&rsaquo;<\/a><\/li>\n\n<\/ul>\n\n\n--><br \/>\n<\/body><\/p>\n","protected":false},"excerpt":{"rendered":"<p>El secretario general de la OEA es partidario de que el organismo hable y discuta el caso de Cuba &#13; WASHINGTON.- El secretario general de la Organizaci\u00f3n de Estados Americanos (OEA), Jos\u00e9 Miguel Insulza, se mostr\u00f3 partidario de que el organismo hable y discuta el caso de Cuba, pa\u00eds suspendido del foro regional desde 1964. [&hellip;]<\/p>\n","protected":false},"author":3,"featured_media":0,"comment_status":"open","ping_status":"open","sticky":false,"template":"","format":"standard","meta":{"footnotes":""},"categories":[18],"tags":[],"class_list":["post-124512","post","type-post","status-publish","format-standard","hentry","category-economia"],"_links":{"self":[{"href":"https:\/\/diariodominicano.com\/index.php?rest_route=\/wp\/v2\/posts\/124512","targetHints":{"allow":["GET"]}}],"collection":[{"href":"https:\/\/diariodominicano.com\/index.php?rest_route=\/wp\/v2\/posts"}],"about":[{"href":"https:\/\/diariodominicano.com\/index.php?rest_route=\/wp\/v2\/types\/post"}],"author":[{"embeddable":true,"href":"https:\/\/diariodominicano.com\/index.php?rest_route=\/wp\/v2\/users\/3"}],"replies":[{"embeddable":true,"href":"https:\/\/diariodominicano.com\/index.php?rest_route=%2Fwp%2Fv2%2Fcomments&post=124512"}],"version-history":[{"count":0,"href":"https:\/\/diariodominicano.com\/index.php?rest_route=\/wp\/v2\/posts\/124512\/revisions"}],"wp:attachment":[{"href":"https:\/\/diariodominicano.com\/index.php?rest_route=%2Fwp%2Fv2%2Fmedia&parent=124512"}],"wp:term":[{"taxonomy":"category","embeddable":true,"href":"https:\/\/diariodominicano.com\/index.php?rest_route=%2Fwp%2Fv2%2Fcategories&post=124512"},{"taxonomy":"post_tag","embeddable":true,"href":"https:\/\/diariodominicano.com\/index.php?rest_route=%2Fwp%2Fv2%2Ftags&post=124512"}],"curies":[{"name":"wp","href":"https:\/\/api.w.org\/{rel}","templated":true}]}}