{"id":124511,"date":"2006-05-14T15:04:16","date_gmt":"2006-05-14T15:04:16","guid":{"rendered":"http:\/\/diariodominicano.ddns.net\/?p=124511"},"modified":"2006-05-14T15:04:16","modified_gmt":"2006-05-14T15:04:16","slug":"el-papa-benedicto-xvi-llama-a-los-politicos-del-mundo-a-proclamar-leyes-a-favor-de-la-familia","status":"publish","type":"post","link":"https:\/\/diariodominicano.com\/?p=124511","title":{"rendered":"El Papa Benedicto XVI llama a los pol\u00edticos del mundo a proclamar leyes a favor de la familia"},"content":{"rendered":"<p><body><\/p>\n<p align=\"justify\" class=\"titulogrande1\">El Papa  Benedicto XVI llama a los pol\u00edticos del mundo a proclamar leyes a favor de la  familia <\/p>\n<p>&#13;<\/p>\n<p align=\"justify\" class=\"text1noticias\">CIUDAD DEL  VATICANO.- El Papa Benedicto XVI llam\u00f3 el s\u00e1bado \u00a0a los pol\u00edticos del mundo a proclamar leyes a  favor de la familia y pidi\u00f3 cerrarle el paso a las llamadas \u00abuniones de  facto que buscan una nueva definici\u00f3n del matrimonio\u00bb. <br \/>&#13;<br \/>\n  <br \/>&#13;<br \/>\n  Durante la audiencia con representantes  del Consejo Pontificio para la   Familia en el Aula del S\u00ednodo del Palacio Apost\u00f3lico el  pont\u00edfice alert\u00f3 que la estabilidad de la familia en la actualidad est\u00e1  particularmente en peligro. <br \/>&#13;<br \/>\n  <br \/>&#13;<br \/>\n\u00abPara salvaguardar a la instituci\u00f3n  familiar a veces se debe ir contra la corriente respecto a la cultura dominante  y ello exige paciencia, esfuerzo, sacrificio y b\u00fasqueda incesante de mutua  comprensi\u00f3n\u00bb, se\u00f1al\u00f3. <br \/>&#13;<br \/>\n<br \/>&#13;<br \/>\nAgreg\u00f3 que \u00aben el mundo de hoy en  el cual se difunden algunas equivocadas concepciones sobre el hombre, sobre la  libertad, sobre el amor humano, no debemos nunca cansarnos de hablar sobre la  verdad sobre la instituci\u00f3n de la familia\u00bb. <br \/>&#13;<br \/>\n<br \/>&#13;<br \/>\nEl Papa tambi\u00e9n hizo referencia sobre  los matrimonios homosexuales, de la posibilidad de que estas parejas adopten  ni\u00f1os, del conflicto por la manipulaci\u00f3n de los embriones humanos y la  respuesta de la Iglesia  a estos temas. <br \/>&#13;<br \/>\n<br \/>&#13;<br \/>\nAsegur\u00f3 que \u00aben el momento  hist\u00f3rico que estamos viviendo pide a las familias cristianas dar testimonio  con coraje y coherencia que la procreaci\u00f3n es fruto del amor\u00bb. <br \/>&#13;<br \/>\n<br \/>&#13;<br \/>\n\u00abUn testimonio similar no dejar\u00e1 de  estimular a pol\u00edticos y legisladores a salvaguardar los derechos de las  familias, es notable c\u00f3mo van acrecent\u00e1ndose soluciones jur\u00eddicas para la  llamada `uni\u00f3n de facto'\u00bb, se\u00f1al\u00f3. <br \/>&#13;<br \/>\n<br \/>&#13;<br \/>\nEstas uniones \u00abniegan las  obligaciones del matrimonio pretendiendo gozar de derechos equivalentes\u00bb,  dijo.<\/p>\n<p>&#13;<\/p>\n<h6> 2006-05-14 15:04:16 <\/h6>\n<p><!--\n<link rel=\"stylesheet\" href=\"css\/bootstrap.min.css\">\n\n\n<ul class=\"pagination\">\n\t    \n\t\n\n<li >\n\t<a href='?page_no=30390'>Previous<\/a>\n\t<\/li>\n\n\n       \n    \n\n<li><a href='?page_no=1'>1<\/a><\/li>\n\n\n\n<li><a href='?page_no=2'>2<\/a><\/li>\n\n\n\n<li><a>...<\/a><\/li>\n\n\n\n<li><a href='?page_no=30389'>30389<\/a><\/li>\n\n\n\n<li><a href='?page_no=30390'>30390<\/a><\/li>\n\n\n\n<li class='active'><a>30391<\/a><\/li>\n\n\n\n<li><a href='?page_no=30392'>30392<\/a><\/li>\n\n\n\n<li><a href='?page_no=30393'>30393<\/a><\/li>\n\n\n\n<li><a>...<\/a><\/li>\n\n\n\n<li><a href='?page_no=30472'>30472<\/a><\/li>\n\n\n\n<li><a href='?page_no=30473'>30473<\/a><\/li>\n\n    \n\t\n\n<li >\n\t<a href='?page_no=30392'>Next<\/a>\n\t<\/li>\n\n\n    \n\n<li><a href='?page_no=30473'>Last &rsaquo;&rsaquo;<\/a><\/li>\n\n<\/ul>\n\n\n--><br \/>\n<\/body><\/p>\n","protected":false},"excerpt":{"rendered":"<p>El Papa Benedicto XVI llama a los pol\u00edticos del mundo a proclamar leyes a favor de la familia &#13; CIUDAD DEL VATICANO.- El Papa Benedicto XVI llam\u00f3 el s\u00e1bado \u00a0a los pol\u00edticos del mundo a proclamar leyes a favor de la familia y pidi\u00f3 cerrarle el paso a las llamadas \u00abuniones de facto que buscan [&hellip;]<\/p>\n","protected":false},"author":3,"featured_media":0,"comment_status":"open","ping_status":"open","sticky":false,"template":"","format":"standard","meta":{"footnotes":""},"categories":[18],"tags":[],"class_list":["post-124511","post","type-post","status-publish","format-standard","hentry","category-economia"],"_links":{"self":[{"href":"https:\/\/diariodominicano.com\/index.php?rest_route=\/wp\/v2\/posts\/124511","targetHints":{"allow":["GET"]}}],"collection":[{"href":"https:\/\/diariodominicano.com\/index.php?rest_route=\/wp\/v2\/posts"}],"about":[{"href":"https:\/\/diariodominicano.com\/index.php?rest_route=\/wp\/v2\/types\/post"}],"author":[{"embeddable":true,"href":"https:\/\/diariodominicano.com\/index.php?rest_route=\/wp\/v2\/users\/3"}],"replies":[{"embeddable":true,"href":"https:\/\/diariodominicano.com\/index.php?rest_route=%2Fwp%2Fv2%2Fcomments&post=124511"}],"version-history":[{"count":0,"href":"https:\/\/diariodominicano.com\/index.php?rest_route=\/wp\/v2\/posts\/124511\/revisions"}],"wp:attachment":[{"href":"https:\/\/diariodominicano.com\/index.php?rest_route=%2Fwp%2Fv2%2Fmedia&parent=124511"}],"wp:term":[{"taxonomy":"category","embeddable":true,"href":"https:\/\/diariodominicano.com\/index.php?rest_route=%2Fwp%2Fv2%2Fcategories&post=124511"},{"taxonomy":"post_tag","embeddable":true,"href":"https:\/\/diariodominicano.com\/index.php?rest_route=%2Fwp%2Fv2%2Ftags&post=124511"}],"curies":[{"name":"wp","href":"https:\/\/api.w.org\/{rel}","templated":true}]}}