{"id":124502,"date":"2006-05-18T11:16:25","date_gmt":"2006-05-18T11:16:25","guid":{"rendered":"http:\/\/diariodominicano.ddns.net\/?p=124502"},"modified":"2006-05-18T11:16:25","modified_gmt":"2006-05-18T11:16:25","slug":"hispanos-buscan-apoyo-para-legalizar-a-12-millones-de-indocumentados","status":"publish","type":"post","link":"https:\/\/diariodominicano.com\/?p=124502","title":{"rendered":"Hispanos buscan apoyo para legalizar a 12 millones de indocumentados"},"content":{"rendered":"<p><body><\/p>\n<p align=\"justify\" class=\"titulogrande1\"><strong>Hispanos  buscan apoyo para legalizar a 12 millones de indocumentados <\/strong><\/p>\n<p>&#13;<\/p>\n<p align=\"justify\" class=\"text1noticias\"><strong>WASHINGTON.-<\/strong> Hispanos de todo Estados Unidos se manifestaron el  mi\u00e9rcoles \u00a0en Washington y cabildean en  el Congreso, donde el Senado debate la reforma migratoria, para lograr la  legalizaci\u00f3n de los cerca de 12 millones de indocumentados que viven en Estados  Unidos.<br \/>&#13;<br \/>\n  <br \/>&#13;<br \/>\n  Con plegarias  frente a la Suprema   Corte de Justicia y al Capitolio, unos 400 inmigrantes con y  sin papeles y sus defensores llegados de 20 Estados iniciaron un d\u00eda nacional  de cabildeo para defender la legalizaci\u00f3n en reuniones con legisladores.<br \/>&#13;<br \/>\n  <br \/>&#13;<br \/>\n\u201cTiene que haber  una legalizaci\u00f3n, Se\u00f1or, para poder vivir todos juntos en paz. Estas personas  que dicen que son cristianas, que se levanten en el Congreso y hagan lo que  hubieras hecho t\u00fa, Se\u00f1or\u201d, pidi\u00f3 la pastora metodista puertorrique\u00f1a Bet\u00ed  Guevara, del Centro sin Fronteras de Chicago (Illinois), ante unos 30  inmigrantes y l\u00edderes comunitarios tomados de la mano.<br \/>&#13;<br \/>\n<br \/>&#13;<br \/>\n\u201cQueremos la  legalizaci\u00f3n \u2018ganada\u2019, un camino a la ciudadan\u00eda para los indocumentados que ya  est\u00e1n en el pa\u00eds, un programa de trabajadores temporario para que la gente en  el futuro pueda venir de manera segura, ordenada, y que proteja a trabajadores  de la explotaci\u00f3n\u201d, dijo a la   AFP Cory Smith, portavoz de la coalici\u00f3n We are America  (Somos Am\u00e9rica), que organiza el cabildeo.<br \/>&#13;<br \/>\n<br \/>&#13;<br \/>\nVarios de estos  inmigrantes se sumar\u00e1n luego a la manifestaci\u00f3n convocada entre el Congreso y la Casa Blanca para  reclamar la legalizaci\u00f3n y rechazar el duro proyecto de ley aprobado en  diciembre por la C\u00e1mara  de Representantes, que ha generado masivas protestas en todo el pa\u00eds desde  fines de marzo.<br \/>&#13;<br \/>\n<br \/>&#13;<br \/>\nUno de los  inmigrantes presentes en la protesta ser\u00e1 la mexicana Flor Crisostomo, de 27  a\u00f1os y en huelga de hambre, detenida en Chicago el 19 de abril junto a otros 25  compa\u00f1eros de trabajo sin papeles en una redada policial en la empresa IFCO  Systems.<br \/>&#13;<br \/>\n<br \/>&#13;<br \/>\n\u201cEl lema de esta  naci\u00f3n es que las familias deben de ser unidas. Pero las redadas conllevan  deportaciones y el hecho de que haya deportaciones conlleva que las familias se  desintegren\u201d, dijo a la AFP  esta madre de tres ni\u00f1os.<br \/>&#13;<br \/>\n<br \/>&#13;<br \/>\n\u201cNo vamos a  detenernos antes de cruzar la l\u00ednea final de la victoria\u201d, afirm\u00f3 Emma Lozano,  presidenta del Centro Sin Fronteras de Chicago (norte), una de las  organizaciones que se unieron para convocar la protesta a las 16H00 local  (20H00 GMT).<br \/>&#13;<br \/>\n<br \/>&#13;<br \/>\nEn contra de lo  ocurrido el pasado 1 de mayo, cuando el llamado a \u201cun d\u00eda sin inmigrantes\u201d  dividi\u00f3 a la comunidad, esta vez las organizaciones hispanas unieron sus  fuerzas.<br \/>&#13;<br \/>\n<br \/>&#13;<br \/>\nLa mayor protesta  de inmigrantes en Washington tuvo lugar el 10 de abril, cuando m\u00e1s de 150.000  personas manifestaron frente al Congreso para reclamar la legalizaci\u00f3n y  expresar su rechazo al proyecto de ley aprobado por la C\u00e1mara baja, que torna a  los indocumentados en criminales y prev\u00e9 construir un muro en la tercera parte  de la frontera con M\u00e9xico.<br \/>&#13;<br \/>\n<br \/>&#13;<br \/>\nEl presidente  George W. Bush anunci\u00f3 el lunes que enviar\u00e1 a la frontera con M\u00e9xico a 6.000  militares y dio su apoyo a la legalizaci\u00f3n de millones de indocumentados en un  intento por satisfacer tanto al electorado hispano como a republicanos  conservadores a seis meses de las legislativas de noviembre.<br \/>&#13;<br \/>\n<br \/>&#13;<br \/>\n\u201cDe coraz\u00f3n me  gustar\u00eda que (Bush) cumpliera. Creo que quiere quedar bien con unos y con  otros, pero en mi tierra se dice que uno no puede quedar bien con Dios y con el  diablo\u201d, estim\u00f3 no obstante Mario Ledesma, un mexicano de 56 a\u00f1os que integra  una delegaci\u00f3n de \u201ccabilderos\u201d del sur de California.<br \/>&#13;<br \/>\n<br \/>&#13;<br \/>\nEl discurso de  Bush hizo m\u00e1s \u00e9nfasis en seguridad fronteriza que en el pasado para intentar  que los representantes republicanos apoyen una reforma migratoria amplia al  conciliar su proyecto de ley con el m\u00e1s moderado que el Senado se apresta a  votar este mes.<\/p>\n<p>&#13;<\/p>\n<h6> 2006-05-18 11:16:25 <\/h6>\n<p><!--\n<link rel=\"stylesheet\" href=\"css\/bootstrap.min.css\">\n\n\n<ul class=\"pagination\">\n\t    \n\t\n\n<li >\n\t<a href='?page_no=30381'>Previous<\/a>\n\t<\/li>\n\n\n       \n    \n\n<li><a href='?page_no=1'>1<\/a><\/li>\n\n\n\n<li><a href='?page_no=2'>2<\/a><\/li>\n\n\n\n<li><a>...<\/a><\/li>\n\n\n\n<li><a href='?page_no=30380'>30380<\/a><\/li>\n\n\n\n<li><a href='?page_no=30381'>30381<\/a><\/li>\n\n\n\n<li class='active'><a>30382<\/a><\/li>\n\n\n\n<li><a href='?page_no=30383'>30383<\/a><\/li>\n\n\n\n<li><a href='?page_no=30384'>30384<\/a><\/li>\n\n\n\n<li><a>...<\/a><\/li>\n\n\n\n<li><a href='?page_no=30472'>30472<\/a><\/li>\n\n\n\n<li><a href='?page_no=30473'>30473<\/a><\/li>\n\n    \n\t\n\n<li >\n\t<a href='?page_no=30383'>Next<\/a>\n\t<\/li>\n\n\n    \n\n<li><a href='?page_no=30473'>Last &rsaquo;&rsaquo;<\/a><\/li>\n\n<\/ul>\n\n\n--><br \/>\n<\/body><\/p>\n","protected":false},"excerpt":{"rendered":"<p>Hispanos buscan apoyo para legalizar a 12 millones de indocumentados &#13; WASHINGTON.- Hispanos de todo Estados Unidos se manifestaron el mi\u00e9rcoles \u00a0en Washington y cabildean en el Congreso, donde el Senado debate la reforma migratoria, para lograr la legalizaci\u00f3n de los cerca de 12 millones de indocumentados que viven en Estados Unidos.&#13; &#13; Con plegarias [&hellip;]<\/p>\n","protected":false},"author":3,"featured_media":0,"comment_status":"open","ping_status":"open","sticky":false,"template":"","format":"standard","meta":{"footnotes":""},"categories":[18],"tags":[],"class_list":["post-124502","post","type-post","status-publish","format-standard","hentry","category-economia"],"_links":{"self":[{"href":"https:\/\/diariodominicano.com\/index.php?rest_route=\/wp\/v2\/posts\/124502","targetHints":{"allow":["GET"]}}],"collection":[{"href":"https:\/\/diariodominicano.com\/index.php?rest_route=\/wp\/v2\/posts"}],"about":[{"href":"https:\/\/diariodominicano.com\/index.php?rest_route=\/wp\/v2\/types\/post"}],"author":[{"embeddable":true,"href":"https:\/\/diariodominicano.com\/index.php?rest_route=\/wp\/v2\/users\/3"}],"replies":[{"embeddable":true,"href":"https:\/\/diariodominicano.com\/index.php?rest_route=%2Fwp%2Fv2%2Fcomments&post=124502"}],"version-history":[{"count":0,"href":"https:\/\/diariodominicano.com\/index.php?rest_route=\/wp\/v2\/posts\/124502\/revisions"}],"wp:attachment":[{"href":"https:\/\/diariodominicano.com\/index.php?rest_route=%2Fwp%2Fv2%2Fmedia&parent=124502"}],"wp:term":[{"taxonomy":"category","embeddable":true,"href":"https:\/\/diariodominicano.com\/index.php?rest_route=%2Fwp%2Fv2%2Fcategories&post=124502"},{"taxonomy":"post_tag","embeddable":true,"href":"https:\/\/diariodominicano.com\/index.php?rest_route=%2Fwp%2Fv2%2Ftags&post=124502"}],"curies":[{"name":"wp","href":"https:\/\/api.w.org\/{rel}","templated":true}]}}