{"id":124500,"date":"2006-05-22T03:08:28","date_gmt":"2006-05-22T03:08:28","guid":{"rendered":"http:\/\/diariodominicano.ddns.net\/?p=124500"},"modified":"2006-05-22T03:08:28","modified_gmt":"2006-05-22T03:08:28","slug":"fondo-del-bid-aprueba-donacion-de-600-mil-dolares-para-apoyar-a-organizaciones-de-la-sociedad-civil-que-promueven-transparencia-y-rendicion-de-cuentas","status":"publish","type":"post","link":"https:\/\/diariodominicano.com\/?p=124500","title":{"rendered":"Fondo del BID aprueba donaci\u00f3n de 600 mil  d\u00f3lares para apoyar a organizaciones de la sociedad civil que promueven transparencia y rendici\u00f3n de cuentas"},"content":{"rendered":"<p><body><\/p>\n<p align=\"justify\" class=\"titulogrande1\"><strong>Fondo del BID aprueba donaci\u00f3n de 600 mil\u00a0 d\u00f3lares para apoyar a organizaciones de la  sociedad civil que promueven transparencia y rendici\u00f3n de cuentas<\/strong> <\/p>\n<p>&#13;<\/p>\n<p align=\"justify\" class=\"text1noticias\">Iniciativa  ayudar\u00e1 a combatir corrupci\u00f3n en actividades de sectores p\u00fablico y privado <br \/>&#13;<br \/>\n  <br \/>&#13;<br \/>\n  WASHINGTON.- El  Fondo Multilateral de Inversiones del Banco Interamericano de Desarrollo  anunci\u00f3 hoy la aprobaci\u00f3n de una donaci\u00f3n de 600.000 d\u00f3lares para un programa  de apoyo a proyectos de organizaciones de la sociedad civil dirigidos a  aumentar la transparencia en actividades econ\u00f3micas de los sectores p\u00fablico y  privado. <br \/>&#13;<br \/>\n  <br \/>&#13;<br \/>\n  Los recursos  apoyar\u00e1n proyectos y ayudar\u00e1n a difundir iniciativas acertadas. Se crear\u00e1 un  Fondo Regional para la   Promoci\u00f3n de la Transparencia (FONTRA) para cubrir actividades en  Argentina, Bolivia, Brasil, Chile, Paraguay y Uruguay. <br \/>&#13;<br \/>\n  <br \/>&#13;<br \/>\n  El Fondo  financiar\u00e1 donaciones que oscilen entre 10.000 d\u00f3lares y 30.000 d\u00f3lares cada  una, hasta un m\u00e1ximo de 50.000 d\u00f3lares. Los recursos del FOMIN se usar\u00e1n para  cubrir un promedio del 40% de estos montos. Cada organizaci\u00f3n civil deber\u00e1  aportar una financiaci\u00f3n paralela de al menos 20% del costo total de cada  proyecto. Las donaciones tendr\u00e1n una duraci\u00f3n m\u00e1xima de un a\u00f1o. <br \/>&#13;<br \/>\n  <br \/>&#13;<br \/>\n\u00abEste  programa ayudar\u00e1 a reducir el costp econ\u00f3mico de la corrupci\u00f3n, generando as\u00ed  ahorros directos a la sociedad\u00bb, dijo jefe del equipo del BID Daniel  Shepherd. \u00abTambi\u00e9n contribuir\u00e1 a mejorar procedimientos gubernamentales y  pr\u00e1cticas de empresas privadas, y ayudar\u00e1 a nivelar las condiciones para  operaciones del sector privado mediante una mayor eficiencia, promoviendo un  desarrollo econ\u00f3mico m\u00e1s equitativo\u00bb, agreg\u00f3. <br \/>&#13;<br \/>\n<br \/>&#13;<br \/>\nEl programa  ser\u00e1 presentado en una serie de eventos promocionales y anunciado en l\u00ednea a  trav\u00e9s del Internet ( <a href=\"http:\/\/www.lasociedadcivil.org\/\">http:\/\/www.lasociedadcivil.org\/<\/a>).  Se espera que las convocatorias espec\u00edficas para presentar propuestas sean  publicadas m\u00e1s adelante este a\u00f1o y en 2007, pero propuestas meritorias pueden  someterse en cualquier momento. Las propuestas ser\u00e1n evaluadas seg\u00fan m\u00e9rito  t\u00e9cnico, calidad innovadora, adherencia a los objetivos del Programa y  capacidad de las respectivas organizaciones civiles para ponerlas en pr\u00e1ctica.  Una conferencia regional final determinar\u00e1 y difundir\u00e1 los resultados del  programa, que ser\u00e1 ejecutado en tres a\u00f1os. <br \/>&#13;<br \/>\n<br \/>&#13;<br \/>\nEl Instituto de  Comunicaci\u00f3n y Desarrollo ser\u00e1 el organismo ejecutor del programa, con apoyo  del Fondo Alianza para la   Transparencia (PTF, por sus siglas en ingl\u00e9s). <br \/>&#13;<br \/>\n<br \/>&#13;<br \/>\nEl Instituto es  una asociaci\u00f3n c\u00edvica sin fines de lucro fundada en Uruguay en 1986 para apoyar  a la sociedad civil y la participaci\u00f3n ciudadana produciendo informaci\u00f3n y  actividades para promover la toma de conciencia para un desarrollo democr\u00e1tico,  inclusivo y equitativo basado en la \u00e9tica y en la transparencia. El PTF es una  organizaci\u00f3n derivada de Transparencia Internacional dedicada desde 2000 a ayudar a  organizaciones de sociedad civil que combaten la corrupci\u00f3n.<br \/>&#13;<br \/>\n<br \/>&#13;<br \/>\n\u00abUn  aspecto importante de este programa ser\u00e1 la participaci\u00f3n de varias compa\u00f1\u00edas  privadas y otros donantes interesados en brindar ayuda financiera\u00bb, dijo  Shepherd. \u00abUna de las ventajas para estas compa\u00f1\u00edas es que eliminando y  reduciendo la corrupci\u00f3n, pueden ayudar a reducir el costo de hacer  negocio\u00bb.<br \/>&#13;<br \/>\n<br \/>&#13;<br \/>\n\u201cHAhSSS\u00a0\u00a0  Haciendo participar a estas compa\u00f1\u00edas y las asociaciones del sector privado a  nivel nacional a trav\u00e9s de un consejo consultivo, el Programa atraer\u00eda mayor  respaldo y mejorar\u00eda su sostenibilidad\u201d, agreg\u00f3 Shepherd.\u00a0 \u00abLa  creciente transparencia en los pa\u00edses participantes mejorar\u00e1 el funcionamiento  del mercado y el clima de negocios en general\u00bb.<br \/>&#13;<br \/>\n<br \/>&#13;<br \/>\nEl Fondo  Multilateral de Inversiones, un fondo aut\u00f3nomo administrado por el BID, apoya  el desarrollo del sector privado en Am\u00e9rica Latina y el Caribe, centr\u00e1ndose en  la micro y peque\u00f1a empresa.<\/p>\n<h6> 2006-05-22 03:08:28 <\/h6>\n<p><!--\n<link rel=\"stylesheet\" href=\"css\/bootstrap.min.css\">\n\n\n<ul class=\"pagination\">\n\t    \n\t\n\n<li >\n\t<a href='?page_no=30379'>Previous<\/a>\n\t<\/li>\n\n\n       \n    \n\n<li><a href='?page_no=1'>1<\/a><\/li>\n\n\n\n<li><a href='?page_no=2'>2<\/a><\/li>\n\n\n\n<li><a>...<\/a><\/li>\n\n\n\n<li><a href='?page_no=30378'>30378<\/a><\/li>\n\n\n\n<li><a href='?page_no=30379'>30379<\/a><\/li>\n\n\n\n<li class='active'><a>30380<\/a><\/li>\n\n\n\n<li><a href='?page_no=30381'>30381<\/a><\/li>\n\n\n\n<li><a href='?page_no=30382'>30382<\/a><\/li>\n\n\n\n<li><a>...<\/a><\/li>\n\n\n\n<li><a href='?page_no=30472'>30472<\/a><\/li>\n\n\n\n<li><a href='?page_no=30473'>30473<\/a><\/li>\n\n    \n\t\n\n<li >\n\t<a href='?page_no=30381'>Next<\/a>\n\t<\/li>\n\n\n    \n\n<li><a href='?page_no=30473'>Last &rsaquo;&rsaquo;<\/a><\/li>\n\n<\/ul>\n\n\n--><br \/>\n<\/body><\/p>\n","protected":false},"excerpt":{"rendered":"<p>Fondo del BID aprueba donaci\u00f3n de 600 mil\u00a0 d\u00f3lares para apoyar a organizaciones de la sociedad civil que promueven transparencia y rendici\u00f3n de cuentas &#13; Iniciativa ayudar\u00e1 a combatir corrupci\u00f3n en actividades de sectores p\u00fablico y privado &#13; &#13; WASHINGTON.- El Fondo Multilateral de Inversiones del Banco Interamericano de Desarrollo anunci\u00f3 hoy la aprobaci\u00f3n de [&hellip;]<\/p>\n","protected":false},"author":3,"featured_media":0,"comment_status":"open","ping_status":"open","sticky":false,"template":"","format":"standard","meta":{"footnotes":""},"categories":[18],"tags":[],"class_list":["post-124500","post","type-post","status-publish","format-standard","hentry","category-economia"],"_links":{"self":[{"href":"https:\/\/diariodominicano.com\/index.php?rest_route=\/wp\/v2\/posts\/124500","targetHints":{"allow":["GET"]}}],"collection":[{"href":"https:\/\/diariodominicano.com\/index.php?rest_route=\/wp\/v2\/posts"}],"about":[{"href":"https:\/\/diariodominicano.com\/index.php?rest_route=\/wp\/v2\/types\/post"}],"author":[{"embeddable":true,"href":"https:\/\/diariodominicano.com\/index.php?rest_route=\/wp\/v2\/users\/3"}],"replies":[{"embeddable":true,"href":"https:\/\/diariodominicano.com\/index.php?rest_route=%2Fwp%2Fv2%2Fcomments&post=124500"}],"version-history":[{"count":0,"href":"https:\/\/diariodominicano.com\/index.php?rest_route=\/wp\/v2\/posts\/124500\/revisions"}],"wp:attachment":[{"href":"https:\/\/diariodominicano.com\/index.php?rest_route=%2Fwp%2Fv2%2Fmedia&parent=124500"}],"wp:term":[{"taxonomy":"category","embeddable":true,"href":"https:\/\/diariodominicano.com\/index.php?rest_route=%2Fwp%2Fv2%2Fcategories&post=124500"},{"taxonomy":"post_tag","embeddable":true,"href":"https:\/\/diariodominicano.com\/index.php?rest_route=%2Fwp%2Fv2%2Ftags&post=124500"}],"curies":[{"name":"wp","href":"https:\/\/api.w.org\/{rel}","templated":true}]}}