{"id":124499,"date":"2006-05-24T11:12:41","date_gmt":"2006-05-24T11:12:41","guid":{"rendered":"http:\/\/diariodominicano.ddns.net\/?p=124499"},"modified":"2006-05-24T11:12:41","modified_gmt":"2006-05-24T11:12:41","slug":"bid-lanza-campana-en-peru-contra-la-trata-de-personas","status":"publish","type":"post","link":"https:\/\/diariodominicano.com\/?p=124499","title":{"rendered":"BID lanza campa\u00f1a en Per\u00fa contra la trata de personas"},"content":{"rendered":"<p><body><\/p>\n<p align=\"justify\" class=\"titulogrande1\"><strong>BID lanza campa\u00f1a en Per\u00fa contra la trata de  personas<\/strong> <\/p>\n<p>&#13;<\/p>\n<p align=\"justify\" class=\"text1noticias\">Llama y Vive  promociona l\u00ednea de asistencia telef\u00f3nica 0800-2-3232 <br \/>&#13;<br \/>\n  <br \/>&#13;<br \/>\n  LIMA.- El Banco  Interamericano de Desarrollo lanz\u00f3 el martes \u00a0en Per\u00fa la campa\u00f1a <strong>Llama y Vive<\/strong> de  promoci\u00f3n de l\u00edneas de asistencia telef\u00f3nica para la prevenci\u00f3n y la protecci\u00f3n  de v\u00edctimas de trata de personas. <br \/>&#13;<br \/>\n  <br \/>&#13;<br \/>\n  Per\u00fa es el  primer pa\u00eds donde se lanza esta campa\u00f1a regional cuyos socios son la Fundaci\u00f3n Ricky  Martin y la   Organizaci\u00f3n Internacional para las Migraciones (OIM). El  programa en Per\u00fa cuenta tambi\u00e9n con la participaci\u00f3n\u00a0 del Grupo  Multisectorial contra la Trata  de Personas del gobierno peruano. Llama y Vive se lanzar\u00e1 tambi\u00e9n en Nicaragua,  Costa Rica y El Salvador en los pr\u00f3ximos meses. <br \/>&#13;<br \/>\n  <br \/>&#13;<br \/>\n  La l\u00ednea de  asistencia en Per\u00fa (0800-2-3232) es un servicio gratuito y confidencial que  ofrece informaci\u00f3n a v\u00edctimas de trata de personas y la posibilidad de efectuar  denuncias a la Unidad  de Trata de la   Polic\u00eda Nacional.\u00a0 Un proyecto similar dirigido s\u00f3lo a  mujeres peruanas en el 2005 registr\u00f3 m\u00e1s de 7.000 llamadas y 220 casos  relacionados con la trata de personas en un per\u00edodo de diez meses. <br \/>&#13;<br \/>\n  <br \/>&#13;<br \/>\n  La campa\u00f1a <strong>Llama  y Vive<\/strong> incluye comerciales de radio y televisi\u00f3n protagonizados por el  artista puertorrique\u00f1o y humanista Ricky Martin que se divulgar\u00e1n a trav\u00e9s de  Radio Programas y la   Coordinadora Nacional de Radio (CNR), entre otros medios  nacionales y locales. Se distribuir\u00e1 tambi\u00e9n material impreso en plazas,  mercados y lugares de mayor tr\u00e1nsito de ciudades identificadas como origen,  tr\u00e1nsito y destino de v\u00edctimas de trata de personas. Puntos cr\u00edticos de  distribuci\u00f3n incluyen el aeropuerto internacional de Lima y ocho puestos  fronterizos.<br \/>&#13;<br \/>\n  <br \/>&#13;<br \/>\n  En las pr\u00f3ximas  semanas las ciudades de Cuzco, Iquitos, Pucallpa y Piura realizar\u00e1n  presentaciones locales de la campa\u00f1a que incluir\u00e1n conferencias de prensa,  encuentros con los gobiernos locales y la sociedad civil, y presentaciones en  escuelas secundarias con j\u00f3venes en sus dos \u00faltimos a\u00f1os de estudio. La campa\u00f1a  contar\u00e1 tambi\u00e9n con el trabajo voluntario de organizaciones y redes  especializadas ya existentes para la distribuci\u00f3n de materiales e informaci\u00f3n  hasta noviembre del 2006.<br \/>&#13;<br \/>\n  <br \/>&#13;<br \/>\n  Seg\u00fan encuestas  recientes, el 75% de los j\u00f3venes peruanos entre 15 y 29 a\u00f1os quiere emigrar, lo  cual les convierte en el grupo m\u00e1s vulnerable a las redes ilegales de trata. En  el pa\u00eds andino, la trata con fines de explotaci\u00f3n sexual y laboral afecta tanto  a personas que se desplazan dentro del pa\u00eds, como a las que buscan mejores  oportunidades en el extranjero, especialmente en Estados Unidos, Chile y  Espa\u00f1a.<\/p>\n<p>&#13;<\/p>\n<h6> 2006-05-24 11:12:41 <\/h6>\n<p><!--\n<link rel=\"stylesheet\" href=\"css\/bootstrap.min.css\">\n\n\n<ul class=\"pagination\">\n\t    \n\t\n\n<li >\n\t<a href='?page_no=30378'>Previous<\/a>\n\t<\/li>\n\n\n       \n    \n\n<li><a href='?page_no=1'>1<\/a><\/li>\n\n\n\n<li><a href='?page_no=2'>2<\/a><\/li>\n\n\n\n<li><a>...<\/a><\/li>\n\n\n\n<li><a href='?page_no=30377'>30377<\/a><\/li>\n\n\n\n<li><a href='?page_no=30378'>30378<\/a><\/li>\n\n\n\n<li class='active'><a>30379<\/a><\/li>\n\n\n\n<li><a href='?page_no=30380'>30380<\/a><\/li>\n\n\n\n<li><a href='?page_no=30381'>30381<\/a><\/li>\n\n\n\n<li><a>...<\/a><\/li>\n\n\n\n<li><a href='?page_no=30472'>30472<\/a><\/li>\n\n\n\n<li><a href='?page_no=30473'>30473<\/a><\/li>\n\n    \n\t\n\n<li >\n\t<a href='?page_no=30380'>Next<\/a>\n\t<\/li>\n\n\n    \n\n<li><a href='?page_no=30473'>Last &rsaquo;&rsaquo;<\/a><\/li>\n\n<\/ul>\n\n\n--><br \/>\n<\/body><\/p>\n","protected":false},"excerpt":{"rendered":"<p>BID lanza campa\u00f1a en Per\u00fa contra la trata de personas &#13; Llama y Vive promociona l\u00ednea de asistencia telef\u00f3nica 0800-2-3232 &#13; &#13; LIMA.- El Banco Interamericano de Desarrollo lanz\u00f3 el martes \u00a0en Per\u00fa la campa\u00f1a Llama y Vive de promoci\u00f3n de l\u00edneas de asistencia telef\u00f3nica para la prevenci\u00f3n y la protecci\u00f3n de v\u00edctimas de trata [&hellip;]<\/p>\n","protected":false},"author":3,"featured_media":0,"comment_status":"open","ping_status":"open","sticky":false,"template":"","format":"standard","meta":{"footnotes":""},"categories":[18],"tags":[],"class_list":["post-124499","post","type-post","status-publish","format-standard","hentry","category-economia"],"_links":{"self":[{"href":"https:\/\/diariodominicano.com\/index.php?rest_route=\/wp\/v2\/posts\/124499","targetHints":{"allow":["GET"]}}],"collection":[{"href":"https:\/\/diariodominicano.com\/index.php?rest_route=\/wp\/v2\/posts"}],"about":[{"href":"https:\/\/diariodominicano.com\/index.php?rest_route=\/wp\/v2\/types\/post"}],"author":[{"embeddable":true,"href":"https:\/\/diariodominicano.com\/index.php?rest_route=\/wp\/v2\/users\/3"}],"replies":[{"embeddable":true,"href":"https:\/\/diariodominicano.com\/index.php?rest_route=%2Fwp%2Fv2%2Fcomments&post=124499"}],"version-history":[{"count":0,"href":"https:\/\/diariodominicano.com\/index.php?rest_route=\/wp\/v2\/posts\/124499\/revisions"}],"wp:attachment":[{"href":"https:\/\/diariodominicano.com\/index.php?rest_route=%2Fwp%2Fv2%2Fmedia&parent=124499"}],"wp:term":[{"taxonomy":"category","embeddable":true,"href":"https:\/\/diariodominicano.com\/index.php?rest_route=%2Fwp%2Fv2%2Fcategories&post=124499"},{"taxonomy":"post_tag","embeddable":true,"href":"https:\/\/diariodominicano.com\/index.php?rest_route=%2Fwp%2Fv2%2Ftags&post=124499"}],"curies":[{"name":"wp","href":"https:\/\/api.w.org\/{rel}","templated":true}]}}