{"id":124494,"date":"2006-05-27T13:48:29","date_gmt":"2006-05-27T13:48:29","guid":{"rendered":"http:\/\/diariodominicano.ddns.net\/?p=124494"},"modified":"2006-05-27T13:48:29","modified_gmt":"2006-05-27T13:48:29","slug":"bid-presentara-nueva-iniciativa-de-desarrollo-para-america-latina","status":"publish","type":"post","link":"https:\/\/diariodominicano.com\/?p=124494","title":{"rendered":"BID presentar\u00e1 nueva iniciativa de desarrollo para Am\u00e9rica Latina"},"content":{"rendered":"<p><body><\/p>\n<p align=\"justify\" class=\"titulogrande1\"><strong>BID presentar\u00e1 nueva iniciativa de desarrollo para Am\u00e9rica Latina<\/strong> <\/p>\n<p>&#13;<\/p>\n<div align=\"justify\">&#13;<\/p>\n<table border=\"0\" cellpadding=\"0\" align=\"right\" width=\"9\">&#13;<\/p>\n<tr>&#13;<\/p>\n<td>\n<p>\u00a0<\/p>\n<\/td>\n<p>&#13;<br \/>\n    <\/tr>\n<p>&#13;<\/p>\n<tr>&#13;<\/p>\n<td valign=\"top\">\n<p>\u00a0<\/p>\n<\/td>\n<p>&#13;<br \/>\n    <\/tr>\n<p>&#13;<br \/>\n  <\/table>\n<p>&#13;\n<\/p><\/div>\n<p>&#13;<\/p>\n<p align=\"justify\" class=\"text1noticias\">Acento en las  oportunidades econ\u00f3micas para la poblaci\u00f3n de bajos ingresos <br \/>&#13;<br \/>\n  <br \/>&#13;<br \/>\n  WASHINGTON.- El  presidente del Banco Interamericano de Desarrollo, Luis Alberto Moreno,  ofrecer\u00e1 una rueda de prensa el martes 6 de\u00a0junio en donde presentar\u00e1 una  nueva iniciativa para generar oportunidades econ\u00f3micas para la poblaci\u00f3n de  bajos ingresos de Am\u00e9rica Latina y el Caribe, donde los niveles de pobreza y  desigualdad casi no han registrado cambios en medio siglo.<br \/>&#13;<br \/>\n  <br \/>&#13;<br \/>\n  En la  presentaci\u00f3n, que se realizar\u00e1 a las 3:30 p.m. en el\u00a0edificio principal  del\u00a0BID (1300 New York Ave, NW, Washington, D.C., 12\u00ba piso, sal\u00f3n Cecilio  Morales), Moreno delinear\u00e1 la iniciativa Creando Oportunidades para la Mayor\u00eda, que  guiar\u00e1 una creciente cuota del programa de pr\u00e9stamos del BID y fijar\u00e1 objetivos  para evaluar su desempe\u00f1o durante el pr\u00f3ximo lustro.<br \/>&#13;<br \/>\n  <br \/>&#13;<br \/>\n  Unas 360  millones de personas, \u00f3 70 por ciento de la poblaci\u00f3n de Am\u00e9rica Latina y el  Caribe, tienen ingresos inferiores a 300 d\u00f3lares al mes, medidos por paridad de  poder adquisitivo, seg\u00fan el World Resources Institute. Si bien constituyen un  mercado de 510.000 millones de d\u00f3lares anuales, estos consumidores y  productores pagan una \u201cmulta de pobreza\u201d que les encarece el costo de vida, les  resta productividad y les limita las oportunidades de acumular un patrimonio.<br \/>&#13;<br \/>\n  <br \/>&#13;<br \/>\n  Las personas de  bajos ingresos de esta regi\u00f3n carecen de acceso a servicios de agua corriente y  electricidad confiables, buenos caminos y transporte seguro. Sus hogares t\u00edpicamente  son construcciones precarias en predios informales. Sus negocios casi siempre  enfrentan una escasez de cr\u00e9dito y un exceso de requisitos burocr\u00e1ticos.<br \/>&#13;<br \/>\n  <br \/>&#13;<br \/>\n  Moreno sostiene  que el BID, como la principal fuente de financiamiento multilateral para  Am\u00e9rica Latina, debe trabajar creativamente con gobiernos, el sector privado y  la sociedad civil para ayudar a m\u00e1s gente a ingresar a la clase media.<br \/>&#13;<br \/>\n  <br \/>&#13;<br \/>\n  Con ese fin, el  BID dedicar\u00e1 una creciente cantidad de su financiamiento, que puede ascender a  8.000 millones de d\u00f3lares al a\u00f1o, a apoyar proyectos innovadores en unas pocas  \u00e1reas donde puede marcar una diferencia, tales como facilitar la empresa y  ampliar el acceso a vivienda, infraestructura b\u00e1sica, microfinanzas y  tecnolog\u00edas de comunicaci\u00f3n.<br \/>&#13;<br \/>\n  <br \/>&#13;<br \/>\n  En muchos casos  estos desaf\u00edos podr\u00edan enfrentarse adaptando al sector p\u00fablico algunas  estrategias empleadas por empresas e instituciones sin fines de lucro que  trabajan exitosamente con clientes de bajos ingresos y empresarios que operan  en la base de la pir\u00e1mide econ\u00f3mica y social.<br \/>&#13;<br \/>\n  <br \/>&#13;<br \/>\n  La iniciativa  ser\u00e1 lanzada en una conferencia en la sede del BID el 12 y 13 de junio. La  primera ministro de Jamaica, Portia  Simpson Miller; el cardenal Oscar  Andr\u00e9s Rodr\u00edguez de Tegucigalpa; el presidente de Telmex, Carlos Slim; el presidente del World  Resources Institute, Jonathan Lash;  el presidente del Instituto Libertad y Desarrollo, Hernando de Soto; y el fundador de One Laptop per Child, Nicholas Negroponte, ser\u00e1n los  oradores principales.<br \/>&#13;<br \/>\n  <br \/>&#13;<br \/>\n  En la  conferencia Lash presentar\u00e1 los resultados de una investigaci\u00f3n de WRI sobre el  poder adquisitivo de las personas de  bajos ingresos en Am\u00e9rica Latina y el Caribe y sobre la \u201cmulta de pobreza\u201d que sobrelleva esta  poblaci\u00f3n. Por su parte, De Soto expondr\u00e1 un estudio sobre los predios urbanos, las propiedades rurales y  las empresas no oficialmente registradas.<\/p>\n<p>&#13;<\/p>\n<h6> 2006-05-27 13:48:29 <\/h6>\n<p><!--\n<link rel=\"stylesheet\" href=\"css\/bootstrap.min.css\">\n\n\n<ul class=\"pagination\">\n\t    \n\t\n\n<li >\n\t<a href='?page_no=30373'>Previous<\/a>\n\t<\/li>\n\n\n       \n    \n\n<li><a href='?page_no=1'>1<\/a><\/li>\n\n\n\n<li><a href='?page_no=2'>2<\/a><\/li>\n\n\n\n<li><a>...<\/a><\/li>\n\n\n\n<li><a href='?page_no=30372'>30372<\/a><\/li>\n\n\n\n<li><a href='?page_no=30373'>30373<\/a><\/li>\n\n\n\n<li class='active'><a>30374<\/a><\/li>\n\n\n\n<li><a href='?page_no=30375'>30375<\/a><\/li>\n\n\n\n<li><a href='?page_no=30376'>30376<\/a><\/li>\n\n\n\n<li><a>...<\/a><\/li>\n\n\n\n<li><a href='?page_no=30472'>30472<\/a><\/li>\n\n\n\n<li><a href='?page_no=30473'>30473<\/a><\/li>\n\n    \n\t\n\n<li >\n\t<a href='?page_no=30375'>Next<\/a>\n\t<\/li>\n\n\n    \n\n<li><a href='?page_no=30473'>Last &rsaquo;&rsaquo;<\/a><\/li>\n\n<\/ul>\n\n\n--><br \/>\n<\/body><\/p>\n","protected":false},"excerpt":{"rendered":"<p>BID presentar\u00e1 nueva iniciativa de desarrollo para Am\u00e9rica Latina &#13; &#13; &#13; &#13; \u00a0 &#13; &#13; &#13; \u00a0 &#13; &#13; &#13; &#13; Acento en las oportunidades econ\u00f3micas para la poblaci\u00f3n de bajos ingresos &#13; &#13; WASHINGTON.- El presidente del Banco Interamericano de Desarrollo, Luis Alberto Moreno, ofrecer\u00e1 una rueda de prensa el martes 6 de\u00a0junio [&hellip;]<\/p>\n","protected":false},"author":3,"featured_media":0,"comment_status":"open","ping_status":"open","sticky":false,"template":"","format":"standard","meta":{"footnotes":""},"categories":[18],"tags":[],"class_list":["post-124494","post","type-post","status-publish","format-standard","hentry","category-economia"],"_links":{"self":[{"href":"https:\/\/diariodominicano.com\/index.php?rest_route=\/wp\/v2\/posts\/124494","targetHints":{"allow":["GET"]}}],"collection":[{"href":"https:\/\/diariodominicano.com\/index.php?rest_route=\/wp\/v2\/posts"}],"about":[{"href":"https:\/\/diariodominicano.com\/index.php?rest_route=\/wp\/v2\/types\/post"}],"author":[{"embeddable":true,"href":"https:\/\/diariodominicano.com\/index.php?rest_route=\/wp\/v2\/users\/3"}],"replies":[{"embeddable":true,"href":"https:\/\/diariodominicano.com\/index.php?rest_route=%2Fwp%2Fv2%2Fcomments&post=124494"}],"version-history":[{"count":0,"href":"https:\/\/diariodominicano.com\/index.php?rest_route=\/wp\/v2\/posts\/124494\/revisions"}],"wp:attachment":[{"href":"https:\/\/diariodominicano.com\/index.php?rest_route=%2Fwp%2Fv2%2Fmedia&parent=124494"}],"wp:term":[{"taxonomy":"category","embeddable":true,"href":"https:\/\/diariodominicano.com\/index.php?rest_route=%2Fwp%2Fv2%2Fcategories&post=124494"},{"taxonomy":"post_tag","embeddable":true,"href":"https:\/\/diariodominicano.com\/index.php?rest_route=%2Fwp%2Fv2%2Ftags&post=124494"}],"curies":[{"name":"wp","href":"https:\/\/api.w.org\/{rel}","templated":true}]}}