{"id":124491,"date":"2006-06-11T13:09:14","date_gmt":"2006-06-11T13:09:14","guid":{"rendered":"http:\/\/diariodominicano.ddns.net\/?p=124491"},"modified":"2006-06-11T13:09:14","modified_gmt":"2006-06-11T13:09:14","slug":"bid-propone-iniciativa-para-generar-oportunidades-economicas-para-la-mayoria-en-america-latina-y-el-caribe","status":"publish","type":"post","link":"https:\/\/diariodominicano.com\/?p=124491","title":{"rendered":"BID propone iniciativa para generar oportunidades econ\u00f3micas para la mayor\u00eda en Am\u00e9rica Latina y el Caribe"},"content":{"rendered":"<p><body><\/p>\n<p align=\"justify\" class=\"titulogrande1\"><strong>BID propone iniciativa para generar oportunidades econ\u00f3micas  para la mayor\u00eda en Am\u00e9rica Latina y el Caribe<\/strong> <\/p>\n<p>&#13;<\/p>\n<p align=\"justify\" class=\"text1noticias\"><span class=\"textogrande\"><em>Promover\u00e1  proyectos innovadores para ampliar acceso a vivienda, servicios financieros,  infraestructura y tecnolog\u00edas; fomento a la micro y peque\u00f1a empresa <br \/>&#13;<br \/>\n<\/em><\/span><br \/>&#13;<br \/>\n  WASHINGTON.- El  presidente del Banco Interamericano de Desarrollo, Luis Alberto Moreno,  present\u00f3 el jueves \u00a0una nueva iniciativa  para generar oportunidades econ\u00f3micas para las personas de bajos ingresos de  Am\u00e9rica Latina y el Caribe, que constituyen una mayor\u00eda de la poblaci\u00f3n de la  regi\u00f3n.<br \/>&#13;<br \/>\n  <br \/>&#13;<br \/>\n  En una rueda de  prensa celebrada en la sede del BID en Washington y transmitida a sus oficinas  en toda la regi\u00f3n, Moreno explic\u00f3 que la iniciativa<em> Oportunidades para la  Mayor\u00eda<\/em> apunta a buscar soluciones innovadoras para ayudar a las personas  de bajos ingresos de la regi\u00f3n a desarrollar su potencial econ\u00f3mico y a  acumular un patrimonio.<br \/>&#13;<br \/>\n  <br \/>&#13;<br \/>\n  Moreno se\u00f1al\u00f3  que los beneficios del crecimiento econ\u00f3mico no han llegado a la gran mayor\u00eda  de la poblaci\u00f3n de Am\u00e9rica Latina y el Caribe. Unas 360 millones de personas, o  70 por ciento de la poblaci\u00f3n de la regi\u00f3n, tienen ingresos con poder  adquisitivo inferior a 3.000 d\u00f3lares al a\u00f1o.<br \/>&#13;<br \/>\n  <br \/>&#13;<br \/>\n\u201cAmerica Latina  y el Caribe han logrado la estabilidad macroecon\u00f3mica, pero esto no alcanza  para resolver los problemas de la gente que vive en la pobreza o al borde de la  pobreza\u201d, afirm\u00f3 Moreno, quien asumi\u00f3 la presidencia del BID en octubre. \u201cDe  hecho, los \u00edndices de pobreza y desigualdad apenas si han cambiado en los  \u00faltimos 45 a\u00f1os\u201d.<br \/>&#13;<br \/>\n<br \/>&#13;<br \/>\n\u201cYo creo que es  hora de adoptar un nuevo enfoque: menos macro y m\u00e1s micro. En pocas palabras:  tenemos que atacar directamente los obst\u00e1culos que impiden que la mayor\u00eda pueda  mejorar su calidad de vida\u201d, agreg\u00f3.<br \/>&#13;<br \/>\n<br \/>&#13;<br \/>\nLa falta de un  crecimiento de base amplia lleva a la exclusi\u00f3n econ\u00f3mica, conflictos sociales  y tensiones pol\u00edticas. La mayor\u00eda de la poblaci\u00f3n de la regi\u00f3n sobrelleva los  costos de la informalidad, una \u201cmulta a la pobreza\u201d que frena el desarrollo  para sus familias, sus comunidades y sus pa\u00edses.<br \/>&#13;<br \/>\nAl mismo  tiempo, esa poblaci\u00f3n representa un verdadero gigante dormido. Para estudiar el  potencial econ\u00f3mico de la mayor\u00eda en Am\u00e9rica Latina y el Caribe, el BID se  asoci\u00f3 con dos prestigiosos centros de estudios independientes, el World  Resources Institute de Washington (WRI) y el Instituto Libertad y Democracia de  Lima (ILD).<br \/>&#13;<br \/>\n<br \/>&#13;<br \/>\nEl ILD,  dirigido por el economista Hernando de Soto, realiz\u00f3 una evaluaci\u00f3n del  \u201ccapital muerto\u201d\u00a0 en 12 pa\u00edses de la regi\u00f3n, activos como empresas,  propiedades y terrenos que por no estar legalmente registrados y titulados no  pueden ser usados como garant\u00eda de cr\u00e9dito. El inventario arroj\u00f3 una suma de  1,2 billones de d\u00f3lares (millones de millones).<br \/>&#13;<br \/>\n<br \/>&#13;<br \/>\nEl WRI,  reconocido mundialmente por su trabajo en temas ambientales y en los mercados  de personas de bajos ingresos, calcul\u00f3 el poder adquisitivo de la mayor\u00eda en  Am\u00e9rica Latina y el Caribe. Seg\u00fan su estudio, esta poblaci\u00f3n constituye un  mercado de 510.000 millones de d\u00f3lares al a\u00f1o, medido por paridad de poder  adquisitivo.<br \/>&#13;<br \/>\n<br \/>&#13;<br \/>\nEl BID, por su  parte, desarroll\u00f3 el <a href=\"http:\/\/www.iadb.org\/bop\/mapping\/index.cfm?language=Sp&amp;parid=3\">Mapa  de la Mayor\u00eda<\/a>, una herramienta de Internet que expone en gr\u00e1ficos  interactivos informaci\u00f3n estad\u00edstica sobre los distintos temas <em>Oportunidades  para la Mayor\u00eda<\/em> desagregada por deciles de ingresos, as\u00ed como otros rubros  a nivel nacional. La herramienta utiliza datos de encuestas de hogar e  instituciones p\u00fablicas y privadas de la regi\u00f3n.<br \/>&#13;<br \/>\n<br \/>&#13;<br \/>\nEspecialistas  del BID tambi\u00e9n realizaron una serie de estudios sobre los sectores en donde se  concentrar\u00e1 la iniciativa, donde se hacen breves diagn\u00f3sticos y se proponen  acciones concretas, con ejemplos de casos exitosos que podr\u00edan servir de  modelos.<\/p>\n<p>&#13;<\/p>\n<h1 align=\"justify\" class=\"text1noticias\"><strong>Nuevo rumbo, sectores espec\u00edficos<\/strong><\/h1>\n<p>&#13;<\/p>\n<p align=\"justify\" class=\"text1noticias\">El reto para  los pa\u00edses de Am\u00e9rica Latina y el Caribe, y por lo tanto para el BID, es  brindar a las personas de bajos ingresos acceso a oportunidades y herramientas  que les permitan realizar su potencial econ\u00f3mico.<br \/>&#13;<br \/>\n  <br \/>&#13;<br \/>\n  El BID se  concentrar\u00e1 en unos pocos sectores donde puede marcar una diferencia: vivienda  popular, servicios microfinancieros, infraestructura social (agua corriente,  electricidad, transporte urbano y caminos rurales), capacitaci\u00f3n laboral y  fomento a la peque\u00f1a y mediana empresa, acceso a tecnolog\u00edas de informaci\u00f3n y  comunicaci\u00f3n modernas e identificaci\u00f3n de personas indocumentadas. <br \/>&#13;<br \/>\n  <br \/>&#13;<br \/>\n\u201cNosotros no  tenemos todas las respuestas. Por eso propongo trabajar con gobiernos, empresas  del sector privado y organizaciones de la sociedad civil para apalancar la  experiencia, los recursos y las ventajas comparativas de cada uno\u201d, dijo.<br \/>&#13;<br \/>\n<br \/>&#13;<br \/>\nA fin de  catalizar esas alianzas y estimular las propuestas, el BID crear\u00e1 una red de  Centros de Innovaci\u00f3n y Oportunidad en varios pa\u00edses de la regi\u00f3n, as\u00ed como uno  en su sede en Washington. El BID financiar\u00e1 parte de los costos de operaci\u00f3n de  los centros, que ser\u00e1n elegidos en base a su capacidad para investigar,  formular, implementar y evaluar proyectos piloto para atender las necesidades  de la mayor\u00eda de bajos ingresos.<br \/>&#13;<br \/>\n<br \/>&#13;<br \/>\nLas lecciones  de los proyectos piloto que se lancen bajo la iniciativa orientar\u00e1n una  creciente porci\u00f3n del volumen de pr\u00e9stamos del BID, que tiene una capacidad  crediticia de unos 8.000 millones de d\u00f3lares al a\u00f1o, para realizar operaciones  de mayor escala.<br \/>&#13;<br \/>\n<br \/>&#13;<br \/>\nMoreno tambi\u00e9n  anunci\u00f3 que el BID dedicar\u00e1 m\u00e1s recursos a sectores espec\u00edficos. En los  pr\u00f3ximos cinco a\u00f1os duplicar\u00e1 los pr\u00e9stamos para proyectos de\u00a0  infraestructura social para personas de bajos ingresos para llegar a 1.000  millones de d\u00f3lares al a\u00f1o. Crear\u00e1 un fondo para pr\u00e9stamos para peque\u00f1as y  medianas empresas de 1.000 millones de d\u00f3lares. Aumentar\u00e1 en 50 por ciento su  financiamiento para capacitaci\u00f3n laboral para llegar a 2.000 millones de  d\u00f3lares. <br \/>&#13;<br \/>\n<br \/>&#13;<br \/>\nAsimismo se  fij\u00f3 como meta hacer esfuerzos para triplicar el volumen de microcr\u00e9dito en la  regi\u00f3n, para llegar a un total de 15.000 millones de d\u00f3lares en el 2011. En  materia de remesas, apoyar\u00e1 esfuerzos para reducir sus costos de un promedio  actual de 5,6 por ciento a 3 por ciento.<br \/>&#13;<br \/>\nMoreno agreg\u00f3  que el BID no dejar\u00e1 de hacer operaciones tradicionales dado que a\u00fan tiene un  mandato de dedicar por lo menos la mitad del monto anual de pr\u00e9stamos a  programas en los sectores sociales como educaci\u00f3n y salud, as\u00ed como a otras  tareas fundamentales como la modernizaci\u00f3n del estado y la seguridad ciudadana.<br \/>&#13;<br \/>\n<br \/>&#13;<br \/>\n  <em>Oportunidades  para la Mayor\u00eda<\/em> ser\u00e1 presentada en un foro en el Centro de Conferencias del BID (1330 New York  Ave, NW, Washington, D.C.) del 12 al 13 de junio. Entre los oradores  principales figuran la primer ministro de Jamaica, Portia Simpson Miller;  Bill Clinton, el cardenal Oscar Andr\u00e9s Rodr\u00edguez Maradiaga de  Honduras, Carlos Slim,  presidente de Telmex; Hernando de Soto,  presidente del Instituto Libertad y Democracia; Jonathan Lash, presidente del World Resources Institute, y Nicholas Negroponte, de la fundaci\u00f3n One Laptop for Every Child.<br \/>&#13;<br \/>\n  <br \/>&#13;<br \/>\n  Los paneles de  la conferencia cubrir\u00e1n los principales temas de la iniciativa, con la  participaci\u00f3n de innovadores con propuestas para ampliar el acceso de las  personas de bajos ingresos a registros de identidad, servicios  microfinancieros, infraestructura b\u00e1sica, vivienda, tecnolog\u00edas de informaci\u00f3n  y comunicaci\u00f3n, capacitaci\u00f3n laboral y desarrollo empresarial.<br \/>&#13;<br \/>\n  <br \/>&#13;<br \/>\n  La conferencia  tambi\u00e9n contar\u00e1 con una feria  tecnol\u00f3gica, donde empresas y organizaciones sin fines de lucro  expondr\u00e1n sus soluciones para servir como clientes o trabajar como socios con  personas de bajos ingresos. La feria se llevar\u00e1 a cabo en el atrio del edificio  principal del BID (1300 New York Ave, NW, Washington, D.C.) del 13 al 14 de junio.<\/p>\n<p>&#13;<\/p>\n<h6> 2006-06-11 13:09:14 <\/h6>\n<p><!--\n<link rel=\"stylesheet\" href=\"css\/bootstrap.min.css\">\n\n\n<ul class=\"pagination\">\n\t    \n\t\n\n<li >\n\t<a href='?page_no=30370'>Previous<\/a>\n\t<\/li>\n\n\n       \n    \n\n<li><a href='?page_no=1'>1<\/a><\/li>\n\n\n\n<li><a href='?page_no=2'>2<\/a><\/li>\n\n\n\n<li><a>...<\/a><\/li>\n\n\n\n<li><a href='?page_no=30369'>30369<\/a><\/li>\n\n\n\n<li><a href='?page_no=30370'>30370<\/a><\/li>\n\n\n\n<li class='active'><a>30371<\/a><\/li>\n\n\n\n<li><a href='?page_no=30372'>30372<\/a><\/li>\n\n\n\n<li><a href='?page_no=30373'>30373<\/a><\/li>\n\n\n\n<li><a>...<\/a><\/li>\n\n\n\n<li><a href='?page_no=30472'>30472<\/a><\/li>\n\n\n\n<li><a href='?page_no=30473'>30473<\/a><\/li>\n\n    \n\t\n\n<li >\n\t<a href='?page_no=30372'>Next<\/a>\n\t<\/li>\n\n\n    \n\n<li><a href='?page_no=30473'>Last &rsaquo;&rsaquo;<\/a><\/li>\n\n<\/ul>\n\n\n--><br \/>\n<\/body><\/p>\n","protected":false},"excerpt":{"rendered":"<p>BID propone iniciativa para generar oportunidades econ\u00f3micas para la mayor\u00eda en Am\u00e9rica Latina y el Caribe &#13; Promover\u00e1 proyectos innovadores para ampliar acceso a vivienda, servicios financieros, infraestructura y tecnolog\u00edas; fomento a la micro y peque\u00f1a empresa &#13; &#13; WASHINGTON.- El presidente del Banco Interamericano de Desarrollo, Luis Alberto Moreno, present\u00f3 el jueves \u00a0una nueva [&hellip;]<\/p>\n","protected":false},"author":3,"featured_media":0,"comment_status":"open","ping_status":"open","sticky":false,"template":"","format":"standard","meta":{"footnotes":""},"categories":[18],"tags":[],"class_list":["post-124491","post","type-post","status-publish","format-standard","hentry","category-economia"],"_links":{"self":[{"href":"https:\/\/diariodominicano.com\/index.php?rest_route=\/wp\/v2\/posts\/124491","targetHints":{"allow":["GET"]}}],"collection":[{"href":"https:\/\/diariodominicano.com\/index.php?rest_route=\/wp\/v2\/posts"}],"about":[{"href":"https:\/\/diariodominicano.com\/index.php?rest_route=\/wp\/v2\/types\/post"}],"author":[{"embeddable":true,"href":"https:\/\/diariodominicano.com\/index.php?rest_route=\/wp\/v2\/users\/3"}],"replies":[{"embeddable":true,"href":"https:\/\/diariodominicano.com\/index.php?rest_route=%2Fwp%2Fv2%2Fcomments&post=124491"}],"version-history":[{"count":0,"href":"https:\/\/diariodominicano.com\/index.php?rest_route=\/wp\/v2\/posts\/124491\/revisions"}],"wp:attachment":[{"href":"https:\/\/diariodominicano.com\/index.php?rest_route=%2Fwp%2Fv2%2Fmedia&parent=124491"}],"wp:term":[{"taxonomy":"category","embeddable":true,"href":"https:\/\/diariodominicano.com\/index.php?rest_route=%2Fwp%2Fv2%2Fcategories&post=124491"},{"taxonomy":"post_tag","embeddable":true,"href":"https:\/\/diariodominicano.com\/index.php?rest_route=%2Fwp%2Fv2%2Ftags&post=124491"}],"curies":[{"name":"wp","href":"https:\/\/api.w.org\/{rel}","templated":true}]}}