{"id":124490,"date":"2006-06-11T13:14:29","date_gmt":"2006-06-11T13:14:29","guid":{"rendered":"http:\/\/diariodominicano.ddns.net\/?p=124490"},"modified":"2006-06-11T13:14:29","modified_gmt":"2006-06-11T13:14:29","slug":"el-bid-y-microsoft-corporation-formalizaron-un-acuerdo-para-facilitar-el-acceso-a-los-beneficios-de-las-tecnologias-de-la-informacion-y-comunicacion-para-los-habitantes-y-las-ins","status":"publish","type":"post","link":"https:\/\/diariodominicano.com\/?p=124490","title":{"rendered":"El BID  y Microsoft Corporation formalizaron un acuerdo para facilitar el acceso a los beneficios de las tecnolog\u00edas de la informaci\u00f3n y comunicaci\u00f3n  para los habitantes y las ins"},"content":{"rendered":"<p><body><\/p>\n<p align=\"justify\" class=\"titulogrande1\">El BID \u00a0y Microsoft Corporation formalizaron un  acuerdo para facilitar el acceso a los beneficios de las tecnolog\u00edas de la informaci\u00f3n  y comunicaci\u00f3n \u00a0para los habitantes y las  instituciones de Am\u00e9rica Latina y el Caribe<\/p>\n<p>&#13;<\/p>\n<p align=\"justify\" class=\"text1noticias\"><span class=\"textogrande\"><em>Primer acuerdo  del BID con una empresa del sector tecnol\u00f3gico para apoyar el crecimiento  econ\u00f3mico de la regi\u00f3n y su participaci\u00f3n en la econom\u00eda globalizada <\/em><\/span><br \/>&#13;<br \/>\n  <br \/>&#13;<br \/>\n  WASHINGTON.- El  Banco Interamericano de Desarrollo y Microsoft Corporation formalizaron un  acuerdo para facilitar el acceso a los beneficios de las tecnolog\u00edas de la  informaci\u00f3n y comunicaci\u00f3n (TIC) para los habitantes y las instituciones de  Am\u00e9rica Latina y el Caribe.<br \/>&#13;<br \/>\n  <br \/>&#13;<br \/>\n  El acuerdo  firmado por el presidente del BID, Luis Alberto Moreno, y el vicepresidente  senior de Microsoft, Orlando Ayala, contribuir\u00e1 a la competitividad y el  desarrollo social y econ\u00f3mico de la regi\u00f3n mediante el impulso de la ciencia y  la tecnolog\u00eda. <br \/>&#13;<br \/>\n  <br \/>&#13;<br \/>\n\u201cEl proceso de  desarrollo no es sostenible sin el aporte del sector privado, motor de las  inversiones, la innovaci\u00f3n, la productividad y el empleo\u201d, afirm\u00f3 Moreno.  \u201cNuestra alianza estrat\u00e9gica con las empresas es crucial para promover el  crecimiento y el empleo en Am\u00e9rica Latina y el Caribe\u201d. <br \/>&#13;<br \/>\n<br \/>&#13;<br \/>\n\u201cLa innovaci\u00f3n  progresiva, cient\u00edfica y tecnol\u00f3gica propulsa la econom\u00eda global del  conocimiento\u00a0 mientras nuevas ideas crean nuevos negocios y trabajos que  mejoran la productividad de los negocios y mejoran el bienestar de las  personas\u201d, dijo Orlando Ayala. \u201cMicrosoft est\u00e1 comprometido a formar alianzas  con organizaciones como el BID para construir una fuerte y sostenible  infraestructura que le permite a ciudadanos, los negocios, los gobiernos y las  naciones llegar a ser m\u00e1s competitivos\u201d.<br \/>&#13;<br \/>\n<br \/>&#13;<br \/>\nEl acuerdo  define seis \u00e1reas estrat\u00e9gicas de inter\u00e9s com\u00fan para el BID y Microsoft, que  constituyen el marco para el desarrollo de proyectos espec\u00edficos que se ir\u00e1n  elaborando y anunciando paulatinamente.\u00a0 Estas \u00e1reas son:<\/p>\n<p>&#13;<\/p>\n<div align=\"justify\">&#13;<\/p>\n<ul type=\"disc\">&#13;<\/p>\n<li class=\"text1noticias\">Gobierno electr\u00f3nico<\/li>\n<p>&#13;<\/p>\n<li class=\"text1noticias\">Seguridad de TIC para el sector p\u00fablico<\/li>\n<p>&#13;<\/p>\n<li class=\"text1noticias\">Fortalecimiento de la capacidad cient\u00edfica y       tecnol\u00f3gica<\/li>\n<p>&#13;<\/p>\n<li class=\"text1noticias\">Educaci\u00f3n<\/li>\n<p>&#13;<\/p>\n<li class=\"text1noticias\">Remesas y microfinanzas<\/li>\n<p>&#13;<\/p>\n<li class=\"text1noticias\">Juventud, tecnolog\u00eda e inclusi\u00f3n social.<\/li>\n<p>&#13;\n  <\/ul>\n<p>&#13;\n<\/p><\/div>\n<p>&#13;<\/p>\n<p align=\"justify\" class=\"text1noticias\">Actualmente se  est\u00e1n elaborando proyectos espec\u00edficos bajo cada una de dichas \u00e1reas.\u00a0  Bajo el tema de seguridad de TIC para el sector p\u00fablico, ya se han realizado  seminarios conjuntos del BID y Microsoft con entidades de gobiernos en la  regi\u00f3n. Un objetivo en este caso ser\u00e1 llevar a cabo un programa regional de  capacitaci\u00f3n en seguridad inform\u00e1tica para el sector p\u00fablico de Am\u00e9rica Latina  y el Caribe.<br \/>&#13;<br \/>\n  <br \/>&#13;<br \/>\n  Recientemente  tambi\u00e9n se anunci\u00f3 la creaci\u00f3n por parte del BID del \u201cPrograma de Desarrollo  Juvenil para la Innovaci\u00f3n y Acci\u00f3n Social\u201d, para el cual Microsoft ya ha  comprometido su apoyo t\u00e9cnico y financiero.\u00a0 Este programa tendr\u00e1 \u00e9nfasis  especial en grupos juveniles socialmente excluidos, la juventud de \u00e1reas  rurales y de bajos ingresos, y se enfocar\u00e1 en tres \u00e1reas principales:\u00a0  microempresa (de negocio y social); tecnolog\u00eda de la informaci\u00f3n y comunicaci\u00f3n  para el desarrollo; y desarrollo comunitario y voluntariado.<br \/>&#13;<br \/>\n  <br \/>&#13;<br \/>\n  En general los  proyectos a ser ejecutados en el marco del acuerdo, buscar\u00e1n la creaci\u00f3n  conjunta de conceptos y mecanismos innovadores, proyectos piloto,  complementaci\u00f3n de esfuerzos e inversiones, y la identificaci\u00f3n temprana de  nuevos retos en el desarrollo de la regi\u00f3n donde las TIC puedan aportar  soluciones e impacto positivo. <br \/>&#13;<br \/>\n  <br \/>&#13;<br \/>\n  El acuerdo  forma parte y contribuir\u00e1 a instrumentar la \u201cFacilidad de Tecnolog\u00eda de  Informaci\u00f3n y Comunicaci\u00f3n para el Desarrollo\u201d que se encuentra en proceso de  preparaci\u00f3n. El objetivo de esta facilidad\u00a0 es la creaci\u00f3n del instrumento  institucional que permitir\u00e1 al BID el desarrollo de alianzas p\u00fablico privadas  con empresas l\u00edderes en tecnolog\u00eda, conducentes al apalancamiento de los  recursos financieros y t\u00e9cnicos disponibles para operaciones de cooperaci\u00f3n  t\u00e9cnica para la regi\u00f3n.<br \/>&#13;<br \/>\n  <br \/>&#13;<br \/>\n  <strong>El Banco  Interamericano de Desarrollo<\/strong> es la m\u00e1s antigua y mayor instituci\u00f3n de  desarrollo regional multilateral y principal fuente de financiamiento  multilateral de Am\u00e9rica Latina y el Caribe. Promueve el desarrollo social y  econ\u00f3mico y contribuye a reducir la pobreza y a fortalecer las instituciones  democr\u00e1ticas en los pa\u00edses de la regi\u00f3n.<br \/>&#13;<br \/>\n  <br \/>&#13;<br \/>\n  <strong>Microsoft<\/strong> (Nasdaq \u201cMSFT\u201d),  fundada en 1975, es l\u00edder mundial en servicios y soluciones de software que  ayudan a las personas y a las empresas a desarrollar su potencial en pleno.<\/p>\n<h6> 2006-06-11 13:14:29 <\/h6>\n<p><!--\n<link rel=\"stylesheet\" href=\"css\/bootstrap.min.css\">\n\n\n<ul class=\"pagination\">\n\t    \n\t\n\n<li >\n\t<a href='?page_no=30369'>Previous<\/a>\n\t<\/li>\n\n\n       \n    \n\n<li><a href='?page_no=1'>1<\/a><\/li>\n\n\n\n<li><a href='?page_no=2'>2<\/a><\/li>\n\n\n\n<li><a>...<\/a><\/li>\n\n\n\n<li><a href='?page_no=30368'>30368<\/a><\/li>\n\n\n\n<li><a href='?page_no=30369'>30369<\/a><\/li>\n\n\n\n<li class='active'><a>30370<\/a><\/li>\n\n\n\n<li><a href='?page_no=30371'>30371<\/a><\/li>\n\n\n\n<li><a href='?page_no=30372'>30372<\/a><\/li>\n\n\n\n<li><a>...<\/a><\/li>\n\n\n\n<li><a href='?page_no=30472'>30472<\/a><\/li>\n\n\n\n<li><a href='?page_no=30473'>30473<\/a><\/li>\n\n    \n\t\n\n<li >\n\t<a href='?page_no=30371'>Next<\/a>\n\t<\/li>\n\n\n    \n\n<li><a href='?page_no=30473'>Last &rsaquo;&rsaquo;<\/a><\/li>\n\n<\/ul>\n\n\n--><br \/>\n<\/body><\/p>\n","protected":false},"excerpt":{"rendered":"<p>El BID \u00a0y Microsoft Corporation formalizaron un acuerdo para facilitar el acceso a los beneficios de las tecnolog\u00edas de la informaci\u00f3n y comunicaci\u00f3n \u00a0para los habitantes y las instituciones de Am\u00e9rica Latina y el Caribe &#13; Primer acuerdo del BID con una empresa del sector tecnol\u00f3gico para apoyar el crecimiento econ\u00f3mico de la regi\u00f3n y [&hellip;]<\/p>\n","protected":false},"author":3,"featured_media":0,"comment_status":"open","ping_status":"open","sticky":false,"template":"","format":"standard","meta":{"footnotes":""},"categories":[18],"tags":[],"class_list":["post-124490","post","type-post","status-publish","format-standard","hentry","category-economia"],"_links":{"self":[{"href":"https:\/\/diariodominicano.com\/index.php?rest_route=\/wp\/v2\/posts\/124490","targetHints":{"allow":["GET"]}}],"collection":[{"href":"https:\/\/diariodominicano.com\/index.php?rest_route=\/wp\/v2\/posts"}],"about":[{"href":"https:\/\/diariodominicano.com\/index.php?rest_route=\/wp\/v2\/types\/post"}],"author":[{"embeddable":true,"href":"https:\/\/diariodominicano.com\/index.php?rest_route=\/wp\/v2\/users\/3"}],"replies":[{"embeddable":true,"href":"https:\/\/diariodominicano.com\/index.php?rest_route=%2Fwp%2Fv2%2Fcomments&post=124490"}],"version-history":[{"count":0,"href":"https:\/\/diariodominicano.com\/index.php?rest_route=\/wp\/v2\/posts\/124490\/revisions"}],"wp:attachment":[{"href":"https:\/\/diariodominicano.com\/index.php?rest_route=%2Fwp%2Fv2%2Fmedia&parent=124490"}],"wp:term":[{"taxonomy":"category","embeddable":true,"href":"https:\/\/diariodominicano.com\/index.php?rest_route=%2Fwp%2Fv2%2Fcategories&post=124490"},{"taxonomy":"post_tag","embeddable":true,"href":"https:\/\/diariodominicano.com\/index.php?rest_route=%2Fwp%2Fv2%2Ftags&post=124490"}],"curies":[{"name":"wp","href":"https:\/\/api.w.org\/{rel}","templated":true}]}}