{"id":124487,"date":"2006-06-12T11:18:15","date_gmt":"2006-06-12T11:18:15","guid":{"rendered":"http:\/\/diariodominicano.ddns.net\/?p=124487"},"modified":"2006-06-12T11:18:15","modified_gmt":"2006-06-12T11:18:15","slug":"el-bid-apoya-un-proyecto-de-turismo-rural-comunitario-en-costa-rica","status":"publish","type":"post","link":"https:\/\/diariodominicano.com\/?p=124487","title":{"rendered":"El BID apoya un proyecto de turismo rural comunitario en Costa Rica"},"content":{"rendered":"<p><body><\/p>\n<p align=\"justify\" class=\"titulogrande1\">El BID apoya un  proyecto de turismo rural comunitario  en Costa Rica <\/p>\n<p>&#13;<\/p>\n<p align=\"justify\" class=\"text1noticias\">WASHINGTON.- El  Fondo Multilateral de Inversiones  del Banco Interamericano de Desarrollo anunci\u00f3\u00a0  la aprobaci\u00f3n de una donaci\u00f3n de 1.092.048 d\u00f3lares al Consorcio  Cooperativo Red Ecotur\u00edstica Nacional (COOPRENA) de Costa Rica para apoyar un proyecto de turismo rural comunitario.<br \/>&#13;<br \/>\n  <br \/>&#13;<br \/>\n  El turismo  rural comunitario se basa en experiencias tur\u00edsticas planificadas e integradas  sosteniblemente al medio rural, desarrolladas por pobladores locales y organizados  para beneficio de sus comunidades. Esta modalidad es uno de los nuevos  productos prioritarios\u00a0 para el\u00a0 Instituto Costarricense de Turismo.<br \/>&#13;<br \/>\n  <br \/>&#13;<br \/>\n  La iniciativa  respaldada por el FOMIN contribuir\u00e1 a consolidar y ampliar una oferta tur\u00edstica  comunitaria, innovadora y sostenible basada en un modelo de red de cooperativas  y organizaciones de la econom\u00eda social, para lograr que las comunidades rurales  integrantes de COOPRENA sean competitivas en sus emprendimientos bajo esquemas  de integraci\u00f3n empresarial.<br \/>&#13;<br \/>\n  <br \/>&#13;<br \/>\n  El proyecto  beneficiar\u00e1 directamente al menos a 400 personas agrupadas en aproximadamente  100 familias rurales, las cuales recibir\u00e1n asistencia t\u00e9cnica y asesoramiento  para mejorar la competitividad de sus productos de turismo rural comunitario.<br \/>&#13;<br \/>\n  <br \/>&#13;<br \/>\n  Para asegurar  el acceso a fondos, principalmente en rubros de inversi\u00f3n en obras y equipos  para los beneficiarios, COOPRENA firmar\u00e1 un acuerdo de colaboraci\u00f3n con el  Instituto de Fomento Cooperativo<strong>.<\/strong><br \/>&#13;<br \/>\n  <br \/>&#13;<br \/>\n  El FOMIN espera  que el proyecto tenga efecto demostrativo para contribuir indirectamente, a  trav\u00e9s de la red cooperativa a la cual pertenece COOPRENA, a replicar la  experiencia en otros pa\u00edses de Am\u00e9rica Central. <br \/>&#13;<br \/>\n  <br \/>&#13;<br \/>\n\u201cCon esta  operaci\u00f3n, el FOMIN contribuye hacia el logro de importantes objetivos de la  pol\u00edtica productiva del nuevo gobierno:\u00a0la reducci\u00f3n de la brecha de  oportunidades y de las tasas de pobreza por la v\u00eda del mejoramiento de la  competitividad, el impulso a las peque\u00f1as y medianas empresas tur\u00edsticas en  zonas rurales, los encadenamientos productivos y, en \u00faltima instancia, la  creaci\u00f3n de m\u00e1s y mejores empleos para los costarricenses\u201d, coment\u00f3 Alberto  Franco Mej\u00eda, representante de Costa Rica en el Directorio Ejecutivo del BID.<br \/>&#13;<br \/>\n<br \/>&#13;<br \/>\n\u201cAdicionalmente,  este programa respalda la pol\u00edtica de sostenibilidad ambiental de la nueva  administraci\u00f3n, al promover m\u00e9todos de producci\u00f3n sostenible que refuerzan la  reputaci\u00f3n de Costa Rica como naci\u00f3n ejemplar comprometida con la protecci\u00f3n de  sus recursos naturales cr\u00edticos\u201d, agreg\u00f3.<br \/>&#13;<br \/>\n<br \/>&#13;<br \/>\nEl FOMIN, un  fondo aut\u00f3nomo administrado por el BID, apoya el desarrollo del sector privado  en Am\u00e9rica Latina y el Caribe, con \u00e9nfasis en la micro y peque\u00f1a empresa.<\/p>\n<p>&#13;<\/p>\n<h6> 2006-06-12 11:18:15 <\/h6>\n<p><!--\n<link rel=\"stylesheet\" href=\"css\/bootstrap.min.css\">\n\n\n<ul class=\"pagination\">\n\t    \n\t\n\n<li >\n\t<a href='?page_no=30366'>Previous<\/a>\n\t<\/li>\n\n\n       \n    \n\n<li><a href='?page_no=1'>1<\/a><\/li>\n\n\n\n<li><a href='?page_no=2'>2<\/a><\/li>\n\n\n\n<li><a>...<\/a><\/li>\n\n\n\n<li><a href='?page_no=30365'>30365<\/a><\/li>\n\n\n\n<li><a href='?page_no=30366'>30366<\/a><\/li>\n\n\n\n<li class='active'><a>30367<\/a><\/li>\n\n\n\n<li><a href='?page_no=30368'>30368<\/a><\/li>\n\n\n\n<li><a href='?page_no=30369'>30369<\/a><\/li>\n\n\n\n<li><a>...<\/a><\/li>\n\n\n\n<li><a href='?page_no=30472'>30472<\/a><\/li>\n\n\n\n<li><a href='?page_no=30473'>30473<\/a><\/li>\n\n    \n\t\n\n<li >\n\t<a href='?page_no=30368'>Next<\/a>\n\t<\/li>\n\n\n    \n\n<li><a href='?page_no=30473'>Last &rsaquo;&rsaquo;<\/a><\/li>\n\n<\/ul>\n\n\n--><br \/>\n<\/body><\/p>\n","protected":false},"excerpt":{"rendered":"<p>El BID apoya un proyecto de turismo rural comunitario en Costa Rica &#13; WASHINGTON.- El Fondo Multilateral de Inversiones del Banco Interamericano de Desarrollo anunci\u00f3\u00a0 la aprobaci\u00f3n de una donaci\u00f3n de 1.092.048 d\u00f3lares al Consorcio Cooperativo Red Ecotur\u00edstica Nacional (COOPRENA) de Costa Rica para apoyar un proyecto de turismo rural comunitario.&#13; &#13; El turismo rural [&hellip;]<\/p>\n","protected":false},"author":3,"featured_media":0,"comment_status":"open","ping_status":"open","sticky":false,"template":"","format":"standard","meta":{"footnotes":""},"categories":[18],"tags":[],"class_list":["post-124487","post","type-post","status-publish","format-standard","hentry","category-economia"],"_links":{"self":[{"href":"https:\/\/diariodominicano.com\/index.php?rest_route=\/wp\/v2\/posts\/124487","targetHints":{"allow":["GET"]}}],"collection":[{"href":"https:\/\/diariodominicano.com\/index.php?rest_route=\/wp\/v2\/posts"}],"about":[{"href":"https:\/\/diariodominicano.com\/index.php?rest_route=\/wp\/v2\/types\/post"}],"author":[{"embeddable":true,"href":"https:\/\/diariodominicano.com\/index.php?rest_route=\/wp\/v2\/users\/3"}],"replies":[{"embeddable":true,"href":"https:\/\/diariodominicano.com\/index.php?rest_route=%2Fwp%2Fv2%2Fcomments&post=124487"}],"version-history":[{"count":0,"href":"https:\/\/diariodominicano.com\/index.php?rest_route=\/wp\/v2\/posts\/124487\/revisions"}],"wp:attachment":[{"href":"https:\/\/diariodominicano.com\/index.php?rest_route=%2Fwp%2Fv2%2Fmedia&parent=124487"}],"wp:term":[{"taxonomy":"category","embeddable":true,"href":"https:\/\/diariodominicano.com\/index.php?rest_route=%2Fwp%2Fv2%2Fcategories&post=124487"},{"taxonomy":"post_tag","embeddable":true,"href":"https:\/\/diariodominicano.com\/index.php?rest_route=%2Fwp%2Fv2%2Ftags&post=124487"}],"curies":[{"name":"wp","href":"https:\/\/api.w.org\/{rel}","templated":true}]}}