{"id":124483,"date":"2006-06-14T12:07:01","date_gmt":"2006-06-14T12:07:01","guid":{"rendered":"http:\/\/diariodominicano.ddns.net\/?p=124483"},"modified":"2006-06-14T12:07:01","modified_gmt":"2006-06-14T12:07:01","slug":"el-fondo-monetario-internacional-calcula-que-el-crecimiento-de-la-economia-mundial-sera-este-ano-de-cinco-por-ciento","status":"publish","type":"post","link":"https:\/\/diariodominicano.com\/?p=124483","title":{"rendered":"El Fondo Monetario Internacional calcula que el crecimiento de la econom\u00eda mundial ser\u00e1 este a\u00f1o de cinco por ciento"},"content":{"rendered":"<p><body><\/p>\n<p align=\"justify\" class=\"titulogrande1\">El Fondo Monetario Internacional calcula que el crecimiento  de la econom\u00eda mundial ser\u00e1 este a\u00f1o de cinco por ciento<\/p>\n<p>&#13;<\/p>\n<p align=\"justify\" class=\"text1noticias\">SAN Petersburgo.- El Fondo Monetario Internacional (FMI)  calcula que el crecimiento de la econom\u00eda mundial ser\u00e1 este a\u00f1o en torno al  cinco por ciento, inform\u00f3 hoy la subdirectora gerente de la instituci\u00f3n, Anne  Krueger. <br \/>&#13;<br \/>\n  <br \/>&#13;<br \/>\n  De esta forma, el Producto  Interior Bruto (PIB) mundial ser\u00e1 por curto a\u00f1o consecutivo superior al cuatro  por ciento, dijo Krueger en su intervenci\u00f3n en el X Foro Econ\u00f3mico Mundial de  San Petersburgo, que se inaugur\u00f3 hoy en la antigua capital de los zares. <br \/>&#13;<br \/>\n  <br \/>&#13;<br \/>\n  La funcionaria destac\u00f3 que las  econom\u00edas de muchos pa\u00edses de la pos-sovi\u00e9tica comunidad de Estados  Independientes (CEI) crecen a ritmos superiores a la media mundial, y dijo que  el FMI espera que esta tendencia se mantenga este a\u00f1o. <br \/>&#13;<br \/>\n  <br \/>&#13;<br \/>\n  Al mismo tiempo, Krueger  advirti\u00f3 sobre la existencia de una serie de factores que \u201c pueden conducir a  que los ritmos de crecimiento del PIB mundial sean inferiores a lo esperado \u201d. <br \/>&#13;<br \/>\n  <br \/>&#13;<br \/>\n  Estos factores son el creciente  desequilibrio en el mundo, las discrepancias en las negociaciones en el seno  del FMI, los problemas geopol\u00edticos, los altos precios del petr\u00f3leo y el  problema de la fiebre aviar, indic\u00f3, seg\u00fan la agencia Interfax. <br \/>&#13;<br \/>\n  <br \/>&#13;<br \/>\n  La subdirectora gerente del FMI  calific\u00f3 la \u201c reacci\u00f3n flexible \u201d como el mecanismo clave para minimizar las  perdidas ocasionadas por esos factores negativos. <br \/>&#13;<br \/>\n  <br \/>&#13;<br \/>\n\u201c La flexibilidad hace que las  econom\u00edas sean menos sensibles al el descenso, pues sabemos que habr\u00e1 descenso,  pero no sabemos cu\u00e1ndo. Lamentablemente, los ciclos se mantienen \u201d , se\u00f1al\u00f3. <br \/>&#13;<br \/>\n<br \/>&#13;<br \/>\nAgreg\u00f3 que los pa\u00edses que  durante largos periodos de tiempo mantienen altos ritmos de crecimiento han  puesto en marcha y siguen emprendiendo \u201c ambiciosas reformas \u201d . <br \/>&#13;<br \/>\n<br \/>&#13;<br \/>\nKrueger se\u00f1al\u00f3 que la baja  inflaci\u00f3n es otro factor clave para alcanzar altos ritmos de crecimiento, al  recordar que en los pa\u00edses en desarrollo la inflaci\u00f3n de redujo de unos 80 por  ciento anuales a principios de la d\u00e9cada de 1990 a un 6% este a\u00f1o. <br \/>&#13;<br \/>\n<br \/>&#13;<br \/>\nAdem\u00e1s, subray\u00f3 que las tasas  flexibles de cambio de las divisas contribuyen asimismo al crecimiento, pues \u201c  son un colch\u00f3n magn\u00edfico ante las conmociones externas \u201d . <br \/>&#13;<br \/>\n<br \/>&#13;<br \/>\nLa subdirectora del FMI tambi\u00e9n  destaco la necesidad de desarrollar el sector financiero, que calific\u00f3 de \u201c  factor clave de la estabilidad macroecon\u00f3mica \u201d , y a\u00f1adi\u00f3 que para su  fortalecimiento \u201c es crucial la transparencia \u201d . <br \/>&#13;<br \/>\n<br \/>&#13;<br \/>\nEn el caso de Rusia, Krueger  resalt\u00f3 la urgencia de simplificar las trabas burocr\u00e1ticas administrativas, al  se\u00f1alar que si bien en Australia se tarda dos d\u00edas en abrir un nuevo negocio, y  en EU cinco d\u00edas, en Rusia esa tarea requiere nada menos que 33 d\u00edas. <br \/>&#13;<br \/>\n<br \/>&#13;<br \/>\nEn canto a la actividad de  Fondo Monetario Internacional, Krueger inform\u00f3 de que en abril pasado se  decidi\u00f3 poner en marcha un nuevo proceso de consultas multilaterales sobre la  necesidad de reducir los desequilibrios globales.<\/p>\n<h6> 2006-06-14 12:07:01 <\/h6>\n<p><!--\n<link rel=\"stylesheet\" href=\"css\/bootstrap.min.css\">\n\n\n<ul class=\"pagination\">\n\t    \n\t\n\n<li >\n\t<a href='?page_no=30362'>Previous<\/a>\n\t<\/li>\n\n\n       \n    \n\n<li><a href='?page_no=1'>1<\/a><\/li>\n\n\n\n<li><a href='?page_no=2'>2<\/a><\/li>\n\n\n\n<li><a>...<\/a><\/li>\n\n\n\n<li><a href='?page_no=30361'>30361<\/a><\/li>\n\n\n\n<li><a href='?page_no=30362'>30362<\/a><\/li>\n\n\n\n<li class='active'><a>30363<\/a><\/li>\n\n\n\n<li><a href='?page_no=30364'>30364<\/a><\/li>\n\n\n\n<li><a href='?page_no=30365'>30365<\/a><\/li>\n\n\n\n<li><a>...<\/a><\/li>\n\n\n\n<li><a href='?page_no=30472'>30472<\/a><\/li>\n\n\n\n<li><a href='?page_no=30473'>30473<\/a><\/li>\n\n    \n\t\n\n<li >\n\t<a href='?page_no=30364'>Next<\/a>\n\t<\/li>\n\n\n    \n\n<li><a href='?page_no=30473'>Last &rsaquo;&rsaquo;<\/a><\/li>\n\n<\/ul>\n\n\n--><br \/>\n<\/body><\/p>\n","protected":false},"excerpt":{"rendered":"<p>El Fondo Monetario Internacional calcula que el crecimiento de la econom\u00eda mundial ser\u00e1 este a\u00f1o de cinco por ciento &#13; SAN Petersburgo.- El Fondo Monetario Internacional (FMI) calcula que el crecimiento de la econom\u00eda mundial ser\u00e1 este a\u00f1o en torno al cinco por ciento, inform\u00f3 hoy la subdirectora gerente de la instituci\u00f3n, Anne Krueger. &#13; [&hellip;]<\/p>\n","protected":false},"author":3,"featured_media":0,"comment_status":"open","ping_status":"open","sticky":false,"template":"","format":"standard","meta":{"footnotes":""},"categories":[18],"tags":[],"class_list":["post-124483","post","type-post","status-publish","format-standard","hentry","category-economia"],"_links":{"self":[{"href":"https:\/\/diariodominicano.com\/index.php?rest_route=\/wp\/v2\/posts\/124483","targetHints":{"allow":["GET"]}}],"collection":[{"href":"https:\/\/diariodominicano.com\/index.php?rest_route=\/wp\/v2\/posts"}],"about":[{"href":"https:\/\/diariodominicano.com\/index.php?rest_route=\/wp\/v2\/types\/post"}],"author":[{"embeddable":true,"href":"https:\/\/diariodominicano.com\/index.php?rest_route=\/wp\/v2\/users\/3"}],"replies":[{"embeddable":true,"href":"https:\/\/diariodominicano.com\/index.php?rest_route=%2Fwp%2Fv2%2Fcomments&post=124483"}],"version-history":[{"count":0,"href":"https:\/\/diariodominicano.com\/index.php?rest_route=\/wp\/v2\/posts\/124483\/revisions"}],"wp:attachment":[{"href":"https:\/\/diariodominicano.com\/index.php?rest_route=%2Fwp%2Fv2%2Fmedia&parent=124483"}],"wp:term":[{"taxonomy":"category","embeddable":true,"href":"https:\/\/diariodominicano.com\/index.php?rest_route=%2Fwp%2Fv2%2Fcategories&post=124483"},{"taxonomy":"post_tag","embeddable":true,"href":"https:\/\/diariodominicano.com\/index.php?rest_route=%2Fwp%2Fv2%2Ftags&post=124483"}],"curies":[{"name":"wp","href":"https:\/\/api.w.org\/{rel}","templated":true}]}}