{"id":124482,"date":"2006-06-15T15:56:42","date_gmt":"2006-06-15T15:56:42","guid":{"rendered":"http:\/\/diariodominicano.ddns.net\/?p=124482"},"modified":"2006-06-15T15:56:42","modified_gmt":"2006-06-15T15:56:42","slug":"miguel-cocco-destaca-importancia-de-la-autonomia-de-la-direccion-de-aduanas","status":"publish","type":"post","link":"https:\/\/diariodominicano.com\/?p=124482","title":{"rendered":"Miguel Cocco destaca importancia de la autonom\u00eda de la Direcci\u00f3n de Aduanas"},"content":{"rendered":"<p><body><\/p>\n<p align=\"justify\" class=\"titulogrande1\">Miguel  Cocco destaca importancia de la autonom\u00eda de la Direcci\u00f3n de Aduanas<\/p>\n<p>&#13;<\/p>\n<p align=\"justify\" class=\"text1noticias\">SANTO  DOMINGO.- El licenciado Miguel Cocco garantiz\u00f3 el mi\u00e9rcoles \u00a0un ejercicio honesto de la autonom\u00eda  financiera de la   Direcci\u00f3n General de Aduanas (DGA).<br \/>&#13;<br \/>\n  <br \/>&#13;<br \/>\n  El  Senado convirti\u00f3 en ley el pasado martes el proyecto que dispone la autonom\u00eda  presupuestaria, funcional, t\u00e9cnica, administrativa y patrimonial de las  direcciones generales de Aduanas y de Impuestos Internos (DGII).<br \/>&#13;<br \/>\n  <br \/>&#13;<br \/>\n  La  pieza legislativa, previamente aprobada por la C\u00e1mara de Diputados, pasar\u00e1  ahora al Poder Ejecutivo para su promulgaci\u00f3n.<br \/>&#13;<br \/>\n  <br \/>&#13;<br \/>\n  Miguel  Cocco cit\u00f3 entre las ventajas que proporcionar\u00e1 la autonom\u00eda de la DGA, la aceleraci\u00f3n del  proceso de automatizaci\u00f3n inform\u00e1tica, y que los exportadores nacionales podr\u00e1n  recibir en menos de 30 d\u00edas el reembolso de los fondos del impuesto en valores  que les fueren retenidos.<br \/>&#13;<br \/>\n  <br \/>&#13;<br \/>\n  Adem\u00e1s,  permitir\u00e1 una mayor holgura econ\u00f3mica a la instituci\u00f3n, ya que su presupuesto  crece en la misma medida en que crecen las importaciones.<br \/>&#13;<br \/>\n  <br \/>&#13;<br \/>\n  El  director general de Aduanas precis\u00f3 que esa entidad recaudadora seguir\u00e1 siendo  supervisada por la   Contralor\u00eda General de la Rep\u00fablica y por la C\u00e1mara de Cuentas.<br \/>&#13;<br \/>\n  <br \/>&#13;<br \/>\n  El  Senado aprob\u00f3 la noche del martes \u00a0en dos lecturas consecutivas dos \u00a0proyectos que dan autonom\u00eda a las direcciones  Aduanas e Impuestos Internos, aspectos necesarios para la entrada en vigencia  del Tratado de Libre Comercio con Estados Unidos y Centroam\u00e9rica (DR-CAFTA),  atendiendo el informe favorable de una comisi\u00f3n especial que rindi\u00f3 un informe  ante el hemiciclo.<br \/>&#13;<br \/>\n  <br \/>&#13;<br \/>\n\u00a0Los proyectos que otorgan autonom\u00eda presupuestaria y financiera a las  direcciones General de Aduanas e Impuestos Internos, proced\u00edan de la C\u00e1mara de Diputados, por lo  que pasar\u00e1n al\u00a0 Poder Ejecutivo, para que dentro del plazo constitucional  la promulgue o la devuelva observada al Congreso Nacional.<br \/>&#13;<br \/>\n  <br \/>&#13;<br \/>\n  Los directivos de ambas dependencias, Miguel Cocco y Juan Hern\u00e1ndez, se\u00a0  reunieron con la comisi\u00f3n de Finanzas del Senado para solicitar que se  agilizar\u00e1 su conocimiento.<br \/>&#13;<br \/>\n  <br \/>&#13;<br \/>\n  El licenciado Cocco reiter\u00f3 que con la autonom\u00eda de esas dependencias el pa\u00eds  \u201cse coloca a niveles de las exigencias de un esp\u00edritu de competitividad y  modernidad indispensables para los retos del futuro\u201d.<\/p>\n<p>&#13;<\/p>\n<h6> 2006-06-15 15:56:42 <\/h6>\n<p><!--\n<link rel=\"stylesheet\" href=\"css\/bootstrap.min.css\">\n\n\n<ul class=\"pagination\">\n\t    \n\t\n\n<li >\n\t<a href='?page_no=30361'>Previous<\/a>\n\t<\/li>\n\n\n       \n    \n\n<li><a href='?page_no=1'>1<\/a><\/li>\n\n\n\n<li><a href='?page_no=2'>2<\/a><\/li>\n\n\n\n<li><a>...<\/a><\/li>\n\n\n\n<li><a href='?page_no=30360'>30360<\/a><\/li>\n\n\n\n<li><a href='?page_no=30361'>30361<\/a><\/li>\n\n\n\n<li class='active'><a>30362<\/a><\/li>\n\n\n\n<li><a href='?page_no=30363'>30363<\/a><\/li>\n\n\n\n<li><a href='?page_no=30364'>30364<\/a><\/li>\n\n\n\n<li><a>...<\/a><\/li>\n\n\n\n<li><a href='?page_no=30472'>30472<\/a><\/li>\n\n\n\n<li><a href='?page_no=30473'>30473<\/a><\/li>\n\n    \n\t\n\n<li >\n\t<a href='?page_no=30363'>Next<\/a>\n\t<\/li>\n\n\n    \n\n<li><a href='?page_no=30473'>Last &rsaquo;&rsaquo;<\/a><\/li>\n\n<\/ul>\n\n\n--><br \/>\n<\/body><\/p>\n","protected":false},"excerpt":{"rendered":"<p>Miguel Cocco destaca importancia de la autonom\u00eda de la Direcci\u00f3n de Aduanas &#13; SANTO DOMINGO.- El licenciado Miguel Cocco garantiz\u00f3 el mi\u00e9rcoles \u00a0un ejercicio honesto de la autonom\u00eda financiera de la Direcci\u00f3n General de Aduanas (DGA).&#13; &#13; El Senado convirti\u00f3 en ley el pasado martes el proyecto que dispone la autonom\u00eda presupuestaria, funcional, t\u00e9cnica, administrativa [&hellip;]<\/p>\n","protected":false},"author":3,"featured_media":0,"comment_status":"open","ping_status":"open","sticky":false,"template":"","format":"standard","meta":{"footnotes":""},"categories":[18],"tags":[],"class_list":["post-124482","post","type-post","status-publish","format-standard","hentry","category-economia"],"_links":{"self":[{"href":"https:\/\/diariodominicano.com\/index.php?rest_route=\/wp\/v2\/posts\/124482","targetHints":{"allow":["GET"]}}],"collection":[{"href":"https:\/\/diariodominicano.com\/index.php?rest_route=\/wp\/v2\/posts"}],"about":[{"href":"https:\/\/diariodominicano.com\/index.php?rest_route=\/wp\/v2\/types\/post"}],"author":[{"embeddable":true,"href":"https:\/\/diariodominicano.com\/index.php?rest_route=\/wp\/v2\/users\/3"}],"replies":[{"embeddable":true,"href":"https:\/\/diariodominicano.com\/index.php?rest_route=%2Fwp%2Fv2%2Fcomments&post=124482"}],"version-history":[{"count":0,"href":"https:\/\/diariodominicano.com\/index.php?rest_route=\/wp\/v2\/posts\/124482\/revisions"}],"wp:attachment":[{"href":"https:\/\/diariodominicano.com\/index.php?rest_route=%2Fwp%2Fv2%2Fmedia&parent=124482"}],"wp:term":[{"taxonomy":"category","embeddable":true,"href":"https:\/\/diariodominicano.com\/index.php?rest_route=%2Fwp%2Fv2%2Fcategories&post=124482"},{"taxonomy":"post_tag","embeddable":true,"href":"https:\/\/diariodominicano.com\/index.php?rest_route=%2Fwp%2Fv2%2Ftags&post=124482"}],"curies":[{"name":"wp","href":"https:\/\/api.w.org\/{rel}","templated":true}]}}