{"id":124470,"date":"2006-06-22T04:45:29","date_gmt":"2006-06-22T04:45:29","guid":{"rendered":"http:\/\/diariodominicano.ddns.net\/?p=124470"},"modified":"2006-06-22T04:45:29","modified_gmt":"2006-06-22T04:45:29","slug":"el-poder-ejecutivo-promulga-leyes-de-aduanas-e-impuestos-internos","status":"publish","type":"post","link":"https:\/\/diariodominicano.com\/?p=124470","title":{"rendered":"El Poder Ejecutivo promulga leyes de Aduanas e Impuestos Internos"},"content":{"rendered":"<p><body><\/p>\n<p align=\"justify\" class=\"titulogrande1\">El Poder Ejecutivo  promulga leyes de Aduanas e Impuestos Internos<\/p>\n<p>&#13;<\/p>\n<p align=\"justify\" class=\"text1noticias\">SANTO DOMINGO.- El  presidente Leonel Fern\u00e1ndez promulg\u00f3 el lunes las leyes que dan personer\u00eda  jur\u00eddica y autonom\u00eda funcional, presupuestaria, administrativa, t\u00e9cnica y  patrimonio propio a las direcciones generales de Impuestos Internos y de  Aduanas. Las leyes est\u00e1n numeradas 226-06 y 227-06. Estas leyes forman parte de  las exigencias del Fondo Monetario Internacional (FMI), como forma de manejo  transparente de las instituciones recaudadoras del Estado.<br \/>&#13;<br \/>\n  <br \/>&#13;<br \/>\n  La ley establece  un plazo para cumplir con los procedimientos de entrega a los importadores de  las mercanc\u00edas, lo que se traducir\u00e1 en menores costos para el importador. Las  leyes son importantes para la integraci\u00f3n comercial y el aprovechamiento del  Tratado de Libre Comercio con Estados Unidos y Centroam\u00e9rica, a trav\u00e9s de las  cuales Aduanas y la   Direcci\u00f3n de Impuestos Internos tendr\u00e1n una mayor  flexibilidad en la administraci\u00f3n y recaudaci\u00f3n de tributos.<br \/>&#13;<br \/>\n  <br \/>&#13;<br \/>\n  Las dos  instituciones tendr\u00e1n autonom\u00eda funcional y financiera para impulsar su proceso  de modernizaci\u00f3n seg\u00fan las exigencias que la globalizaci\u00f3n econ\u00f3mica les  plantea a corto y largo plazos.<br \/>&#13;<br \/>\n  <br \/>&#13;<br \/>\n  La nueva ley  permitir\u00e1 a Aduanas enfrentar los cambios que habr\u00e1n de producirse en el  comercio exterior producto de los procesos de apertura e integraci\u00f3n econ\u00f3mica.  Las dos instituciones podr\u00e1n disminuir gastos administrativos generados por la  duplicidad de funciones, as\u00ed como simplificar los procedimientos tributarios.<br \/>&#13;<br \/>\n  <br \/>&#13;<br \/>\n  La nueva ley sobre  Aduanas, establece que la instituci\u00f3n tendr\u00e1 capacidad jur\u00eddica para adquirir  derechos y contratar obligaciones, realizar actos y ejercer los mandatos de  esta ley.<br \/>&#13;<br \/>\n  <br \/>&#13;<br \/>\n  La legislaci\u00f3n  establece que Aduanas ser\u00e1 la entidad encargada de la recaudaci\u00f3n y  administraci\u00f3n de todos los tributos y derechos relacionados con el comercio  exterior, debiendo asegurar y velar por la correcta aplicaci\u00f3n de las leyes que  incidan en el \u00e1mbito de su competencia. Tambi\u00e9n dispone que el presupuesto de  Aduanas est\u00e9 formado por el cuatro por ciento de la recaudaci\u00f3n efectiva  obtenida cada mes por concepto de los tributos del comercio exterior.<br \/>&#13;<br \/>\n  <br \/>&#13;<br \/>\n  De igual modo, se  dispone que el 0.4 por ciento\u00a0 del valor del costo, seguro y flete de las  importaciones, que ser\u00e1 cobrado a los importadores como tasa por servicio  aduanero.<br \/>&#13;<br \/>\n  <br \/>&#13;<br \/>\n  Mientras que la  ley\u00a0 sobre Impuesto Internos\u00a0 establece que el presupuesto de la DGII sea del dos por ciento  de la recaudaci\u00f3n obtenida cada mes, por los tributos administrados.<br \/>&#13;<br \/>\n  <br \/>&#13;<br \/>\n  Asimismo, contempla que el  uso de los excedentes con respecto al presupuesto anual ser\u00e1 sometido a la  aprobaci\u00f3n del Poder Ejecutivo.<\/p>\n<p>&#13;<\/p>\n<h6> 2006-06-22 04:45:29 <\/h6>\n<p><!--\n<link rel=\"stylesheet\" href=\"css\/bootstrap.min.css\">\n\n\n<ul class=\"pagination\">\n\t    \n\t\n\n<li >\n\t<a href='?page_no=30349'>Previous<\/a>\n\t<\/li>\n\n\n       \n    \n\n<li><a href='?page_no=1'>1<\/a><\/li>\n\n\n\n<li><a href='?page_no=2'>2<\/a><\/li>\n\n\n\n<li><a>...<\/a><\/li>\n\n\n\n<li><a href='?page_no=30348'>30348<\/a><\/li>\n\n\n\n<li><a href='?page_no=30349'>30349<\/a><\/li>\n\n\n\n<li class='active'><a>30350<\/a><\/li>\n\n\n\n<li><a href='?page_no=30351'>30351<\/a><\/li>\n\n\n\n<li><a href='?page_no=30352'>30352<\/a><\/li>\n\n\n\n<li><a>...<\/a><\/li>\n\n\n\n<li><a href='?page_no=30472'>30472<\/a><\/li>\n\n\n\n<li><a href='?page_no=30473'>30473<\/a><\/li>\n\n    \n\t\n\n<li >\n\t<a href='?page_no=30351'>Next<\/a>\n\t<\/li>\n\n\n    \n\n<li><a href='?page_no=30473'>Last &rsaquo;&rsaquo;<\/a><\/li>\n\n<\/ul>\n\n\n--><br \/>\n<\/body><\/p>\n","protected":false},"excerpt":{"rendered":"<p>El Poder Ejecutivo promulga leyes de Aduanas e Impuestos Internos &#13; SANTO DOMINGO.- El presidente Leonel Fern\u00e1ndez promulg\u00f3 el lunes las leyes que dan personer\u00eda jur\u00eddica y autonom\u00eda funcional, presupuestaria, administrativa, t\u00e9cnica y patrimonio propio a las direcciones generales de Impuestos Internos y de Aduanas. Las leyes est\u00e1n numeradas 226-06 y 227-06. Estas leyes forman [&hellip;]<\/p>\n","protected":false},"author":3,"featured_media":0,"comment_status":"open","ping_status":"open","sticky":false,"template":"","format":"standard","meta":{"footnotes":""},"categories":[18],"tags":[],"class_list":["post-124470","post","type-post","status-publish","format-standard","hentry","category-economia"],"_links":{"self":[{"href":"https:\/\/diariodominicano.com\/index.php?rest_route=\/wp\/v2\/posts\/124470","targetHints":{"allow":["GET"]}}],"collection":[{"href":"https:\/\/diariodominicano.com\/index.php?rest_route=\/wp\/v2\/posts"}],"about":[{"href":"https:\/\/diariodominicano.com\/index.php?rest_route=\/wp\/v2\/types\/post"}],"author":[{"embeddable":true,"href":"https:\/\/diariodominicano.com\/index.php?rest_route=\/wp\/v2\/users\/3"}],"replies":[{"embeddable":true,"href":"https:\/\/diariodominicano.com\/index.php?rest_route=%2Fwp%2Fv2%2Fcomments&post=124470"}],"version-history":[{"count":0,"href":"https:\/\/diariodominicano.com\/index.php?rest_route=\/wp\/v2\/posts\/124470\/revisions"}],"wp:attachment":[{"href":"https:\/\/diariodominicano.com\/index.php?rest_route=%2Fwp%2Fv2%2Fmedia&parent=124470"}],"wp:term":[{"taxonomy":"category","embeddable":true,"href":"https:\/\/diariodominicano.com\/index.php?rest_route=%2Fwp%2Fv2%2Fcategories&post=124470"},{"taxonomy":"post_tag","embeddable":true,"href":"https:\/\/diariodominicano.com\/index.php?rest_route=%2Fwp%2Fv2%2Ftags&post=124470"}],"curies":[{"name":"wp","href":"https:\/\/api.w.org\/{rel}","templated":true}]}}