{"id":124469,"date":"2006-06-22T04:46:22","date_gmt":"2006-06-22T04:46:22","guid":{"rendered":"http:\/\/diariodominicano.ddns.net\/?p=124469"},"modified":"2006-06-22T04:46:22","modified_gmt":"2006-06-22T04:46:22","slug":"nestle-adquiere-la-firma-jenny-craig","status":"publish","type":"post","link":"https:\/\/diariodominicano.com\/?p=124469","title":{"rendered":"Nestl\u00e9  adquiere  la firma Jenny Craig"},"content":{"rendered":"<p><body><\/p>\n<p align=\"justify\" class=\"titulogrande1\">Nestl\u00e9 \u00a0adquiere\u00a0 la firma Jenny Craig <\/p>\n<p>&#13;<\/p>\n<p align=\"justify\" class=\"text1noticias\">GINEBRA, Suiza.- El grupo alimentario suizo Nestl\u00e9 anunci\u00f3  el lunes \u00a0que ha adquirido por 600  millones de d\u00f3lares (unos 476 millones de euros) la firma Jenny Craig,  especializada en dietas de adelgazamiento que ofrece sus servicios en Estados  Unidos, Canad\u00e1, Australia y Nueva Zelanda. <br \/>&#13;<br \/>\n  <br \/>&#13;<br \/>\n  La compa\u00f1\u00eda suiza, con sede en  Vevey, se\u00f1al\u00f3 mediante un comunicado de prensa que la adquisici\u00f3n sigue los  pasos de la compra el pasado 23 de mayo del grupo de nutrici\u00f3n deportiva Uncle  Toby&#8217;s y demuestra su compromiso para transformarse en una \u201csociedad de nutrici\u00f3n,  de salud y de bienestar \u201d. \u201c El incremento de la obesidad y los des\u00f3rdenes  metab\u00f3licos resultantes son un problema de salud de la mayor importancia, no  s\u00f3lo en EU, sino en todo el mundo. La compra de Jenny Craig nos sit\u00faa en una  posici\u00f3n privilegiada para ayudar a muchos de nuestros consumidores \u201d, se\u00f1al\u00f3  el presidente ejecutivo de Nestl\u00e9, Peter Brabeck. <br \/>&#13;<br \/>\n  <br \/>&#13;<br \/>\n  El grupo helv\u00e9tico indic\u00f3 que  la adquisici\u00f3n reforzar\u00e1 la presencia de Nestl\u00e9 en EU, \u201c el mayor mercado de  nutrici\u00f3n y de control del peso \u201d , y que el equipo de Jenny Craig continuar\u00e1  al mando del negocio adquirido, cuya actividad pasar\u00e1 a ser un nuevo pilar  dentro del sector de nutrici\u00f3n de la compa\u00f1\u00eda. <br \/>&#13;<br \/>\n  <br \/>&#13;<br \/>\n  Jenny Craig, fundada en 1983,  tiene una l\u00ednea de alimentos precocinados y ofrece a los consumidores consejos  nutricionales y programas personalizados para p\u00e9rdida de peso en los m\u00e1s de 600  centros englobados bajo su marca.<\/p>\n<h6> 2006-06-22 04:46:22 <\/h6>\n<p><!--\n<link rel=\"stylesheet\" href=\"css\/bootstrap.min.css\">\n\n\n<ul class=\"pagination\">\n\t    \n\t\n\n<li >\n\t<a href='?page_no=30348'>Previous<\/a>\n\t<\/li>\n\n\n       \n    \n\n<li><a href='?page_no=1'>1<\/a><\/li>\n\n\n\n<li><a href='?page_no=2'>2<\/a><\/li>\n\n\n\n<li><a>...<\/a><\/li>\n\n\n\n<li><a href='?page_no=30347'>30347<\/a><\/li>\n\n\n\n<li><a href='?page_no=30348'>30348<\/a><\/li>\n\n\n\n<li class='active'><a>30349<\/a><\/li>\n\n\n\n<li><a href='?page_no=30350'>30350<\/a><\/li>\n\n\n\n<li><a href='?page_no=30351'>30351<\/a><\/li>\n\n\n\n<li><a>...<\/a><\/li>\n\n\n\n<li><a href='?page_no=30472'>30472<\/a><\/li>\n\n\n\n<li><a href='?page_no=30473'>30473<\/a><\/li>\n\n    \n\t\n\n<li >\n\t<a href='?page_no=30350'>Next<\/a>\n\t<\/li>\n\n\n    \n\n<li><a href='?page_no=30473'>Last &rsaquo;&rsaquo;<\/a><\/li>\n\n<\/ul>\n\n\n--><br \/>\n<\/body><\/p>\n","protected":false},"excerpt":{"rendered":"<p>Nestl\u00e9 \u00a0adquiere\u00a0 la firma Jenny Craig &#13; GINEBRA, Suiza.- El grupo alimentario suizo Nestl\u00e9 anunci\u00f3 el lunes \u00a0que ha adquirido por 600 millones de d\u00f3lares (unos 476 millones de euros) la firma Jenny Craig, especializada en dietas de adelgazamiento que ofrece sus servicios en Estados Unidos, Canad\u00e1, Australia y Nueva Zelanda. &#13; &#13; La compa\u00f1\u00eda [&hellip;]<\/p>\n","protected":false},"author":3,"featured_media":0,"comment_status":"open","ping_status":"open","sticky":false,"template":"","format":"standard","meta":{"footnotes":""},"categories":[18],"tags":[],"class_list":["post-124469","post","type-post","status-publish","format-standard","hentry","category-economia"],"_links":{"self":[{"href":"https:\/\/diariodominicano.com\/index.php?rest_route=\/wp\/v2\/posts\/124469","targetHints":{"allow":["GET"]}}],"collection":[{"href":"https:\/\/diariodominicano.com\/index.php?rest_route=\/wp\/v2\/posts"}],"about":[{"href":"https:\/\/diariodominicano.com\/index.php?rest_route=\/wp\/v2\/types\/post"}],"author":[{"embeddable":true,"href":"https:\/\/diariodominicano.com\/index.php?rest_route=\/wp\/v2\/users\/3"}],"replies":[{"embeddable":true,"href":"https:\/\/diariodominicano.com\/index.php?rest_route=%2Fwp%2Fv2%2Fcomments&post=124469"}],"version-history":[{"count":0,"href":"https:\/\/diariodominicano.com\/index.php?rest_route=\/wp\/v2\/posts\/124469\/revisions"}],"wp:attachment":[{"href":"https:\/\/diariodominicano.com\/index.php?rest_route=%2Fwp%2Fv2%2Fmedia&parent=124469"}],"wp:term":[{"taxonomy":"category","embeddable":true,"href":"https:\/\/diariodominicano.com\/index.php?rest_route=%2Fwp%2Fv2%2Fcategories&post=124469"},{"taxonomy":"post_tag","embeddable":true,"href":"https:\/\/diariodominicano.com\/index.php?rest_route=%2Fwp%2Fv2%2Ftags&post=124469"}],"curies":[{"name":"wp","href":"https:\/\/api.w.org\/{rel}","templated":true}]}}