{"id":124467,"date":"2006-06-22T04:48:18","date_gmt":"2006-06-22T04:48:18","guid":{"rendered":"http:\/\/diariodominicano.ddns.net\/?p=124467"},"modified":"2006-06-22T04:48:18","modified_gmt":"2006-06-22T04:48:18","slug":"siemens-y-nokia-recortaran-nomina","status":"publish","type":"post","link":"https:\/\/diariodominicano.com\/?p=124467","title":{"rendered":"Siemens y Nokia recortar\u00e1n n\u00f3mina"},"content":{"rendered":"<p><body><\/p>\n<p align=\"justify\" class=\"titulogrande1\">Siemens y Nokia recortar\u00e1n n\u00f3mina<\/p>\n<p>&#13;<\/p>\n<p align=\"justify\" class=\"text1noticias\">FRANCFORT.- El grupo industrial alem\u00e1n Siemens y el  fabricante finland\u00e9s de m\u00f3viles Nokia recortar\u00e1n entre 10 y 15% de la plantilla  inicial de 60 mil empleados que tendr\u00e1 la sociedad de riesgo compartido que han  creado para gestionar redes de telecomunicaciones. <br \/>&#13;<br \/>\n  <br \/>&#13;<br \/>\n  El presidente de la empresa  conjunta ser\u00e1 Simon Beresford-Wylie, hasta ahora directivo de Nokia, quien  rehus\u00f3 dar en rueda de prensa detalles de esta reducci\u00f3n de puestos de trabajo  en la nueva empresa, que se llevar\u00e1 a cabo hasta 2010 y no contempla despidos  forzosos pero s\u00ed deslocalizaciones. <br \/>&#13;<br \/>\n  <br \/>&#13;<br \/>\n  La futura Nokia Siemens  Networks ser\u00e1 la tercera compa\u00f1\u00eda de telefon\u00eda fija del mundo, detr\u00e1s de  Ericsson y Marconi, que factura 16 mil 200 millones de euros (20 mil 412 millones  de d\u00f3lares) anuales y del l\u00edder mundial Alcatel y Lucent, con 17 mil 200  millones de euros (21 mil 672 millones de d\u00f3lares) . <br \/>&#13;<br \/>\n  <br \/>&#13;<br \/>\n  La empresa conjunta, en la que  Nokia y Siemens tendr\u00e1n participaciones del 50% respectivamente, facturar\u00e1 casi  16 mil millones de euros (20 mil 160 millones de d\u00f3lares) anuales. <br \/>&#13;<br \/>\n  <br \/>&#13;<br \/>\n  Siemens ya ha aplicado un  fuerte recorte de empleos en las divisiones de telecomunicaciones y de  servicios de tecnolog\u00eda de la informaci\u00f3n, las m\u00e1s grandes en ventas y n\u00fameros  de empleados. <br \/>&#13;<br \/>\n  <br \/>&#13;<br \/>\n  Para Siemens este acuerdo con  Nokia ha sido la mejor soluci\u00f3n para su deficitaria divisi\u00f3n comunicaciones  Com. <br \/>&#13;<br \/>\n  <br \/>&#13;<br \/>\n  Por su parte, el presidente de  Nokia, Olli-Pekka Kallasvuo, a\u00f1adi\u00f3 que la empresa conjunta integrar\u00e1 las redes  de telefon\u00eda m\u00f3vil y fija de ambas y lograr\u00e1 por etapas hasta 2010 unas  sinergias de mil 500 millones de euros (mil 890 millones de d\u00f3lares). <br \/>&#13;<br \/>\n  <br \/>&#13;<br \/>\n  Los costos de reestructuraci\u00f3n  por la reducci\u00f3n de empleos tambi\u00e9n ascender\u00e1n a mil 500 millones de euros y  tres cuartas partes de ellos se aplicar\u00e1n en los pr\u00f3ximos dos a\u00f1os. <br \/>&#13;<br \/>\n  <br \/>&#13;<br \/>\n  Estos efectos de sinergias se  producir\u00e1 por la reducci\u00f3n de costes, sobre todo en las \u00e1reas de investigaci\u00f3n  y desarrollo y en las de ventas y comercializaci\u00f3n de productos, dijo  Kallasvuo. <br \/>&#13;<br \/>\n  <br \/>&#13;<br \/>\n  Nokia Siemens Networks, que  tendr\u00e1 su sede principal en Helsinki, prestar\u00e1 servicios y suministrar\u00e1 equipos  para redes de telefon\u00eda fija y m\u00f3vil y un nuevo producto que combina estos dos  tipos de llamadas con Internet y televisi\u00f3n.<\/p>\n<p>&#13;<\/p>\n<h6> 2006-06-22 04:48:18 <\/h6>\n<p><!--\n<link rel=\"stylesheet\" href=\"css\/bootstrap.min.css\">\n\n\n<ul class=\"pagination\">\n\t    \n\t\n\n<li >\n\t<a href='?page_no=30346'>Previous<\/a>\n\t<\/li>\n\n\n       \n    \n\n<li><a href='?page_no=1'>1<\/a><\/li>\n\n\n\n<li><a href='?page_no=2'>2<\/a><\/li>\n\n\n\n<li><a>...<\/a><\/li>\n\n\n\n<li><a href='?page_no=30345'>30345<\/a><\/li>\n\n\n\n<li><a href='?page_no=30346'>30346<\/a><\/li>\n\n\n\n<li class='active'><a>30347<\/a><\/li>\n\n\n\n<li><a href='?page_no=30348'>30348<\/a><\/li>\n\n\n\n<li><a href='?page_no=30349'>30349<\/a><\/li>\n\n\n\n<li><a>...<\/a><\/li>\n\n\n\n<li><a href='?page_no=30472'>30472<\/a><\/li>\n\n\n\n<li><a href='?page_no=30473'>30473<\/a><\/li>\n\n    \n\t\n\n<li >\n\t<a href='?page_no=30348'>Next<\/a>\n\t<\/li>\n\n\n    \n\n<li><a href='?page_no=30473'>Last &rsaquo;&rsaquo;<\/a><\/li>\n\n<\/ul>\n\n\n--><br \/>\n<\/body><\/p>\n","protected":false},"excerpt":{"rendered":"<p>Siemens y Nokia recortar\u00e1n n\u00f3mina &#13; FRANCFORT.- El grupo industrial alem\u00e1n Siemens y el fabricante finland\u00e9s de m\u00f3viles Nokia recortar\u00e1n entre 10 y 15% de la plantilla inicial de 60 mil empleados que tendr\u00e1 la sociedad de riesgo compartido que han creado para gestionar redes de telecomunicaciones. &#13; &#13; El presidente de la empresa conjunta [&hellip;]<\/p>\n","protected":false},"author":3,"featured_media":0,"comment_status":"open","ping_status":"open","sticky":false,"template":"","format":"standard","meta":{"footnotes":""},"categories":[18],"tags":[],"class_list":["post-124467","post","type-post","status-publish","format-standard","hentry","category-economia"],"_links":{"self":[{"href":"https:\/\/diariodominicano.com\/index.php?rest_route=\/wp\/v2\/posts\/124467","targetHints":{"allow":["GET"]}}],"collection":[{"href":"https:\/\/diariodominicano.com\/index.php?rest_route=\/wp\/v2\/posts"}],"about":[{"href":"https:\/\/diariodominicano.com\/index.php?rest_route=\/wp\/v2\/types\/post"}],"author":[{"embeddable":true,"href":"https:\/\/diariodominicano.com\/index.php?rest_route=\/wp\/v2\/users\/3"}],"replies":[{"embeddable":true,"href":"https:\/\/diariodominicano.com\/index.php?rest_route=%2Fwp%2Fv2%2Fcomments&post=124467"}],"version-history":[{"count":0,"href":"https:\/\/diariodominicano.com\/index.php?rest_route=\/wp\/v2\/posts\/124467\/revisions"}],"wp:attachment":[{"href":"https:\/\/diariodominicano.com\/index.php?rest_route=%2Fwp%2Fv2%2Fmedia&parent=124467"}],"wp:term":[{"taxonomy":"category","embeddable":true,"href":"https:\/\/diariodominicano.com\/index.php?rest_route=%2Fwp%2Fv2%2Fcategories&post=124467"},{"taxonomy":"post_tag","embeddable":true,"href":"https:\/\/diariodominicano.com\/index.php?rest_route=%2Fwp%2Fv2%2Ftags&post=124467"}],"curies":[{"name":"wp","href":"https:\/\/api.w.org\/{rel}","templated":true}]}}