{"id":124455,"date":"2006-06-28T12:18:07","date_gmt":"2006-06-28T12:18:07","guid":{"rendered":"http:\/\/diariodominicano.ddns.net\/?p=124455"},"modified":"2006-06-28T12:18:07","modified_gmt":"2006-06-28T12:18:07","slug":"chile-y-panama-firman-tratado-de-libre-comercio","status":"publish","type":"post","link":"https:\/\/diariodominicano.com\/?p=124455","title":{"rendered":"Chile y Panam\u00e1 firman tratado de libre comercio"},"content":{"rendered":"<p><body><\/p>\n<p align=\"justify\" class=\"titulogrande1\"><strong>Chile y Panam\u00e1 firman  tratado de libre comercio<\/strong><\/p>\n<p>&#13;<\/p>\n<p align=\"justify\" class=\"text1noticias\">SANTIAGO DE CHILE \u00a0&#8212; Chile y Panam\u00e1 suscribieron este martes un  tratado de libre comercio (TLC) que abrir\u00e1 en un 98% el mercado chileno a los  productos paname\u00f1os, y en m\u00e1s de un 60% para los env\u00edos desde el pa\u00eds  sudamericano a esa naci\u00f3n centroamericana.<\/p>\n<p>&#13;<\/p>\n<p align=\"justify\" class=\"text1noticias\">Por Chile firm\u00f3 el canciller  Alejandro Foxley y por Panam\u00e1 el ministro e Comercio e Industria, Alejandro  Ferrer, en una ceremonia que fue precedida por un seminario sobre las ventajas  que tendr\u00e1n los empresarios chilenos para invertir en Panam\u00e1.<\/p>\n<p>&#13;<\/p>\n<p align=\"justify\" class=\"text1noticias\">El Primer Vicepresidente y  Canciller de Panam\u00e1, Samuel Lewis, presente en la ceremonia, dijo que por el  Canal pasan 140 rutas comerciales a distintas regiones del mundo, \u00abes un  tremendo incentivo para empresas peque\u00f1as y medianas de tener acceso a esos  destinos, diferentes a los tradicionales a los (que) han ido las exportaciones  chilenas\u00bb.<\/p>\n<p>&#13;<\/p>\n<p align=\"justify\" class=\"text1noticias\">\u00abLa mayor parte de los  productos tendr\u00e1n acceso libre de aranceles en ambos mercados, dentro de un  plazo m\u00e1ximo de 15 a\u00f1os en Panam\u00e1 y 10 a\u00f1os en Chile\u00bb, dijo una nota de la  canciller\u00eda.<br \/>&#13;<br \/>\n\u00a0  <br \/>&#13;<br \/>\n  El jefe de la Direcci\u00f3n General  de Relaciones Econ\u00f3micas Internacionales de la Canciller\u00eda, Carlos  Fourche, dijo a la AP  que \u00abm\u00e1s de dos tercios del comercio de Chile hacia Panam\u00e1 quedar\u00e1 sin  aranceles\u00bb.<\/p>\n<p>&#13;<\/p>\n<p align=\"justify\" class=\"text1noticias\">Fourche aclar\u00f3 que Chile, que  es el cuarto mayor usuario del Canal de Panam\u00e1, no obtiene ninguna ventaja  adicional por haber firmado el TLC con ese pa\u00eds.<\/p>\n<p>&#13;<\/p>\n<p align=\"justify\" class=\"text1noticias\">Para Foxley la suscripci\u00f3n  del TLC con Panam\u00e1 \u00abratifica nuestra voluntad pol\u00edtica por profundizar las  relaciones de Chile con Am\u00e9rica Latina\u00bb.<\/p>\n<p>&#13;<\/p>\n<p align=\"justify\" class=\"text1noticias\">El funcionario precis\u00f3 que  Chile tiene acuerdos de complementaci\u00f3n econ\u00f3mica con todos los pa\u00edses  sudamericanos y que con el convenio firmado el martes se completan los TLC con  Centroam\u00e9rica.<\/p>\n<p>&#13;<\/p>\n<p align=\"justify\" class=\"text1noticias\">Chile tiene, adem\u00e1s, TLC con  Estados Unidos, M\u00e9xico, Canad\u00e1, China, Corea del Sur y con los 25 pa\u00edses de la Uni\u00f3n Europea y  negocia con otro Jap\u00f3n.<\/p>\n<p>&#13;<\/p>\n<p align=\"justify\" class=\"text1noticias\">Foxley declar\u00f3 que \u00abpara  una econom\u00eda globalizada como lo es la chilena, el tener ese punto de apoyo  para de ah\u00ed irradiar hacia otros mercados, es una gran ventaja\u00bb.<\/p>\n<p>&#13;<\/p>\n<p align=\"justify\" class=\"text1noticias\">Lewis convers\u00f3 con Foxley la  posibilidad de que Chile establezca en Panam\u00e1 un centro de acopio y  distribuci\u00f3n de productos chilenos y que los barcos que regresan vac\u00edos a este  pa\u00eds, lo hagan con productos tropicales.<\/p>\n<p>&#13;<\/p>\n<p align=\"justify\" class=\"text1noticias\">El vicepresidente paname\u00f1o  tambi\u00e9n agradeci\u00f3 el apoyo de los gobiernos democr\u00e1ticos chilenos en temas como  gesti\u00f3n p\u00fablica y la agilizaci\u00f3n de tr\u00e1mites dentro de la estructura  burocr\u00e1tica de su naci\u00f3n.<\/p>\n<p>&#13;<\/p>\n<p align=\"justify\" class=\"text1noticias\">La balanza comercial  bilateral est\u00e1 balanceada completamente hacia el lado chileno. El 2005 Chile  export\u00f3 111,5 millones de d\u00f3lares a Panam\u00e1, y desde all\u00e1 se importaron  productos por 10,8 millones de d\u00f3lares.<\/p>\n<p>&#13;<\/p>\n<p align=\"justify\" class=\"text1noticias\">Chile env\u00eda productos de  cobre, vinos y tableros de madera, e importa redes de pesca, perfumes, aguas de  tocador, preparaciones para ex\u00e1menes radiol\u00f3gicos, radares, ron y lozas.<\/p>\n<p>&#13;<\/p>\n<p align=\"justify\" class=\"text1noticias\">Lewis se entrevist\u00f3 \u00a0con la presidenta Michell Bachelet, en el  palacio de La Moneda,  la sede de gobierno. Un par de horas antes la mandataria se reuni\u00f3 con el  vicepresidente de Uruguay, Rodolfo Nin Novoa.<\/p>\n<p>&#13;<\/p>\n<h6> 2006-06-28 12:18:07 <\/h6>\n<p><!--\n<link rel=\"stylesheet\" href=\"css\/bootstrap.min.css\">\n\n\n<ul class=\"pagination\">\n\t    \n\t\n\n<li >\n\t<a href='?page_no=30334'>Previous<\/a>\n\t<\/li>\n\n\n       \n    \n\n<li><a href='?page_no=1'>1<\/a><\/li>\n\n\n\n<li><a href='?page_no=2'>2<\/a><\/li>\n\n\n\n<li><a>...<\/a><\/li>\n\n\n\n<li><a href='?page_no=30333'>30333<\/a><\/li>\n\n\n\n<li><a href='?page_no=30334'>30334<\/a><\/li>\n\n\n\n<li class='active'><a>30335<\/a><\/li>\n\n\n\n<li><a href='?page_no=30336'>30336<\/a><\/li>\n\n\n\n<li><a href='?page_no=30337'>30337<\/a><\/li>\n\n\n\n<li><a>...<\/a><\/li>\n\n\n\n<li><a href='?page_no=30472'>30472<\/a><\/li>\n\n\n\n<li><a href='?page_no=30473'>30473<\/a><\/li>\n\n    \n\t\n\n<li >\n\t<a href='?page_no=30336'>Next<\/a>\n\t<\/li>\n\n\n    \n\n<li><a href='?page_no=30473'>Last &rsaquo;&rsaquo;<\/a><\/li>\n\n<\/ul>\n\n\n--><br \/>\n<\/body><\/p>\n","protected":false},"excerpt":{"rendered":"<p>Chile y Panam\u00e1 firman tratado de libre comercio &#13; SANTIAGO DE CHILE \u00a0&#8212; Chile y Panam\u00e1 suscribieron este martes un tratado de libre comercio (TLC) que abrir\u00e1 en un 98% el mercado chileno a los productos paname\u00f1os, y en m\u00e1s de un 60% para los env\u00edos desde el pa\u00eds sudamericano a esa naci\u00f3n centroamericana. &#13; [&hellip;]<\/p>\n","protected":false},"author":3,"featured_media":0,"comment_status":"open","ping_status":"open","sticky":false,"template":"","format":"standard","meta":{"footnotes":""},"categories":[18],"tags":[],"class_list":["post-124455","post","type-post","status-publish","format-standard","hentry","category-economia"],"_links":{"self":[{"href":"https:\/\/diariodominicano.com\/index.php?rest_route=\/wp\/v2\/posts\/124455","targetHints":{"allow":["GET"]}}],"collection":[{"href":"https:\/\/diariodominicano.com\/index.php?rest_route=\/wp\/v2\/posts"}],"about":[{"href":"https:\/\/diariodominicano.com\/index.php?rest_route=\/wp\/v2\/types\/post"}],"author":[{"embeddable":true,"href":"https:\/\/diariodominicano.com\/index.php?rest_route=\/wp\/v2\/users\/3"}],"replies":[{"embeddable":true,"href":"https:\/\/diariodominicano.com\/index.php?rest_route=%2Fwp%2Fv2%2Fcomments&post=124455"}],"version-history":[{"count":0,"href":"https:\/\/diariodominicano.com\/index.php?rest_route=\/wp\/v2\/posts\/124455\/revisions"}],"wp:attachment":[{"href":"https:\/\/diariodominicano.com\/index.php?rest_route=%2Fwp%2Fv2%2Fmedia&parent=124455"}],"wp:term":[{"taxonomy":"category","embeddable":true,"href":"https:\/\/diariodominicano.com\/index.php?rest_route=%2Fwp%2Fv2%2Fcategories&post=124455"},{"taxonomy":"post_tag","embeddable":true,"href":"https:\/\/diariodominicano.com\/index.php?rest_route=%2Fwp%2Fv2%2Ftags&post=124455"}],"curies":[{"name":"wp","href":"https:\/\/api.w.org\/{rel}","templated":true}]}}