{"id":124452,"date":"2006-06-29T10:58:43","date_gmt":"2006-06-29T10:58:43","guid":{"rendered":"http:\/\/diariodominicano.ddns.net\/?p=124452"},"modified":"2006-06-29T10:58:43","modified_gmt":"2006-06-29T10:58:43","slug":"bid-aprueba-us-90-millones-a-ecuador-para-aseguramiento-universal-de-salud","status":"publish","type":"post","link":"https:\/\/diariodominicano.com\/?p=124452","title":{"rendered":"BID aprueba US$ 90 millones a Ecuador para aseguramiento universal de salud"},"content":{"rendered":"<p><body><\/p>\n<p align=\"justify\" class=\"titulogrande1\"><strong>BID aprueba US$ 90 millones a Ecuador para aseguramiento universal  de salud<\/strong> <\/p>\n<p>&#13;<\/p>\n<p align=\"justify\" class=\"text1noticias\">WASHINGTON.-  El Banco Interamericano de Desarrollo anunci\u00f3 el mi\u00e9rcoles \u00a0la aprobaci\u00f3n de un pr\u00e9stamo de 90 millones de  d\u00f3lares a Ecuador para un proyecto de aseguramiento universal de salud que  comenzar\u00e1 por cubrir a la poblaci\u00f3n m\u00e1s pobre del pa\u00eds. <br \/>&#13;<br \/>\n  <br \/>&#13;<br \/>\n  Si  bien las condiciones de salud de Ecuador han mejorado en d\u00e9cadas recientes, a\u00fan  persisten profundas desigualdades relacionadas con niveles de ingresos,  educaci\u00f3n, origen racial y ubicaci\u00f3n geogr\u00e1fica. Los peores indicadores se  registran en comunidades ind\u00edgenas, debido a barreras econ\u00f3micas y culturales,  falta de medicinas y baja calidad de servicios. <br \/>&#13;<br \/>\n  <br \/>&#13;<br \/>\n  El  proyecto ecuatoriano, conocido por la sigla PRO-AUS, ser\u00e1 ejecutado por la Secretar\u00eda  Nacional de los Objetivos de Desarrollo del Milenio (SODEM) y el Ministerio de  Salud P\u00fablica. La iniciativa recoge lecciones de programas de aseguramiento  universal de salud financiados por el BID en Colombia y Per\u00fa, donde se  presentaban problemas similares a los que enfrenta Ecuador. <br \/>&#13;<br \/>\n  <br \/>&#13;<br \/>\n  En  su primera etapa el PRO-AUS mejorar\u00e1 la calidad de los servicios de salud para  personas en los dos quintiles de menores ingresos de la poblaci\u00f3n ecuatoriana.  En etapas subsiguientes se ampliar\u00e1 la cobertura para incorporar a otras  personas de escasos recursos y a trabajadores independientes. <br \/>&#13;<br \/>\n  <br \/>&#13;<br \/>\n  El  proyecto desarrollar\u00e1 un enfoque intercultural para superar las barreras para  las poblaciones ind\u00edgenas y afroecuatorianas; un sistema de licenciamiento y  acreditaci\u00f3n de proveedores; un sistema de gesti\u00f3n de calidad de suministros y  medicinas y mejoras en la red de proveedores p\u00fablicos. <br \/>&#13;<br \/>\n  <br \/>&#13;<br \/>\n  Los  asegurados tendr\u00e1n un plan de beneficios que incluye prestaciones como la  promoci\u00f3n de salud, prevenci\u00f3n colectiva e individual y servicios curativos.  Los proveedores, que podr\u00e1n ser p\u00fablicos, mutuales o privados, recibir\u00e1n pagos  por servicios prestados y casos resueltos, m\u00e1s incentivos por el logro de metas  de calidad. <br \/>&#13;<br \/>\n  <br \/>&#13;<br \/>\n  El  PRO-AUS se llevar\u00e1 adelante con un criterio de enfoque sectorial amplio, donde  se coordinar\u00e1 el apoyo del BID con el del Banco Mundial, que ya ha aprobado un  pr\u00e9stamo de 90 millones de d\u00f3lares para la iniciativa. <br \/>&#13;<br \/>\n  <br \/>&#13;<br \/>\n  El  nuevo proyecto se complementa adem\u00e1s con el Bono de Desarrollo Humano, un  programa nacional de transferencias condicionadas para alentar a las familias  pobres de Ecuador a mejorar la salud de sus hijos y mantenerlos en la escuela. <br \/>&#13;<br \/>\n  <br \/>&#13;<br \/>\n  El  pr\u00e9stamo para esta operaci\u00f3n fue otorgado a un plazo de 25 a\u00f1os, con cuatro  a\u00f1os de gracia y una tasa de inter\u00e9s variable basada en LIBOR. El costo de los  intereses ser\u00e1 cubierto parcialmente con recursos del Fondo de Financiamiento  Intermedio del BID. <\/p>\n<p>&#13;<\/p>\n<h6> 2006-06-29 10:58:43 <\/h6>\n<p><!--\n<link rel=\"stylesheet\" href=\"css\/bootstrap.min.css\">\n\n\n<ul class=\"pagination\">\n\t    \n\t\n\n<li >\n\t<a href='?page_no=30331'>Previous<\/a>\n\t<\/li>\n\n\n       \n    \n\n<li><a href='?page_no=1'>1<\/a><\/li>\n\n\n\n<li><a href='?page_no=2'>2<\/a><\/li>\n\n\n\n<li><a>...<\/a><\/li>\n\n\n\n<li><a href='?page_no=30330'>30330<\/a><\/li>\n\n\n\n<li><a href='?page_no=30331'>30331<\/a><\/li>\n\n\n\n<li class='active'><a>30332<\/a><\/li>\n\n\n\n<li><a href='?page_no=30333'>30333<\/a><\/li>\n\n\n\n<li><a href='?page_no=30334'>30334<\/a><\/li>\n\n\n\n<li><a>...<\/a><\/li>\n\n\n\n<li><a href='?page_no=30472'>30472<\/a><\/li>\n\n\n\n<li><a href='?page_no=30473'>30473<\/a><\/li>\n\n    \n\t\n\n<li >\n\t<a href='?page_no=30333'>Next<\/a>\n\t<\/li>\n\n\n    \n\n<li><a href='?page_no=30473'>Last &rsaquo;&rsaquo;<\/a><\/li>\n\n<\/ul>\n\n\n--><br \/>\n<\/body><\/p>\n","protected":false},"excerpt":{"rendered":"<p>BID aprueba US$ 90 millones a Ecuador para aseguramiento universal de salud &#13; WASHINGTON.- El Banco Interamericano de Desarrollo anunci\u00f3 el mi\u00e9rcoles \u00a0la aprobaci\u00f3n de un pr\u00e9stamo de 90 millones de d\u00f3lares a Ecuador para un proyecto de aseguramiento universal de salud que comenzar\u00e1 por cubrir a la poblaci\u00f3n m\u00e1s pobre del pa\u00eds. &#13; &#13; [&hellip;]<\/p>\n","protected":false},"author":3,"featured_media":0,"comment_status":"open","ping_status":"open","sticky":false,"template":"","format":"standard","meta":{"footnotes":""},"categories":[18],"tags":[],"class_list":["post-124452","post","type-post","status-publish","format-standard","hentry","category-economia"],"_links":{"self":[{"href":"https:\/\/diariodominicano.com\/index.php?rest_route=\/wp\/v2\/posts\/124452","targetHints":{"allow":["GET"]}}],"collection":[{"href":"https:\/\/diariodominicano.com\/index.php?rest_route=\/wp\/v2\/posts"}],"about":[{"href":"https:\/\/diariodominicano.com\/index.php?rest_route=\/wp\/v2\/types\/post"}],"author":[{"embeddable":true,"href":"https:\/\/diariodominicano.com\/index.php?rest_route=\/wp\/v2\/users\/3"}],"replies":[{"embeddable":true,"href":"https:\/\/diariodominicano.com\/index.php?rest_route=%2Fwp%2Fv2%2Fcomments&post=124452"}],"version-history":[{"count":0,"href":"https:\/\/diariodominicano.com\/index.php?rest_route=\/wp\/v2\/posts\/124452\/revisions"}],"wp:attachment":[{"href":"https:\/\/diariodominicano.com\/index.php?rest_route=%2Fwp%2Fv2%2Fmedia&parent=124452"}],"wp:term":[{"taxonomy":"category","embeddable":true,"href":"https:\/\/diariodominicano.com\/index.php?rest_route=%2Fwp%2Fv2%2Fcategories&post=124452"},{"taxonomy":"post_tag","embeddable":true,"href":"https:\/\/diariodominicano.com\/index.php?rest_route=%2Fwp%2Fv2%2Ftags&post=124452"}],"curies":[{"name":"wp","href":"https:\/\/api.w.org\/{rel}","templated":true}]}}